{"id":17674,"date":"2018-05-08T14:37:26","date_gmt":"2018-05-08T14:37:26","guid":{"rendered":"https:\/\/www.achimbrueckner.de\/dxradio\/php\/wordpress\/?p=17674"},"modified":"2018-05-08T14:37:26","modified_gmt":"2018-05-08T14:37:26","slug":"schweizer-radio-verbande-und-srg-ssr-geben-grunes-licht-fur-swiss-radioplayer","status":"publish","type":"post","link":"https:\/\/www.achimbrueckner.de\/dxradio\/php\/wordpress\/?p=17674","title":{"rendered":"Schweizer Radio-Verb\u00e4nde und SRG SSR geben gr\u00fcnes Licht f\u00fcr \u00abSwiss Radioplayer\u00bb"},"content":{"rendered":"<p><a href=\"https:\/\/www.srgssr.ch\/de\/news-medien\/news\/schweizer-radio-verbaende-und-srg-ssr-geben-gruenes-licht-fuer-swiss-radioplayer\/\" rel=\"noopener\" target=\"_blank\">https:\/\/www.srgssr.ch\/de\/news-medien\/news\/schweizer-radio-verbaende-und-srg-ssr-geben-gruenes-licht-fuer-swiss-radioplayer\/<\/a><\/p>\n","protected":false},"excerpt":{"rendered":"<p>https:\/\/www.srgssr.ch\/de\/news-medien\/news\/schweizer-radio-verbaende-und-srg-ssr-geben-gruenes-licht-fuer-swiss-radioplayer\/<\/p>\n","protected":false},"author":1,"featured_media":0,"comment_status":"closed","ping_status":"open","sticky":false,"template":"","format":"standard","meta":{"_jetpack_memberships_contains_paid_content":false,"footnotes":"","jetpack_publicize_message":"","jetpack_publicize_feature_enabled":true,"jetpack_social_post_already_shared":true,"jetpack_social_options":{"image_generator_settings":{"template":"highway","default_image_id":0,"font":"","enabled":false},"version":2}},"categories":[1,15],"tags":[45],"class_list":["post-17674","post","type-post","status-publish","format-standard","hentry","category-deutsch","category-medien","tag-medien"],"jetpack_publicize_connections":[],"jetpack_featured_media_url":"","jetpack_sharing_enabled":true,"jetpack_shortlink":"https:\/\/wp.me\/p5CDmr-4B4","jetpack-related-posts":[{"id":25843,"url":"https:\/\/www.achimbrueckner.de\/dxradio\/php\/wordpress\/?p=25843","url_meta":{"origin":17674,"position":0},"title":"Swiss Radioplayer Aufbau einer Schweizer Podcast-Plattform","author":"Administrator","date":"November 19, 2019","format":false,"excerpt":"https:\/\/www.persoenlich.com\/medien\/aufbau-einer-schweizer-podcast-plattform","rel":"","context":"In &quot;Deutsch&quot;","block_context":{"text":"Deutsch","link":"https:\/\/www.achimbrueckner.de\/dxradio\/php\/wordpress\/?cat=1"},"img":{"alt_text":"","src":"","width":0,"height":0},"classes":[]},{"id":8171,"url":"https:\/\/www.achimbrueckner.de\/dxradio\/php\/wordpress\/?p=8171","url_meta":{"origin":17674,"position":1},"title":"Schweizer SRG SSR bereitet sich auf UKW-Abschaltung vor","author":"Administrator","date":"April 29, 2016","format":false,"excerpt":"http:\/\/www.digitalfernsehen.de\/Schweizer-SRG-SSR-bereitet-sich-auf-UKW-Abschaltung-vor.139090.0.html","rel":"","context":"In &quot;Deutsch&quot;","block_context":{"text":"Deutsch","link":"https:\/\/www.achimbrueckner.de\/dxradio\/php\/wordpress\/?cat=1"},"img":{"alt_text":"","src":"","width":0,"height":0},"classes":[]},{"id":21332,"url":"https:\/\/www.achimbrueckner.de\/dxradio\/php\/wordpress\/?p=21332","url_meta":{"origin":17674,"position":2},"title":"Swiss Radio Pop: SRG pr\u00fcft Angebote von Interessenten","author":"Administrator","date":"February 5, 2019","format":false,"excerpt":"https:\/\/www.nzz.ch\/feuilleton\/medien\/swiss-radio-pop-srg-prueft-angebote-von-interessenten-ld.1457435","rel":"","context":"In &quot;Deutsch&quot;","block_context":{"text":"Deutsch","link":"https:\/\/www.achimbrueckner.de\/dxradio\/php\/wordpress\/?cat=1"},"img":{"alt_text":"","src":"","width":0,"height":0},"classes":[]},{"id":11362,"url":"https:\/\/www.achimbrueckner.de\/dxradio\/php\/wordpress\/?p=11362","url_meta":{"origin":17674,"position":3},"title":"Gehen im Schweizer Rundfunk bald die Lichter aus?","author":"Administrator","date":"December 13, 2016","format":false,"excerpt":"http:\/\/www.faz.net\/aktuell\/feuilleton\/medien\/schweizer-rundfunk-gehen-beim-srg-bald-die-lichter-aus-14571330.html","rel":"","context":"In &quot;Deutsch&quot;","block_context":{"text":"Deutsch","link":"https:\/\/www.achimbrueckner.de\/dxradio\/php\/wordpress\/?cat=1"},"img":{"alt_text":"","src":"","width":0,"height":0},"classes":[]},{"id":31588,"url":"https:\/\/www.achimbrueckner.de\/dxradio\/php\/wordpress\/?p=31588","url_meta":{"origin":17674,"position":4},"title":"SRG \u00dcbergabe von Radio Swiss Pop verz\u00f6gert sich","author":"Administrator","date":"January 10, 2021","format":false,"excerpt":"https:\/\/www.persoenlich.com\/medien\/ubergabe-von-radio-swiss-pop-verzogert-sich","rel":"","context":"In &quot;Deutsch&quot;","block_context":{"text":"Deutsch","link":"https:\/\/www.achimbrueckner.de\/dxradio\/php\/wordpress\/?cat=1"},"img":{"alt_text":"","src":"","width":0,"height":0},"classes":[]},{"id":25329,"url":"https:\/\/www.achimbrueckner.de\/dxradio\/php\/wordpress\/?p=25329","url_meta":{"origin":17674,"position":5},"title":"Kommt die Swiss ID als gemeinsames Medien-Login der Schweizer Verlage?","author":"Administrator","date":"October 15, 2019","format":false,"excerpt":"https:\/\/medienwoche.ch\/2019\/10\/15\/kommt-die-swiss-id-als-gemeinsames-medien-login-der-schweizer-verlage\/","rel":"","context":"In &quot;Deutsch&quot;","block_context":{"text":"Deutsch","link":"https:\/\/www.achimbrueckner.de\/dxradio\/php\/wordpress\/?cat=1"},"img":{"alt_text":"","src":"","width":0,"height":0},"classes":[]}],"_links":{"self":[{"href":"https:\/\/www.achimbrueckner.de\/dxradio\/php\/wordpress\/index.php?rest_route=\/wp\/v2\/posts\/17674","targetHints":{"allow":["GET"]}}],"collection":[{"href":"https:\/\/www.achimbrueckner.de\/dxradio\/php\/wordpress\/index.php?rest_route=\/wp\/v2\/posts"}],"about":[{"href":"https:\/\/www.achimbrueckner.de\/dxradio\/php\/wordpress\/index.php?rest_route=\/wp\/v2\/types\/post"}],"author":[{"embeddable":true,"href":"https:\/\/www.achimbrueckner.de\/dxradio\/php\/wordpress\/index.php?rest_route=\/wp\/v2\/users\/1"}],"replies":[{"embeddable":true,"href":"https:\/\/www.achimbrueckner.de\/dxradio\/php\/wordpress\/index.php?rest_route=%2Fwp%2Fv2%2Fcomments&post=17674"}],"version-history":[{"count":0,"href":"https:\/\/www.achimbrueckner.de\/dxradio\/php\/wordpress\/index.php?rest_route=\/wp\/v2\/posts\/17674\/revisions"}],"wp:attachment":[{"href":"https:\/\/www.achimbrueckner.de\/dxradio\/php\/wordpress\/index.php?rest_route=%2Fwp%2Fv2%2Fmedia&parent=17674"}],"wp:term":[{"taxonomy":"category","embeddable":true,"href":"https:\/\/www.achimbrueckner.de\/dxradio\/php\/wordpress\/index.php?rest_route=%2Fwp%2Fv2%2Fcategories&post=17674"},{"taxonomy":"post_tag","embeddable":true,"href":"https:\/\/www.achimbrueckner.de\/dxradio\/php\/wordpress\/index.php?rest_route=%2Fwp%2Fv2%2Ftags&post=17674"}],"curies":[{"name":"wp","href":"https:\/\/api.w.org\/{rel}","templated":true}]}}