{"id":17677,"date":"2018-05-09T11:52:11","date_gmt":"2018-05-09T11:52:11","guid":{"rendered":"https:\/\/www.achimbrueckner.de\/dxradio\/php\/wordpress\/?p=17677"},"modified":"2018-05-09T11:52:11","modified_gmt":"2018-05-09T11:52:11","slug":"tv-kabelnetz-vodafone-ubernimmt-unitymedia","status":"publish","type":"post","link":"https:\/\/www.achimbrueckner.de\/dxradio\/php\/wordpress\/?p=17677","title":{"rendered":"TV-KABELNETZ: Vodafone \u00fcbernimmt Unitymedia"},"content":{"rendered":"<p><a href=\"https:\/\/www.golem.de\/news\/tv-kabelnetz-vodafone-uebernimmt-unitymedia-1805-134274.html\" rel=\"noopener\" target=\"_blank\">https:\/\/www.golem.de\/news\/tv-kabelnetz-vodafone-uebernimmt-unitymedia-1805-134274.html<\/a><\/p>\n","protected":false},"excerpt":{"rendered":"<p>https:\/\/www.golem.de\/news\/tv-kabelnetz-vodafone-uebernimmt-unitymedia-1805-134274.html<\/p>\n","protected":false},"author":1,"featured_media":0,"comment_status":"closed","ping_status":"open","sticky":false,"template":"","format":"standard","meta":{"_jetpack_memberships_contains_paid_content":false,"footnotes":"","jetpack_publicize_message":"","jetpack_publicize_feature_enabled":true,"jetpack_social_post_already_shared":true,"jetpack_social_options":{"image_generator_settings":{"template":"highway","default_image_id":0,"font":"","enabled":false},"version":2}},"categories":[1,17],"tags":[46],"class_list":["post-17677","post","type-post","status-publish","format-standard","hentry","category-deutsch","category-media","tag-media"],"jetpack_publicize_connections":[],"jetpack_featured_media_url":"","jetpack_sharing_enabled":true,"jetpack_shortlink":"https:\/\/wp.me\/p5CDmr-4B7","jetpack-related-posts":[{"id":17449,"url":"https:\/\/www.achimbrueckner.de\/dxradio\/php\/wordpress\/?p=17449","url_meta":{"origin":17677,"position":0},"title":"TV-KABELNETZ: \u00dcbernahme von Unitymedia durch Vodafone steht kurz bevor","author":"Administrator","date":"April 22, 2018","format":false,"excerpt":"https:\/\/www.golem.de\/news\/tv-kabelnetz-uebernahme-von-unitymedia-durch-vodafone-steht-kurz-bevor-1804-133986.html","rel":"","context":"In &quot;Deutsch&quot;","block_context":{"text":"Deutsch","link":"https:\/\/www.achimbrueckner.de\/dxradio\/php\/wordpress\/?cat=1"},"img":{"alt_text":"","src":"","width":0,"height":0},"classes":[]},{"id":17216,"url":"https:\/\/www.achimbrueckner.de\/dxradio\/php\/wordpress\/?p=17216","url_meta":{"origin":17677,"position":1},"title":"Neue Radio- und TV-Programme bei Unitymedia &#038; Vodafone","author":"Administrator","date":"April 4, 2018","format":false,"excerpt":"https:\/\/www.teltarif.de\/ard-zdf-unitymedia-vodafone-einigung\/news\/72188.html","rel":"","context":"In &quot;Deutsch&quot;","block_context":{"text":"Deutsch","link":"https:\/\/www.achimbrueckner.de\/dxradio\/php\/wordpress\/?cat=1"},"img":{"alt_text":"","src":"","width":0,"height":0},"classes":[]},{"id":17700,"url":"https:\/\/www.achimbrueckner.de\/dxradio\/php\/wordpress\/?p=17700","url_meta":{"origin":17677,"position":2},"title":"Vodafone will Kabelanbieter Unitymedia \u00fcbernehmen","author":"Administrator","date":"May 10, 2018","format":false,"excerpt":"http:\/\/www.stimme.de\/deutschland-welt\/wirtschaft\/wt\/Vodafone-will-Kabelanbieter-Unitymedia-uebernehmen;art270,4025158","rel":"","context":"In &quot;Deutsch&quot;","block_context":{"text":"Deutsch","link":"https:\/\/www.achimbrueckner.de\/dxradio\/php\/wordpress\/?cat=1"},"img":{"alt_text":"","src":"","width":0,"height":0},"classes":[]},{"id":23872,"url":"https:\/\/www.achimbrueckner.de\/dxradio\/php\/wordpress\/?p=23872","url_meta":{"origin":17677,"position":3},"title":"Gr\u00fcnes Licht aus Br\u00fcssel: Vodafone darf Unitymedia \u00fcbernehmen","author":"Administrator","date":"July 18, 2019","format":false,"excerpt":"https:\/\/www.heise.de\/newsticker\/meldung\/Gruenes-Licht-aus-Bruessel-Vodafone-darf-Unitymedia-uebernehmen-4474398.html","rel":"","context":"In &quot;Deutsch&quot;","block_context":{"text":"Deutsch","link":"https:\/\/www.achimbrueckner.de\/dxradio\/php\/wordpress\/?cat=1"},"img":{"alt_text":"","src":"","width":0,"height":0},"classes":[]},{"id":34423,"url":"https:\/\/www.achimbrueckner.de\/dxradio\/php\/wordpress\/?p=34423","url_meta":{"origin":17677,"position":4},"title":"Vodafone \u00e4ndert Kabel-TV-Frequen\u00adzen: Sendersuchlauf n\u00f6tig","author":"Administrator","date":"January 15, 2022","format":false,"excerpt":"https:\/\/www.teltarif.de\/vodafone-tv-kabelnetz-frequenzen\/news\/86918.html","rel":"","context":"In &quot;Deutsch&quot;","block_context":{"text":"Deutsch","link":"https:\/\/www.achimbrueckner.de\/dxradio\/php\/wordpress\/?cat=1"},"img":{"alt_text":"","src":"","width":0,"height":0},"classes":[]},{"id":32558,"url":"https:\/\/www.achimbrueckner.de\/dxradio\/php\/wordpress\/?p=32558","url_meta":{"origin":17677,"position":5},"title":"Vodafone schaltet UKW-Radio im Kabelnetz ab","author":"Administrator","date":"April 24, 2021","format":false,"excerpt":"https:\/\/www.teltarif.de\/vodafone-kabelnetz-ukw-abschaltung\/news\/84238.html","rel":"","context":"In &quot;Deutsch&quot;","block_context":{"text":"Deutsch","link":"https:\/\/www.achimbrueckner.de\/dxradio\/php\/wordpress\/?cat=1"},"img":{"alt_text":"","src":"","width":0,"height":0},"classes":[]}],"_links":{"self":[{"href":"https:\/\/www.achimbrueckner.de\/dxradio\/php\/wordpress\/index.php?rest_route=\/wp\/v2\/posts\/17677","targetHints":{"allow":["GET"]}}],"collection":[{"href":"https:\/\/www.achimbrueckner.de\/dxradio\/php\/wordpress\/index.php?rest_route=\/wp\/v2\/posts"}],"about":[{"href":"https:\/\/www.achimbrueckner.de\/dxradio\/php\/wordpress\/index.php?rest_route=\/wp\/v2\/types\/post"}],"author":[{"embeddable":true,"href":"https:\/\/www.achimbrueckner.de\/dxradio\/php\/wordpress\/index.php?rest_route=\/wp\/v2\/users\/1"}],"replies":[{"embeddable":true,"href":"https:\/\/www.achimbrueckner.de\/dxradio\/php\/wordpress\/index.php?rest_route=%2Fwp%2Fv2%2Fcomments&post=17677"}],"version-history":[{"count":0,"href":"https:\/\/www.achimbrueckner.de\/dxradio\/php\/wordpress\/index.php?rest_route=\/wp\/v2\/posts\/17677\/revisions"}],"wp:attachment":[{"href":"https:\/\/www.achimbrueckner.de\/dxradio\/php\/wordpress\/index.php?rest_route=%2Fwp%2Fv2%2Fmedia&parent=17677"}],"wp:term":[{"taxonomy":"category","embeddable":true,"href":"https:\/\/www.achimbrueckner.de\/dxradio\/php\/wordpress\/index.php?rest_route=%2Fwp%2Fv2%2Fcategories&post=17677"},{"taxonomy":"post_tag","embeddable":true,"href":"https:\/\/www.achimbrueckner.de\/dxradio\/php\/wordpress\/index.php?rest_route=%2Fwp%2Fv2%2Ftags&post=17677"}],"curies":[{"name":"wp","href":"https:\/\/api.w.org\/{rel}","templated":true}]}}