{"id":17702,"date":"2018-05-10T09:18:34","date_gmt":"2018-05-10T09:18:34","guid":{"rendered":"https:\/\/www.achimbrueckner.de\/dxradio\/php\/wordpress\/?p=17702"},"modified":"2018-05-10T09:18:34","modified_gmt":"2018-05-10T09:18:34","slug":"milaco-gmbh-steigt-aus-ukw-geschaft-aus","status":"publish","type":"post","link":"https:\/\/www.achimbrueckner.de\/dxradio\/php\/wordpress\/?p=17702","title":{"rendered":"Milaco GmbH steigt aus UKW-Gesch\u00e4ft aus"},"content":{"rendered":"<p><a href=\"http:\/\/www.radioszene.de\/122079\/milaco-gmbh-ukw-antennen.html\" rel=\"noopener\" target=\"_blank\">http:\/\/www.radioszene.de\/122079\/milaco-gmbh-ukw-antennen.html<\/a><\/p>\n","protected":false},"excerpt":{"rendered":"<p>http:\/\/www.radioszene.de\/122079\/milaco-gmbh-ukw-antennen.html<\/p>\n","protected":false},"author":1,"featured_media":0,"comment_status":"closed","ping_status":"open","sticky":false,"template":"","format":"standard","meta":{"_jetpack_memberships_contains_paid_content":false,"footnotes":"","jetpack_publicize_message":"","jetpack_publicize_feature_enabled":true,"jetpack_social_post_already_shared":true,"jetpack_social_options":{"image_generator_settings":{"template":"highway","default_image_id":0,"font":"","enabled":false},"version":2}},"categories":[1,16],"tags":[41,27],"class_list":["post-17702","post","type-post","status-publish","format-standard","hentry","category-deutsch","category-radioszene","tag-radioszene","tag-ukw"],"jetpack_publicize_connections":[],"jetpack_featured_media_url":"","jetpack_sharing_enabled":true,"jetpack_shortlink":"https:\/\/wp.me\/p5CDmr-4Bw","jetpack-related-posts":[{"id":16199,"url":"https:\/\/www.achimbrueckner.de\/dxradio\/php\/wordpress\/?p=16199","url_meta":{"origin":17702,"position":0},"title":"Milaco GmbH soll UKW-Antennen von Media Broadcast gekauft haben\u2028","author":"Administrator","date":"January 18, 2018","format":false,"excerpt":"http:\/\/www.radioszene.de\/117256\/milaco-ukw-antennen.html","rel":"","context":"In &quot;Deutsch&quot;","block_context":{"text":"Deutsch","link":"https:\/\/www.achimbrueckner.de\/dxradio\/php\/wordpress\/?cat=1"},"img":{"alt_text":"","src":"","width":0,"height":0},"classes":[]},{"id":17716,"url":"https:\/\/www.achimbrueckner.de\/dxradio\/php\/wordpress\/?p=17716","url_meta":{"origin":17702,"position":1},"title":"Neue Eskalation im UKW-Antennenstreit: Milaco steigt aus","author":"Administrator","date":"May 11, 2018","format":false,"excerpt":"https:\/\/www.teltarif.de\/ukw-antennen-streit-regulierung-milaco\/news\/72585.html","rel":"","context":"In &quot;Deutsch&quot;","block_context":{"text":"Deutsch","link":"https:\/\/www.achimbrueckner.de\/dxradio\/php\/wordpress\/?cat=1"},"img":{"alt_text":"","src":"","width":0,"height":0},"classes":[]},{"id":13576,"url":"https:\/\/www.achimbrueckner.de\/dxradio\/php\/wordpress\/?p=13576","url_meta":{"origin":17702,"position":2},"title":"MEDIA BROADCAST beginnt mit Verkauf ihrer UKW-Anlagen","author":"Administrator","date":"July 1, 2017","format":false,"excerpt":"http:\/\/www.radioszene.de\/107769\/media-broadcast-belgravia-mit-dem-verkauf-radiosender-antennen.html","rel":"","context":"In &quot;Deutsch&quot;","block_context":{"text":"Deutsch","link":"https:\/\/www.achimbrueckner.de\/dxradio\/php\/wordpress\/?cat=1"},"img":{"alt_text":"","src":"","width":0,"height":0},"classes":[]},{"id":32519,"url":"https:\/\/www.achimbrueckner.de\/dxradio\/php\/wordpress\/?p=32519","url_meta":{"origin":17702,"position":3},"title":"UKW-Sender in Mittenwald wird aus wirtschaftlichen Gr\u00fcnden abgeschaltet","author":"Administrator","date":"April 19, 2021","format":false,"excerpt":"https:\/\/www.radioszene.de\/153825\/ukw-frequenz-mittenwald.html","rel":"","context":"In &quot;Deutsch&quot;","block_context":{"text":"Deutsch","link":"https:\/\/www.achimbrueckner.de\/dxradio\/php\/wordpress\/?cat=1"},"img":{"alt_text":"","src":"","width":0,"height":0},"classes":[]},{"id":21302,"url":"https:\/\/www.achimbrueckner.de\/dxradio\/php\/wordpress\/?p=21302","url_meta":{"origin":17702,"position":4},"title":"Schleswig-Holstein schreibt UKW-Kapazit\u00e4ten f\u00fcr f\u00fcnf Radioprogramme aus","author":"Administrator","date":"February 4, 2019","format":false,"excerpt":"https:\/\/www.radioszene.de\/130042\/schleswig-holstein-ukw-radioprogramme.html","rel":"","context":"In &quot;Deutsch&quot;","block_context":{"text":"Deutsch","link":"https:\/\/www.achimbrueckner.de\/dxradio\/php\/wordpress\/?cat=1"},"img":{"alt_text":"","src":"","width":0,"height":0},"classes":[]},{"id":21252,"url":"https:\/\/www.achimbrueckner.de\/dxradio\/php\/wordpress\/?p=21252","url_meta":{"origin":17702,"position":5},"title":"Radio Saarschleifenland strahlt \u201cRSL\u201d nun komplett mit eigenen UKW-Sendern aus","author":"Administrator","date":"January 31, 2019","format":false,"excerpt":"https:\/\/www.radioszene.de\/129852\/radio-saarschleifenland-ukw-sender.html","rel":"","context":"In &quot;Deutsch&quot;","block_context":{"text":"Deutsch","link":"https:\/\/www.achimbrueckner.de\/dxradio\/php\/wordpress\/?cat=1"},"img":{"alt_text":"","src":"","width":0,"height":0},"classes":[]}],"_links":{"self":[{"href":"https:\/\/www.achimbrueckner.de\/dxradio\/php\/wordpress\/index.php?rest_route=\/wp\/v2\/posts\/17702","targetHints":{"allow":["GET"]}}],"collection":[{"href":"https:\/\/www.achimbrueckner.de\/dxradio\/php\/wordpress\/index.php?rest_route=\/wp\/v2\/posts"}],"about":[{"href":"https:\/\/www.achimbrueckner.de\/dxradio\/php\/wordpress\/index.php?rest_route=\/wp\/v2\/types\/post"}],"author":[{"embeddable":true,"href":"https:\/\/www.achimbrueckner.de\/dxradio\/php\/wordpress\/index.php?rest_route=\/wp\/v2\/users\/1"}],"replies":[{"embeddable":true,"href":"https:\/\/www.achimbrueckner.de\/dxradio\/php\/wordpress\/index.php?rest_route=%2Fwp%2Fv2%2Fcomments&post=17702"}],"version-history":[{"count":0,"href":"https:\/\/www.achimbrueckner.de\/dxradio\/php\/wordpress\/index.php?rest_route=\/wp\/v2\/posts\/17702\/revisions"}],"wp:attachment":[{"href":"https:\/\/www.achimbrueckner.de\/dxradio\/php\/wordpress\/index.php?rest_route=%2Fwp%2Fv2%2Fmedia&parent=17702"}],"wp:term":[{"taxonomy":"category","embeddable":true,"href":"https:\/\/www.achimbrueckner.de\/dxradio\/php\/wordpress\/index.php?rest_route=%2Fwp%2Fv2%2Fcategories&post=17702"},{"taxonomy":"post_tag","embeddable":true,"href":"https:\/\/www.achimbrueckner.de\/dxradio\/php\/wordpress\/index.php?rest_route=%2Fwp%2Fv2%2Ftags&post=17702"}],"curies":[{"name":"wp","href":"https:\/\/api.w.org\/{rel}","templated":true}]}}