{"id":17708,"date":"2018-05-10T16:05:42","date_gmt":"2018-05-10T16:05:42","guid":{"rendered":"https:\/\/www.achimbrueckner.de\/dxradio\/php\/wordpress\/?p=17708"},"modified":"2018-05-10T16:05:42","modified_gmt":"2018-05-10T16:05:42","slug":"erf-medien-legt-digital-zu","status":"publish","type":"post","link":"https:\/\/www.achimbrueckner.de\/dxradio\/php\/wordpress\/?p=17708","title":{"rendered":"ERF Medien legt digital zu"},"content":{"rendered":"<p><a href=\"https:\/\/www.pro-medienmagazin.de\/medien\/journalismus\/2018\/05\/09\/erf-medien-legt-digital-zu\/\" rel=\"noopener\" target=\"_blank\">https:\/\/www.pro-medienmagazin.de\/medien\/journalismus\/2018\/05\/09\/erf-medien-legt-digital-zu\/<\/a><\/p>\n","protected":false},"excerpt":{"rendered":"<p>https:\/\/www.pro-medienmagazin.de\/medien\/journalismus\/2018\/05\/09\/erf-medien-legt-digital-zu\/<\/p>\n","protected":false},"author":1,"featured_media":0,"comment_status":"closed","ping_status":"open","sticky":false,"template":"","format":"standard","meta":{"_jetpack_memberships_contains_paid_content":false,"footnotes":"","jetpack_publicize_message":"","jetpack_publicize_feature_enabled":true,"jetpack_social_post_already_shared":true,"jetpack_social_options":{"image_generator_settings":{"template":"highway","default_image_id":0,"font":"","enabled":false},"version":2}},"categories":[1,15],"tags":[45],"class_list":["post-17708","post","type-post","status-publish","format-standard","hentry","category-deutsch","category-medien","tag-medien"],"jetpack_publicize_connections":[],"jetpack_featured_media_url":"","jetpack_sharing_enabled":true,"jetpack_shortlink":"https:\/\/wp.me\/p5CDmr-4BC","jetpack-related-posts":[{"id":25382,"url":"https:\/\/www.achimbrueckner.de\/dxradio\/php\/wordpress\/?p=25382","url_meta":{"origin":17708,"position":0},"title":"60 Jahre ERF Medien: Ampelm\u00e4nnchen mit guter Botschaft","author":"Administrator","date":"October 18, 2019","format":false,"excerpt":"https:\/\/www.pro-medienmagazin.de\/medien\/radio\/2019\/10\/18\/60-jahre-erf-medien-ampelmaennchen-mit-guter-botschaft\/","rel":"","context":"In &quot;Deutsch&quot;","block_context":{"text":"Deutsch","link":"https:\/\/www.achimbrueckner.de\/dxradio\/php\/wordpress\/?cat=1"},"img":{"alt_text":"","src":"","width":0,"height":0},"classes":[]},{"id":18147,"url":"https:\/\/www.achimbrueckner.de\/dxradio\/php\/wordpress\/?p=18147","url_meta":{"origin":17708,"position":1},"title":"ZDF-Journalistin Slomka warnt vor Pauschalkritik an Medien","author":"Administrator","date":"June 10, 2018","format":false,"excerpt":"https:\/\/www.pro-medienmagazin.de\/medien\/journalismus\/2018\/06\/09\/zdf-journalistin-slomka-warnt-vor-pauschalkritik-an-medien\/","rel":"","context":"In &quot;Deutsch&quot;","block_context":{"text":"Deutsch","link":"https:\/\/www.achimbrueckner.de\/dxradio\/php\/wordpress\/?cat=1"},"img":{"alt_text":"","src":"","width":0,"height":0},"classes":[]},{"id":24847,"url":"https:\/\/www.achimbrueckner.de\/dxradio\/php\/wordpress\/?p=24847","url_meta":{"origin":17708,"position":2},"title":"Publikum der \u00f6ffentlich-rechtlichen Nachrichten: Alt und eher links","author":"Administrator","date":"September 18, 2019","format":false,"excerpt":"https:\/\/www.pro-medienmagazin.de\/medien\/journalismus\/2019\/09\/16\/publikum-der-oeffentlich-rechtlichen-nachrichten-alt-und-eher-links\/","rel":"","context":"In &quot;Deutsch&quot;","block_context":{"text":"Deutsch","link":"https:\/\/www.achimbrueckner.de\/dxradio\/php\/wordpress\/?cat=1"},"img":{"alt_text":"","src":"","width":0,"height":0},"classes":[]},{"id":20766,"url":"https:\/\/www.achimbrueckner.de\/dxradio\/php\/wordpress\/?p=20766","url_meta":{"origin":17708,"position":3},"title":"ERF Medien: Es bleibt ein Spendendefizit f\u00fcr 2018","author":"Administrator","date":"January 5, 2019","format":false,"excerpt":"https:\/\/lifechannel.ch\/de\/Glauben-entdecken\/Dossiers\/ERF-Medien-Schweiz\/ERF-Medien-Es-bleibt-ein-Spendendefizit-fuer-2018?0=0==&1==&paging=6","rel":"","context":"In &quot;Deutsch&quot;","block_context":{"text":"Deutsch","link":"https:\/\/www.achimbrueckner.de\/dxradio\/php\/wordpress\/?cat=1"},"img":{"alt_text":"","src":"","width":0,"height":0},"classes":[]},{"id":17124,"url":"https:\/\/www.achimbrueckner.de\/dxradio\/php\/wordpress\/?p=17124","url_meta":{"origin":17708,"position":4},"title":"MA 2018 AUDIO I Klassik Radio legt um ein Drittel zu","author":"Administrator","date":"March 29, 2018","format":false,"excerpt":"http:\/\/www.horizont.net\/medien\/nachrichten\/MA-2018-Audio-I-Klassik-Radio-legt-um-ein-Drittel-zu-165925","rel":"","context":"In &quot;audio&quot;","block_context":{"text":"audio","link":"https:\/\/www.achimbrueckner.de\/dxradio\/php\/wordpress\/?cat=47"},"img":{"alt_text":"","src":"","width":0,"height":0},"classes":[]},{"id":25929,"url":"https:\/\/www.achimbrueckner.de\/dxradio\/php\/wordpress\/?p=25929","url_meta":{"origin":17708,"position":5},"title":"\u00d6ffentlich-rechtliches Radio genie\u00dft gr\u00f6\u00dftes Vertrauen","author":"Administrator","date":"November 24, 2019","format":false,"excerpt":"https:\/\/www.pro-medienmagazin.de\/medien\/journalismus\/2019\/11\/22\/oeffentlich-rechtliches-radio-geniesst-groesstes-vertrauen\/","rel":"","context":"In &quot;Deutsch&quot;","block_context":{"text":"Deutsch","link":"https:\/\/www.achimbrueckner.de\/dxradio\/php\/wordpress\/?cat=1"},"img":{"alt_text":"","src":"","width":0,"height":0},"classes":[]}],"_links":{"self":[{"href":"https:\/\/www.achimbrueckner.de\/dxradio\/php\/wordpress\/index.php?rest_route=\/wp\/v2\/posts\/17708","targetHints":{"allow":["GET"]}}],"collection":[{"href":"https:\/\/www.achimbrueckner.de\/dxradio\/php\/wordpress\/index.php?rest_route=\/wp\/v2\/posts"}],"about":[{"href":"https:\/\/www.achimbrueckner.de\/dxradio\/php\/wordpress\/index.php?rest_route=\/wp\/v2\/types\/post"}],"author":[{"embeddable":true,"href":"https:\/\/www.achimbrueckner.de\/dxradio\/php\/wordpress\/index.php?rest_route=\/wp\/v2\/users\/1"}],"replies":[{"embeddable":true,"href":"https:\/\/www.achimbrueckner.de\/dxradio\/php\/wordpress\/index.php?rest_route=%2Fwp%2Fv2%2Fcomments&post=17708"}],"version-history":[{"count":0,"href":"https:\/\/www.achimbrueckner.de\/dxradio\/php\/wordpress\/index.php?rest_route=\/wp\/v2\/posts\/17708\/revisions"}],"wp:attachment":[{"href":"https:\/\/www.achimbrueckner.de\/dxradio\/php\/wordpress\/index.php?rest_route=%2Fwp%2Fv2%2Fmedia&parent=17708"}],"wp:term":[{"taxonomy":"category","embeddable":true,"href":"https:\/\/www.achimbrueckner.de\/dxradio\/php\/wordpress\/index.php?rest_route=%2Fwp%2Fv2%2Fcategories&post=17708"},{"taxonomy":"post_tag","embeddable":true,"href":"https:\/\/www.achimbrueckner.de\/dxradio\/php\/wordpress\/index.php?rest_route=%2Fwp%2Fv2%2Ftags&post=17708"}],"curies":[{"name":"wp","href":"https:\/\/api.w.org\/{rel}","templated":true}]}}