{"id":17724,"date":"2018-05-11T21:33:25","date_gmt":"2018-05-11T21:33:25","guid":{"rendered":"https:\/\/www.achimbrueckner.de\/dxradio\/php\/wordpress\/?p=17724"},"modified":"2018-05-11T21:33:25","modified_gmt":"2018-05-11T21:33:25","slug":"fusball-politik-piraten-vor-katar","status":"publish","type":"post","link":"https:\/\/www.achimbrueckner.de\/dxradio\/php\/wordpress\/?p=17724","title":{"rendered":"Fu\u00dfball-Politik Piraten vor Katar"},"content":{"rendered":"<p><a href=\"http:\/\/www.sueddeutsche.de\/sport\/fussball-politik-piraten-vor-katar-1.3975717\" rel=\"noopener\" target=\"_blank\">http:\/\/www.sueddeutsche.de\/sport\/fussball-politik-piraten-vor-katar-1.3975717<\/a><\/p>\n","protected":false},"excerpt":{"rendered":"<p>http:\/\/www.sueddeutsche.de\/sport\/fussball-politik-piraten-vor-katar-1.3975717<\/p>\n","protected":false},"author":1,"featured_media":0,"comment_status":"closed","ping_status":"open","sticky":false,"template":"","format":"standard","meta":{"_jetpack_memberships_contains_paid_content":false,"footnotes":"","jetpack_publicize_message":"","jetpack_publicize_feature_enabled":true,"jetpack_social_post_already_shared":true,"jetpack_social_options":{"image_generator_settings":{"template":"highway","default_image_id":0,"font":"","enabled":false},"version":2}},"categories":[1],"tags":[],"class_list":["post-17724","post","type-post","status-publish","format-standard","hentry","category-deutsch"],"jetpack_publicize_connections":[],"jetpack_featured_media_url":"","jetpack_sharing_enabled":true,"jetpack_shortlink":"https:\/\/wp.me\/p5CDmr-4BS","jetpack-related-posts":[{"id":37884,"url":"https:\/\/www.achimbrueckner.de\/dxradio\/php\/wordpress\/?p=37884","url_meta":{"origin":17724,"position":0},"title":"Fu\u00dfball-WM in Katar Den Fernseher einfach ausschalten","author":"Administrator","date":"November 9, 2022","format":false,"excerpt":"https:\/\/www.deutschlandfunkkultur.de\/fussball-wm-katar-menschenrechte-boykott-100.html","rel":"","context":"In &quot;Deutsch&quot;","block_context":{"text":"Deutsch","link":"https:\/\/www.achimbrueckner.de\/dxradio\/php\/wordpress\/?cat=1"},"img":{"alt_text":"","src":"","width":0,"height":0},"classes":[]},{"id":37963,"url":"https:\/\/www.achimbrueckner.de\/dxradio\/php\/wordpress\/?p=37963","url_meta":{"origin":17724,"position":1},"title":"lulu.fm boykottiert Fussball-WM in Katar","author":"Administrator","date":"November 19, 2022","format":false,"excerpt":"https:\/\/www.radioszene.de\/168944\/lulufm-boykottiert-fussball-wm-in-katar.html","rel":"","context":"In &quot;Deutsch&quot;","block_context":{"text":"Deutsch","link":"https:\/\/www.achimbrueckner.de\/dxradio\/php\/wordpress\/?cat=1"},"img":{"alt_text":"","src":"","width":0,"height":0},"classes":[]},{"id":38065,"url":"https:\/\/www.achimbrueckner.de\/dxradio\/php\/wordpress\/?p=38065","url_meta":{"origin":17724,"position":2},"title":"Fu\u00dfball-WM: Sind die Einschaltquoten wirklich so schlecht?","author":"Administrator","date":"November 30, 2022","format":false,"excerpt":"https:\/\/www.teltarif.de\/fussball-wm-katar-ard-zdf-magenta-tv\/news\/90137.html","rel":"","context":"In &quot;Deutsch&quot;","block_context":{"text":"Deutsch","link":"https:\/\/www.achimbrueckner.de\/dxradio\/php\/wordpress\/?cat=1"},"img":{"alt_text":"","src":"","width":0,"height":0},"classes":[]},{"id":5092,"url":"https:\/\/www.achimbrueckner.de\/dxradio\/php\/wordpress\/?p=5092","url_meta":{"origin":17724,"position":3},"title":"Apples neuer Streamingdienst Piraten der Liebe","author":"Administrator","date":"July 2, 2015","format":false,"excerpt":"http:\/\/www.sueddeutsche.de\/kultur\/apples-neuer-streamingdienst-piraten-der-liebe-1.2547959","rel":"","context":"In &quot;Deutsch&quot;","block_context":{"text":"Deutsch","link":"https:\/\/www.achimbrueckner.de\/dxradio\/php\/wordpress\/?cat=1"},"img":{"alt_text":"","src":"","width":0,"height":0},"classes":[]},{"id":6377,"url":"https:\/\/www.achimbrueckner.de\/dxradio\/php\/wordpress\/?p=6377","url_meta":{"origin":17724,"position":4},"title":"Pionierarbeit des WDR : Vor 90 Jahren: Erstmals Live-Fu\u00dfball im Radio","author":"Administrator","date":"November 1, 2015","format":false,"excerpt":"http:\/\/www1.wdr.de\/unternehmen\/erste-fussball-live-reportage-100.html","rel":"","context":"In &quot;Deutsch&quot;","block_context":{"text":"Deutsch","link":"https:\/\/www.achimbrueckner.de\/dxradio\/php\/wordpress\/?cat=1"},"img":{"alt_text":"","src":"","width":0,"height":0},"classes":[]},{"id":8419,"url":"https:\/\/www.achimbrueckner.de\/dxradio\/php\/wordpress\/?p=8419","url_meta":{"origin":17724,"position":5},"title":"EM 2016 Kontest der adxb-DL","author":"Administrator","date":"May 30, 2016","format":false,"excerpt":"Die adxb-DL m\u00f6chten Sie einladen, am EM 2016 Kontest der adxb-DL teilzunehmen! Vom 10. Juni bis 10. Juli 2016 veranstaltet die adxb-DL e.V. einen Kontest w\u00e4hrend der Fu\u00dfball EM 2016. Jeder Kurzwellenh\u00f6rer ist eingeladen, daran teilzunehmen. Eine Mitgliedschaft in einem Kurzwellenh\u00f6rerverein ist nicht erforderlich. Zu h\u00f6ren ist jeweils eine Rundfunkstation\u2026","rel":"","context":"In &quot;contests&quot;","block_context":{"text":"contests","link":"https:\/\/www.achimbrueckner.de\/dxradio\/php\/wordpress\/?cat=6"},"img":{"alt_text":"","src":"","width":0,"height":0},"classes":[]}],"_links":{"self":[{"href":"https:\/\/www.achimbrueckner.de\/dxradio\/php\/wordpress\/index.php?rest_route=\/wp\/v2\/posts\/17724","targetHints":{"allow":["GET"]}}],"collection":[{"href":"https:\/\/www.achimbrueckner.de\/dxradio\/php\/wordpress\/index.php?rest_route=\/wp\/v2\/posts"}],"about":[{"href":"https:\/\/www.achimbrueckner.de\/dxradio\/php\/wordpress\/index.php?rest_route=\/wp\/v2\/types\/post"}],"author":[{"embeddable":true,"href":"https:\/\/www.achimbrueckner.de\/dxradio\/php\/wordpress\/index.php?rest_route=\/wp\/v2\/users\/1"}],"replies":[{"embeddable":true,"href":"https:\/\/www.achimbrueckner.de\/dxradio\/php\/wordpress\/index.php?rest_route=%2Fwp%2Fv2%2Fcomments&post=17724"}],"version-history":[{"count":0,"href":"https:\/\/www.achimbrueckner.de\/dxradio\/php\/wordpress\/index.php?rest_route=\/wp\/v2\/posts\/17724\/revisions"}],"wp:attachment":[{"href":"https:\/\/www.achimbrueckner.de\/dxradio\/php\/wordpress\/index.php?rest_route=%2Fwp%2Fv2%2Fmedia&parent=17724"}],"wp:term":[{"taxonomy":"category","embeddable":true,"href":"https:\/\/www.achimbrueckner.de\/dxradio\/php\/wordpress\/index.php?rest_route=%2Fwp%2Fv2%2Fcategories&post=17724"},{"taxonomy":"post_tag","embeddable":true,"href":"https:\/\/www.achimbrueckner.de\/dxradio\/php\/wordpress\/index.php?rest_route=%2Fwp%2Fv2%2Ftags&post=17724"}],"curies":[{"name":"wp","href":"https:\/\/api.w.org\/{rel}","templated":true}]}}