{"id":17732,"date":"2018-05-12T11:45:18","date_gmt":"2018-05-12T11:45:18","guid":{"rendered":"https:\/\/www.achimbrueckner.de\/dxradio\/php\/wordpress\/?p=17732"},"modified":"2018-05-12T11:45:18","modified_gmt":"2018-05-12T11:45:18","slug":"der-ard-vorsitzende-ulrich-wilhelm-uber-klassik-quote-und-das-problem-bei-talkshows","status":"publish","type":"post","link":"https:\/\/www.achimbrueckner.de\/dxradio\/php\/wordpress\/?p=17732","title":{"rendered":"Der ARD-Vorsitzende Ulrich Wilhelm \u00fcber Klassik, Quote und das Problem bei Talkshows"},"content":{"rendered":"<p><a href=\"https:\/\/www.medienkorrespondenz.de\/ansichten-sachen\/artikel\/der-ard-vorsitzende-ulrich-wilhelm-ueber-klassik-quote-und-das-problem-beinbsptalkshows.html\" rel=\"noopener\" target=\"_blank\">https:\/\/www.medienkorrespondenz.de\/ansichten-sachen\/artikel\/der-ard-vorsitzende-ulrich-wilhelm-ueber-klassik-quote-und-das-problem-beinbsptalkshows.html<\/a><\/p>\n","protected":false},"excerpt":{"rendered":"<p>https:\/\/www.medienkorrespondenz.de\/ansichten-sachen\/artikel\/der-ard-vorsitzende-ulrich-wilhelm-ueber-klassik-quote-und-das-problem-beinbsptalkshows.html<\/p>\n","protected":false},"author":1,"featured_media":0,"comment_status":"closed","ping_status":"open","sticky":false,"template":"","format":"standard","meta":{"_jetpack_memberships_contains_paid_content":false,"footnotes":"","jetpack_publicize_message":"","jetpack_publicize_feature_enabled":true,"jetpack_social_post_already_shared":true,"jetpack_social_options":{"image_generator_settings":{"template":"highway","default_image_id":0,"font":"","enabled":false},"version":2}},"categories":[1,15],"tags":[45],"class_list":["post-17732","post","type-post","status-publish","format-standard","hentry","category-deutsch","category-medien","tag-medien"],"jetpack_publicize_connections":[],"jetpack_featured_media_url":"","jetpack_sharing_enabled":true,"jetpack_shortlink":"https:\/\/wp.me\/p5CDmr-4C0","jetpack-related-posts":[{"id":18696,"url":"https:\/\/www.achimbrueckner.de\/dxradio\/php\/wordpress\/?p=18696","url_meta":{"origin":17732,"position":0},"title":"Vorsitzender Ulrich Wilhelm Ja, die ARD muss sich \u00e4ndern","author":"Administrator","date":"August 5, 2018","format":false,"excerpt":"https:\/\/www.tagesspiegel.de\/medien\/vorsitzender-ulrich-wilhelm-ja-die-ard-muss-sich-aendern\/22880830.html","rel":"","context":"In &quot;Deutsch&quot;","block_context":{"text":"Deutsch","link":"https:\/\/www.achimbrueckner.de\/dxradio\/php\/wordpress\/?cat=1"},"img":{"alt_text":"","src":"","width":0,"height":0},"classes":[]},{"id":17832,"url":"https:\/\/www.achimbrueckner.de\/dxradio\/php\/wordpress\/?p=17832","url_meta":{"origin":17732,"position":1},"title":"Bundesverfassungsgericht: Hat der Rundfunkbeitrag Bestand? Interview mit dem ARD-Vorsitzenden Ulrich Wilhelm","author":"Administrator","date":"May 20, 2018","format":false,"excerpt":"https:\/\/www.br.de\/radio\/b5-aktuell\/sendungen\/medienmagazin\/medien-interview-ard-vorsitzender-wilhelm-zu-bvg-verhandlung-rundfunkbeitrag-100.html","rel":"","context":"In &quot;Deutsch&quot;","block_context":{"text":"Deutsch","link":"https:\/\/www.achimbrueckner.de\/dxradio\/php\/wordpress\/?cat=1"},"img":{"alt_text":"","src":"","width":0,"height":0},"classes":[]},{"id":12443,"url":"https:\/\/www.achimbrueckner.de\/dxradio\/php\/wordpress\/?p=12443","url_meta":{"origin":17732,"position":2},"title":"Ein \u201eSpiegel\u201c\u2011Interview mit BR\u2011Intendant Ulrich Wilhelm: Falsche Spur, \u201eZwangsabgabe\u201c und Regeln f\u00fcr Massenmedien","author":"Administrator","date":"March 9, 2017","format":false,"excerpt":"http:\/\/www.medienkorrespondenz.de\/leders-journal\/artikel\/ein-spiegel-interview-mit-br-intendant-ulrich-wilhelm-falsche-spur-zwangsabgabe-und-re.html","rel":"","context":"In &quot;Deutsch&quot;","block_context":{"text":"Deutsch","link":"https:\/\/www.achimbrueckner.de\/dxradio\/php\/wordpress\/?cat=1"},"img":{"alt_text":"","src":"","width":0,"height":0},"classes":[]},{"id":26299,"url":"https:\/\/www.achimbrueckner.de\/dxradio\/php\/wordpress\/?p=26299","url_meta":{"origin":17732,"position":3},"title":"Ulrich Wilhelm im Interview : &#8220;Demokratie ist st\u00f6ranf\u00e4llig&#8221;","author":"Administrator","date":"December 21, 2019","format":false,"excerpt":"https:\/\/www.sueddeutsche.de\/medien\/ulrich-wilhelm-br-interview-1.4731572?reduced=true","rel":"","context":"In &quot;Deutsch&quot;","block_context":{"text":"Deutsch","link":"https:\/\/www.achimbrueckner.de\/dxradio\/php\/wordpress\/?cat=1"},"img":{"alt_text":"","src":"","width":0,"height":0},"classes":[]},{"id":15734,"url":"https:\/\/www.achimbrueckner.de\/dxradio\/php\/wordpress\/?p=15734","url_meta":{"origin":17732,"position":4},"title":"ARD-VORSITZENDE ZIEHT BILANZ : Auftrag erf\u00fcllt?","author":"Administrator","date":"December 2, 2017","format":false,"excerpt":"http:\/\/www.faz.net\/aktuell\/feuilleton\/medien\/ard-vorsitzende-karola-wille-zieht-positive-bilanz-15316491.html","rel":"","context":"In &quot;Deutsch&quot;","block_context":{"text":"Deutsch","link":"https:\/\/www.achimbrueckner.de\/dxradio\/php\/wordpress\/?cat=1"},"img":{"alt_text":"","src":"","width":0,"height":0},"classes":[]},{"id":7224,"url":"https:\/\/www.achimbrueckner.de\/dxradio\/php\/wordpress\/?p=7224","url_meta":{"origin":17732,"position":5},"title":"Neue ARD-Vorsitzende Karola Wille &#8220;Wir m\u00fcssen um Glaubw\u00fcrdigkeit k\u00e4mpfen&#8221;","author":"Administrator","date":"January 11, 2016","format":false,"excerpt":"http:\/\/www.tagesspiegel.de\/medien\/neue-ard-vorsitzende-karola-wille-wir-muessen-um-glaubwuerdigkeit-kaempfen\/12815656.html","rel":"","context":"In &quot;Deutsch&quot;","block_context":{"text":"Deutsch","link":"https:\/\/www.achimbrueckner.de\/dxradio\/php\/wordpress\/?cat=1"},"img":{"alt_text":"","src":"","width":0,"height":0},"classes":[]}],"_links":{"self":[{"href":"https:\/\/www.achimbrueckner.de\/dxradio\/php\/wordpress\/index.php?rest_route=\/wp\/v2\/posts\/17732","targetHints":{"allow":["GET"]}}],"collection":[{"href":"https:\/\/www.achimbrueckner.de\/dxradio\/php\/wordpress\/index.php?rest_route=\/wp\/v2\/posts"}],"about":[{"href":"https:\/\/www.achimbrueckner.de\/dxradio\/php\/wordpress\/index.php?rest_route=\/wp\/v2\/types\/post"}],"author":[{"embeddable":true,"href":"https:\/\/www.achimbrueckner.de\/dxradio\/php\/wordpress\/index.php?rest_route=\/wp\/v2\/users\/1"}],"replies":[{"embeddable":true,"href":"https:\/\/www.achimbrueckner.de\/dxradio\/php\/wordpress\/index.php?rest_route=%2Fwp%2Fv2%2Fcomments&post=17732"}],"version-history":[{"count":0,"href":"https:\/\/www.achimbrueckner.de\/dxradio\/php\/wordpress\/index.php?rest_route=\/wp\/v2\/posts\/17732\/revisions"}],"wp:attachment":[{"href":"https:\/\/www.achimbrueckner.de\/dxradio\/php\/wordpress\/index.php?rest_route=%2Fwp%2Fv2%2Fmedia&parent=17732"}],"wp:term":[{"taxonomy":"category","embeddable":true,"href":"https:\/\/www.achimbrueckner.de\/dxradio\/php\/wordpress\/index.php?rest_route=%2Fwp%2Fv2%2Fcategories&post=17732"},{"taxonomy":"post_tag","embeddable":true,"href":"https:\/\/www.achimbrueckner.de\/dxradio\/php\/wordpress\/index.php?rest_route=%2Fwp%2Fv2%2Ftags&post=17732"}],"curies":[{"name":"wp","href":"https:\/\/api.w.org\/{rel}","templated":true}]}}