{"id":17733,"date":"2018-05-12T11:48:22","date_gmt":"2018-05-12T11:48:22","guid":{"rendered":"https:\/\/www.achimbrueckner.de\/dxradio\/php\/wordpress\/?p=17733"},"modified":"2018-05-12T11:48:22","modified_gmt":"2018-05-12T11:48:22","slug":"kunstliche-intelligenz-google-will-auch-nanny-fur-die-kids-sein","status":"publish","type":"post","link":"https:\/\/www.achimbrueckner.de\/dxradio\/php\/wordpress\/?p=17733","title":{"rendered":"K\u00dcNSTLICHE INTELLIGENZ Google will auch Nanny f\u00fcr die Kids sein"},"content":{"rendered":"<p><a href=\"http:\/\/www.dw.com\/de\/google-will-auch-nanny-f%C3%BCr-die-kids-sein\/a-43747773\" rel=\"noopener\" target=\"_blank\">http:\/\/www.dw.com\/de\/google-will-auch-nanny-f%C3%BCr-die-kids-sein\/a-43747773<\/a><\/p>\n","protected":false},"excerpt":{"rendered":"<p>http:\/\/www.dw.com\/de\/google-will-auch-nanny-f%C3%BCr-die-kids-sein\/a-43747773<\/p>\n","protected":false},"author":1,"featured_media":0,"comment_status":"closed","ping_status":"open","sticky":false,"template":"","format":"standard","meta":{"_jetpack_memberships_contains_paid_content":false,"footnotes":"","jetpack_publicize_message":"","jetpack_publicize_feature_enabled":true,"jetpack_social_post_already_shared":true,"jetpack_social_options":{"image_generator_settings":{"template":"highway","default_image_id":0,"font":"","enabled":false},"version":2}},"categories":[1],"tags":[],"class_list":["post-17733","post","type-post","status-publish","format-standard","hentry","category-deutsch"],"jetpack_publicize_connections":[],"jetpack_featured_media_url":"","jetpack_sharing_enabled":true,"jetpack_shortlink":"https:\/\/wp.me\/p5CDmr-4C1","jetpack-related-posts":[{"id":18110,"url":"https:\/\/www.achimbrueckner.de\/dxradio\/php\/wordpress\/?p=18110","url_meta":{"origin":17733,"position":0},"title":"Tablet &#038; Co. als Nanny \u2013 Eltern steuern Nutzungsverhalten ihrer Kinder","author":"Administrator","date":"June 8, 2018","format":false,"excerpt":"http:\/\/www.werbewoche.ch\/medien\/mediennutzung\/2018-06-07\/tablet-co-als-nanny-eltern-steuern-nutzungsverhalten-ihrer-kinder","rel":"","context":"In &quot;Deutsch&quot;","block_context":{"text":"Deutsch","link":"https:\/\/www.achimbrueckner.de\/dxradio\/php\/wordpress\/?cat=1"},"img":{"alt_text":"","src":"","width":0,"height":0},"classes":[]},{"id":374,"url":"https:\/\/www.achimbrueckner.de\/dxradio\/php\/wordpress\/?p=374","url_meta":{"origin":17733,"position":1},"title":"40. DX-Camp Langenselbold","author":"Administrator","date":"March 3, 2008","format":false,"excerpt":"Unser 40. DX Camp findet vom Mo. 17. bis So. 23.3.08 im Naturfreundehaus in Langenselbold bei Hanau statt. DXer und Radiofreunde sind herzlich eingeladen. Die H\u00f6hepunkte: Die ersten Tage sind wie immer vorwiegend zum H\u00f6ren. Erstmalig haben wir jetzt auch **DSL-Anschlu\u00df **f\u00fcr jedermann \u00fcber einen WLAN-Zugang. Und wir haben eine\u2026","rel":"","context":"In &quot;camps&quot;","block_context":{"text":"camps","link":"https:\/\/www.achimbrueckner.de\/dxradio\/php\/wordpress\/?cat=5"},"img":{"alt_text":"","src":"","width":0,"height":0},"classes":[]},{"id":38213,"url":"https:\/\/www.achimbrueckner.de\/dxradio\/php\/wordpress\/?p=38213","url_meta":{"origin":17733,"position":2},"title":"Neues zum WRTH 2023","author":"Administrator","date":"December 15, 2022","format":false,"excerpt":"Neues zum WRTH: (aber noch keine Bestellm\u00f6glichkeit) Mit der Ausgabe 2023 wird das World Radio TV Handbook zum ersten Mal auch in einer digitalen Version erh\u00e4ltlich sein. So k\u00f6nnen Sie entscheiden, ob Sie das klassische gedruckte Handbuch, die Web-App oder beides zusammen kaufen m\u00f6chten. Die Preise: Web App 24,90 \u20ac\u2026","rel":"","context":"In &quot;Deutsch&quot;","block_context":{"text":"Deutsch","link":"https:\/\/www.achimbrueckner.de\/dxradio\/php\/wordpress\/?cat=1"},"img":{"alt_text":"","src":"","width":0,"height":0},"classes":[]},{"id":8,"url":"https:\/\/www.achimbrueckner.de\/dxradio\/php\/wordpress\/?p=8","url_meta":{"origin":17733,"position":3},"title":"X Class Flare","author":"Administrator","date":"September 14, 2005","format":false,"excerpt":"Die Turbulenzen auf der Sonne gehen weiter. Es gab einen weiteren R\u00f6ntgenstrahlenausbruch und die Kurzwellenb\u00e4nder werden die n\u00e4chsten Tage st\u00e4rker gest\u00f6rt sein. Vergleiche dazu auch folgende Heise-Meldung. Aktuell sind die unteren Frequenzen st\u00e4rker ged\u00e4mpft.","rel":"","context":"In &quot;Deutsch&quot;","block_context":{"text":"Deutsch","link":"https:\/\/www.achimbrueckner.de\/dxradio\/php\/wordpress\/?cat=1"},"img":{"alt_text":"","src":"","width":0,"height":0},"classes":[]},{"id":21756,"url":"https:\/\/www.achimbrueckner.de\/dxradio\/php\/wordpress\/?p=21756","url_meta":{"origin":17733,"position":4},"title":"In sozialen Netzwerken z\u00e4hlt nicht die Quelle, sondern der Inhalt. Doch das kann auch eine Chance f\u00fcr die Medien sein","author":"Administrator","date":"February 21, 2019","format":false,"excerpt":"https:\/\/www.nzz.ch\/feuilleton\/medienvertrauen-in-den-sozialen-medien-herrscht-grosse-skepsis-ld.1457412","rel":"","context":"In &quot;Deutsch&quot;","block_context":{"text":"Deutsch","link":"https:\/\/www.achimbrueckner.de\/dxradio\/php\/wordpress\/?cat=1"},"img":{"alt_text":"","src":"","width":0,"height":0},"classes":[]},{"id":142,"url":"https:\/\/www.achimbrueckner.de\/dxradio\/php\/wordpress\/?p=142","url_meta":{"origin":17733,"position":5},"title":"Interradio Hannover","author":"Administrator","date":"October 22, 2006","format":false,"excerpt":"Die Interradio in Hannover findet am 28. Oktober 2006 statt. Mehr infos gibt es unter http:\/\/www.interradio.info\/. Die ADDX wird wohl auch wieder mit einem Stand vertreten sein. Quelle: Martin Elbe in A-DX Liste","rel":"","context":"In &quot;links&quot;","block_context":{"text":"links","link":"https:\/\/www.achimbrueckner.de\/dxradio\/php\/wordpress\/?cat=7"},"img":{"alt_text":"","src":"","width":0,"height":0},"classes":[]}],"_links":{"self":[{"href":"https:\/\/www.achimbrueckner.de\/dxradio\/php\/wordpress\/index.php?rest_route=\/wp\/v2\/posts\/17733","targetHints":{"allow":["GET"]}}],"collection":[{"href":"https:\/\/www.achimbrueckner.de\/dxradio\/php\/wordpress\/index.php?rest_route=\/wp\/v2\/posts"}],"about":[{"href":"https:\/\/www.achimbrueckner.de\/dxradio\/php\/wordpress\/index.php?rest_route=\/wp\/v2\/types\/post"}],"author":[{"embeddable":true,"href":"https:\/\/www.achimbrueckner.de\/dxradio\/php\/wordpress\/index.php?rest_route=\/wp\/v2\/users\/1"}],"replies":[{"embeddable":true,"href":"https:\/\/www.achimbrueckner.de\/dxradio\/php\/wordpress\/index.php?rest_route=%2Fwp%2Fv2%2Fcomments&post=17733"}],"version-history":[{"count":0,"href":"https:\/\/www.achimbrueckner.de\/dxradio\/php\/wordpress\/index.php?rest_route=\/wp\/v2\/posts\/17733\/revisions"}],"wp:attachment":[{"href":"https:\/\/www.achimbrueckner.de\/dxradio\/php\/wordpress\/index.php?rest_route=%2Fwp%2Fv2%2Fmedia&parent=17733"}],"wp:term":[{"taxonomy":"category","embeddable":true,"href":"https:\/\/www.achimbrueckner.de\/dxradio\/php\/wordpress\/index.php?rest_route=%2Fwp%2Fv2%2Fcategories&post=17733"},{"taxonomy":"post_tag","embeddable":true,"href":"https:\/\/www.achimbrueckner.de\/dxradio\/php\/wordpress\/index.php?rest_route=%2Fwp%2Fv2%2Ftags&post=17733"}],"curies":[{"name":"wp","href":"https:\/\/api.w.org\/{rel}","templated":true}]}}