{"id":17772,"date":"2018-05-15T15:46:59","date_gmt":"2018-05-15T15:46:59","guid":{"rendered":"https:\/\/www.achimbrueckner.de\/dxradio\/php\/wordpress\/?p=17772"},"modified":"2018-05-15T15:46:59","modified_gmt":"2018-05-15T15:46:59","slug":"die-ukw-krise-aus-sicht-der-media-broadcast","status":"publish","type":"post","link":"https:\/\/www.achimbrueckner.de\/dxradio\/php\/wordpress\/?p=17772","title":{"rendered":"DIE UKW-KRISE AUS SICHT DER MEDIA BROADCAST"},"content":{"rendered":"<p><a href=\"http:\/\/www.wwwagner.tv\/?p=39887\" rel=\"noopener\" target=\"_blank\">http:\/\/www.wwwagner.tv\/?p=39887<\/a><\/p>\n","protected":false},"excerpt":{"rendered":"<p>http:\/\/www.wwwagner.tv\/?p=39887<\/p>\n","protected":false},"author":1,"featured_media":0,"comment_status":"closed","ping_status":"open","sticky":false,"template":"","format":"standard","meta":{"_jetpack_memberships_contains_paid_content":false,"footnotes":"","jetpack_publicize_message":"","jetpack_publicize_feature_enabled":true,"jetpack_social_post_already_shared":true,"jetpack_social_options":{"image_generator_settings":{"template":"highway","default_image_id":0,"font":"","enabled":false},"version":2}},"categories":[1,17],"tags":[46,27],"class_list":["post-17772","post","type-post","status-publish","format-standard","hentry","category-deutsch","category-media","tag-media","tag-ukw"],"jetpack_publicize_connections":[],"jetpack_featured_media_url":"","jetpack_sharing_enabled":true,"jetpack_shortlink":"https:\/\/wp.me\/p5CDmr-4CE","jetpack-related-posts":[{"id":15983,"url":"https:\/\/www.achimbrueckner.de\/dxradio\/php\/wordpress\/?p=15983","url_meta":{"origin":17772,"position":0},"title":"Ausstieg aus dem UKW-Gesch\u00e4ft: Media Broadcast findet K\u00e4ufer f\u00fcr 700 Radio-Antennen","author":"Administrator","date":"December 21, 2017","format":false,"excerpt":"http:\/\/meedia.de\/2017\/12\/21\/ausstieg-aus-dem-ukw-geschaeft-media-broadcast-findet-kaeufer-fuer-700-radio-antennen\/","rel":"","context":"In &quot;Deutsch&quot;","block_context":{"text":"Deutsch","link":"https:\/\/www.achimbrueckner.de\/dxradio\/php\/wordpress\/?cat=1"},"img":{"alt_text":"","src":"","width":0,"height":0},"classes":[]},{"id":4807,"url":"https:\/\/www.achimbrueckner.de\/dxradio\/php\/wordpress\/?p=4807","url_meta":{"origin":17772,"position":1},"title":"Media Broadcast: Einstellung der UKW-\u00dcbertragung?","author":"Administrator","date":"June 4, 2015","format":false,"excerpt":"http:\/\/www.digitalfernsehen.de\/Media-Broadcast-Einstellung-der-UKW-UEbertragung.128584.0.html","rel":"","context":"In &quot;Deutsch&quot;","block_context":{"text":"Deutsch","link":"https:\/\/www.achimbrueckner.de\/dxradio\/php\/wordpress\/?cat=1"},"img":{"alt_text":"","src":"","width":0,"height":0},"classes":[]},{"id":12160,"url":"https:\/\/www.achimbrueckner.de\/dxradio\/php\/wordpress\/?p=12160","url_meta":{"origin":17772,"position":2},"title":"Bundesnetzagentur untersagt Media Broadcast vorl\u00e4ufig neue Preise f\u00fcr die UKW-Rundfunk\u00fcbertragung","author":"Administrator","date":"February 14, 2017","format":false,"excerpt":"http:\/\/www.radioszene.de\/101223\/bundesnetzagentur-preise-ukw-rundfunk-media-broadcast.html","rel":"","context":"In &quot;Deutsch&quot;","block_context":{"text":"Deutsch","link":"https:\/\/www.achimbrueckner.de\/dxradio\/php\/wordpress\/?cat=1"},"img":{"alt_text":"","src":"","width":0,"height":0},"classes":[]},{"id":15431,"url":"https:\/\/www.achimbrueckner.de\/dxradio\/php\/wordpress\/?p=15431","url_meta":{"origin":17772,"position":3},"title":"RADIO 21 und Rockland Radio erwerben UKW-Sender- und Antennen-Netz von der Media Broadcast","author":"Administrator","date":"November 10, 2017","format":false,"excerpt":"http:\/\/www.radioszene.de\/114990\/radio-21-rockland-media-broadcast.html","rel":"","context":"In &quot;Deutsch&quot;","block_context":{"text":"Deutsch","link":"https:\/\/www.achimbrueckner.de\/dxradio\/php\/wordpress\/?cat=1"},"img":{"alt_text":"","src":"","width":0,"height":0},"classes":[]},{"id":12403,"url":"https:\/\/www.achimbrueckner.de\/dxradio\/php\/wordpress\/?p=12403","url_meta":{"origin":17772,"position":4},"title":"ARD zum UKW-R\u00fcckzug der Media Broadcast","author":"Administrator","date":"March 6, 2017","format":false,"excerpt":"http:\/\/www.radioeins.de\/programm\/sendungen\/medienmagazin\/radio_news\/beitraege\/2017\/media_broadcast.html","rel":"","context":"In &quot;Deutsch&quot;","block_context":{"text":"Deutsch","link":"https:\/\/www.achimbrueckner.de\/dxradio\/php\/wordpress\/?cat=1"},"img":{"alt_text":"","src":"","width":0,"height":0},"classes":[]},{"id":4826,"url":"https:\/\/www.achimbrueckner.de\/dxradio\/php\/wordpress\/?p=4826","url_meta":{"origin":17772,"position":5},"title":"Kontroverse um UKW-Preise der Media Broadcast","author":"Administrator","date":"June 7, 2015","format":false,"excerpt":"http:\/\/www.radioeins.de\/programm\/sendungen\/medienmagazin\/radio_news\/beitraege\/2015\/ukw_kontroverse.html","rel":"","context":"In &quot;Deutsch&quot;","block_context":{"text":"Deutsch","link":"https:\/\/www.achimbrueckner.de\/dxradio\/php\/wordpress\/?cat=1"},"img":{"alt_text":"","src":"","width":0,"height":0},"classes":[]}],"_links":{"self":[{"href":"https:\/\/www.achimbrueckner.de\/dxradio\/php\/wordpress\/index.php?rest_route=\/wp\/v2\/posts\/17772","targetHints":{"allow":["GET"]}}],"collection":[{"href":"https:\/\/www.achimbrueckner.de\/dxradio\/php\/wordpress\/index.php?rest_route=\/wp\/v2\/posts"}],"about":[{"href":"https:\/\/www.achimbrueckner.de\/dxradio\/php\/wordpress\/index.php?rest_route=\/wp\/v2\/types\/post"}],"author":[{"embeddable":true,"href":"https:\/\/www.achimbrueckner.de\/dxradio\/php\/wordpress\/index.php?rest_route=\/wp\/v2\/users\/1"}],"replies":[{"embeddable":true,"href":"https:\/\/www.achimbrueckner.de\/dxradio\/php\/wordpress\/index.php?rest_route=%2Fwp%2Fv2%2Fcomments&post=17772"}],"version-history":[{"count":0,"href":"https:\/\/www.achimbrueckner.de\/dxradio\/php\/wordpress\/index.php?rest_route=\/wp\/v2\/posts\/17772\/revisions"}],"wp:attachment":[{"href":"https:\/\/www.achimbrueckner.de\/dxradio\/php\/wordpress\/index.php?rest_route=%2Fwp%2Fv2%2Fmedia&parent=17772"}],"wp:term":[{"taxonomy":"category","embeddable":true,"href":"https:\/\/www.achimbrueckner.de\/dxradio\/php\/wordpress\/index.php?rest_route=%2Fwp%2Fv2%2Fcategories&post=17772"},{"taxonomy":"post_tag","embeddable":true,"href":"https:\/\/www.achimbrueckner.de\/dxradio\/php\/wordpress\/index.php?rest_route=%2Fwp%2Fv2%2Ftags&post=17772"}],"curies":[{"name":"wp","href":"https:\/\/api.w.org\/{rel}","templated":true}]}}