{"id":17792,"date":"2018-05-17T18:51:35","date_gmt":"2018-05-17T18:51:35","guid":{"rendered":"https:\/\/www.achimbrueckner.de\/dxradio\/php\/wordpress\/?p=17792"},"modified":"2018-05-17T18:51:35","modified_gmt":"2018-05-17T18:51:35","slug":"radio-turntable-sendet-wieder-im-burgerfunk-von-radio-vest","status":"publish","type":"post","link":"https:\/\/www.achimbrueckner.de\/dxradio\/php\/wordpress\/?p=17792","title":{"rendered":"Radio Turntable sendet wieder im B\u00fcrgerfunk von Radio Vest"},"content":{"rendered":"<p><a href=\"http:\/\/www.lokalkompass.de\/recklinghausen\/kultur\/radio-turntable-sendet-wieder-im-buergerfunk-von-radio-vest-d895848.html\" rel=\"noopener\" target=\"_blank\">http:\/\/www.lokalkompass.de\/recklinghausen\/kultur\/radio-turntable-sendet-wieder-im-buergerfunk-von-radio-vest-d895848.html<\/a><\/p>\n","protected":false},"excerpt":{"rendered":"<p>http:\/\/www.lokalkompass.de\/recklinghausen\/kultur\/radio-turntable-sendet-wieder-im-buergerfunk-von-radio-vest-d895848.html<\/p>\n","protected":false},"author":1,"featured_media":0,"comment_status":"closed","ping_status":"open","sticky":false,"template":"","format":"standard","meta":{"_jetpack_memberships_contains_paid_content":false,"footnotes":"","jetpack_publicize_message":"","jetpack_publicize_feature_enabled":true,"jetpack_social_post_already_shared":true,"jetpack_social_options":{"image_generator_settings":{"template":"highway","default_image_id":0,"font":"","enabled":false},"version":2}},"categories":[1],"tags":[],"class_list":["post-17792","post","type-post","status-publish","format-standard","hentry","category-deutsch"],"jetpack_publicize_connections":[],"jetpack_featured_media_url":"","jetpack_sharing_enabled":true,"jetpack_shortlink":"https:\/\/wp.me\/p5CDmr-4CY","jetpack-related-posts":[{"id":5778,"url":"https:\/\/www.achimbrueckner.de\/dxradio\/php\/wordpress\/?p=5778","url_meta":{"origin":17792,"position":0},"title":"Lokaler Radiosender Radio Wetterau sendet wieder","author":"Administrator","date":"September 1, 2015","format":false,"excerpt":"http:\/\/ndp.fnp.de\/lokales\/wetterau\/Radio-Wetterau-sendet-wieder;art677,1566052","rel":"","context":"In &quot;Deutsch&quot;","block_context":{"text":"Deutsch","link":"https:\/\/www.achimbrueckner.de\/dxradio\/php\/wordpress\/?cat=1"},"img":{"alt_text":"","src":"","width":0,"height":0},"classes":[]},{"id":5375,"url":"https:\/\/www.achimbrueckner.de\/dxradio\/php\/wordpress\/?p=5375","url_meta":{"origin":17792,"position":1},"title":"Das IFA Radio sendet wieder live \u00fcber DAB+","author":"Administrator","date":"July 31, 2015","format":false,"excerpt":"http:\/\/www.radiowoche.de\/das-ifa-radio-sendet-wieder-live-ueber-dab\/","rel":"","context":"In &quot;Deutsch&quot;","block_context":{"text":"Deutsch","link":"https:\/\/www.achimbrueckner.de\/dxradio\/php\/wordpress\/?cat=1"},"img":{"alt_text":"","src":"","width":0,"height":0},"classes":[]},{"id":1162,"url":"https:\/\/www.achimbrueckner.de\/dxradio\/php\/wordpress\/?p=1162","url_meta":{"origin":17792,"position":2},"title":"RTI Sondersendungen im Oktober via Tainan","author":"Administrator","date":"September 25, 2010","format":false,"excerpt":"im Oktober gibt es wieder Direktsendungen von Radio Taiwan International \u00fcber die Sendeanlagen in Tainan in S\u00fcdtaiwan. Vom 1. bis 3. Oktober 2010 und vom 8. bis 11. Oktober 2010 jeweils von 1700-1800 UTC wird das regul\u00e4re deutsche Programm zus\u00e4tzlich auch auf 9955 kHz ausgestrahlt. Bis 1700 UTC sendet dort\u2026","rel":"","context":"In &quot;Deutsch&quot;","block_context":{"text":"Deutsch","link":"https:\/\/www.achimbrueckner.de\/dxradio\/php\/wordpress\/?cat=1"},"img":{"alt_text":"","src":"","width":0,"height":0},"classes":[]},{"id":25080,"url":"https:\/\/www.achimbrueckner.de\/dxradio\/php\/wordpress\/?p=25080","url_meta":{"origin":17792,"position":3},"title":"F\u00fcr den Papst sendet jetzt wieder \u201eRadio Vatikan\u201c","author":"Administrator","date":"October 3, 2019","format":false,"excerpt":"https:\/\/www.saarbruecker-zeitung.de\/nachrichten\/politik\/inland\/fuer-den-papst-sendet-radio-vatikan-wieder-unter-der-alten-marke_aid-46205125","rel":"","context":"In &quot;Deutsch&quot;","block_context":{"text":"Deutsch","link":"https:\/\/www.achimbrueckner.de\/dxradio\/php\/wordpress\/?cat=1"},"img":{"alt_text":"","src":"","width":0,"height":0},"classes":[]},{"id":7947,"url":"https:\/\/www.achimbrueckner.de\/dxradio\/php\/wordpress\/?p=7947","url_meta":{"origin":17792,"position":4},"title":"radio-ruhrlife sendet am 1. April wieder live aus dem Studio","author":"Administrator","date":"March 31, 2016","format":false,"excerpt":"http:\/\/www.derwesten.de\/staedte\/gladbeck\/radio-ruhrlife-sendet-am-1-april-wieder-live-aus-dem-studio-aimp-id11689736.html","rel":"","context":"In &quot;Deutsch&quot;","block_context":{"text":"Deutsch","link":"https:\/\/www.achimbrueckner.de\/dxradio\/php\/wordpress\/?cat=1"},"img":{"alt_text":"","src":"","width":0,"height":0},"classes":[]},{"id":41473,"url":"https:\/\/www.achimbrueckner.de\/dxradio\/php\/wordpress\/?p=41473","url_meta":{"origin":17792,"position":5},"title":"Direktausstrahlungen des deutschsprachigen Programms im Juli\/August 2024 von der Sendeanlage Tamsui in Taiwan","author":"Administrator","date":"July 13, 2024","format":false,"excerpt":"Direktausstrahlungen des deutschsprachigen Programms im Juli\/August 2024 von der Sendeanlage Tamsui in Taiwan Zur Erinnerung: Radio Taiwan International (RTI) sendet auch in diesem Jahr wieder an mehreren Tagen deutschsprachige Programme direkt von der Sendeanlage Tamsui in Taiwan, so auch heute Abend. Sendetermine und Frequenzen: Alle Sendezeiten sind in UTC angegeben\u2026","rel":"","context":"In &quot;Deutsch&quot;","block_context":{"text":"Deutsch","link":"https:\/\/www.achimbrueckner.de\/dxradio\/php\/wordpress\/?cat=1"},"img":{"alt_text":"","src":"","width":0,"height":0},"classes":[]}],"_links":{"self":[{"href":"https:\/\/www.achimbrueckner.de\/dxradio\/php\/wordpress\/index.php?rest_route=\/wp\/v2\/posts\/17792","targetHints":{"allow":["GET"]}}],"collection":[{"href":"https:\/\/www.achimbrueckner.de\/dxradio\/php\/wordpress\/index.php?rest_route=\/wp\/v2\/posts"}],"about":[{"href":"https:\/\/www.achimbrueckner.de\/dxradio\/php\/wordpress\/index.php?rest_route=\/wp\/v2\/types\/post"}],"author":[{"embeddable":true,"href":"https:\/\/www.achimbrueckner.de\/dxradio\/php\/wordpress\/index.php?rest_route=\/wp\/v2\/users\/1"}],"replies":[{"embeddable":true,"href":"https:\/\/www.achimbrueckner.de\/dxradio\/php\/wordpress\/index.php?rest_route=%2Fwp%2Fv2%2Fcomments&post=17792"}],"version-history":[{"count":0,"href":"https:\/\/www.achimbrueckner.de\/dxradio\/php\/wordpress\/index.php?rest_route=\/wp\/v2\/posts\/17792\/revisions"}],"wp:attachment":[{"href":"https:\/\/www.achimbrueckner.de\/dxradio\/php\/wordpress\/index.php?rest_route=%2Fwp%2Fv2%2Fmedia&parent=17792"}],"wp:term":[{"taxonomy":"category","embeddable":true,"href":"https:\/\/www.achimbrueckner.de\/dxradio\/php\/wordpress\/index.php?rest_route=%2Fwp%2Fv2%2Fcategories&post=17792"},{"taxonomy":"post_tag","embeddable":true,"href":"https:\/\/www.achimbrueckner.de\/dxradio\/php\/wordpress\/index.php?rest_route=%2Fwp%2Fv2%2Ftags&post=17792"}],"curies":[{"name":"wp","href":"https:\/\/api.w.org\/{rel}","templated":true}]}}