{"id":17795,"date":"2018-05-17T18:55:34","date_gmt":"2018-05-17T18:55:34","guid":{"rendered":"https:\/\/www.achimbrueckner.de\/dxradio\/php\/wordpress\/?p=17795"},"modified":"2018-05-17T18:55:34","modified_gmt":"2018-05-17T18:55:34","slug":"wer-gegen-den-rundfunkbeitrag-vor-gericht-zieht","status":"publish","type":"post","link":"https:\/\/www.achimbrueckner.de\/dxradio\/php\/wordpress\/?p=17795","title":{"rendered":"Wer gegen den Rundfunkbeitrag vor Gericht zieht"},"content":{"rendered":"<p><a href=\"http:\/\/www.sueddeutsche.de\/medien\/beitragsgegner-wer-gegen-den-rundfunkbeitrag-vor-gericht-zieht-1.3980479\" rel=\"noopener\" target=\"_blank\">http:\/\/www.sueddeutsche.de\/medien\/beitragsgegner-wer-gegen-den-rundfunkbeitrag-vor-gericht-zieht-1.3980479<\/a><\/p>\n","protected":false},"excerpt":{"rendered":"<p>http:\/\/www.sueddeutsche.de\/medien\/beitragsgegner-wer-gegen-den-rundfunkbeitrag-vor-gericht-zieht-1.3980479<\/p>\n","protected":false},"author":1,"featured_media":0,"comment_status":"closed","ping_status":"open","sticky":false,"template":"","format":"standard","meta":{"_jetpack_memberships_contains_paid_content":false,"footnotes":"","jetpack_publicize_message":"","jetpack_publicize_feature_enabled":true,"jetpack_social_post_already_shared":true,"jetpack_social_options":{"image_generator_settings":{"template":"highway","default_image_id":0,"font":"","enabled":false},"version":2}},"categories":[1,15],"tags":[45],"class_list":["post-17795","post","type-post","status-publish","format-standard","hentry","category-deutsch","category-medien","tag-medien"],"jetpack_publicize_connections":[],"jetpack_featured_media_url":"","jetpack_sharing_enabled":true,"jetpack_shortlink":"https:\/\/wp.me\/p5CDmr-4D1","jetpack-related-posts":[{"id":7453,"url":"https:\/\/www.achimbrueckner.de\/dxradio\/php\/wordpress\/?p=7453","url_meta":{"origin":17795,"position":0},"title":"Rundfunkbeitrag vor Gericht Warum den vollen Beitrag zahlen, wenn ich nur Radio h\u00f6re?","author":"Administrator","date":"February 5, 2016","format":false,"excerpt":"http:\/\/www.tagesspiegel.de\/medien\/rundfunkbeitrag-vor-gericht-warum-den-vollen-beitrag-zahlen-wenn-ich-nur-radio-hoere\/12917472.html","rel":"","context":"In &quot;Deutsch&quot;","block_context":{"text":"Deutsch","link":"https:\/\/www.achimbrueckner.de\/dxradio\/php\/wordpress\/?cat=1"},"img":{"alt_text":"","src":"","width":0,"height":0},"classes":[]},{"id":44027,"url":"https:\/\/www.achimbrueckner.de\/dxradio\/php\/wordpress\/?p=44027","url_meta":{"origin":17795,"position":1},"title":"Klage gegen Rundfunkbeitrag Entscheidung mit Aussicht auf noch mehr Klagen","author":"Administrator","date":"October 16, 2025","format":false,"excerpt":"https:\/\/taz.de\/Wer-ARD-und-ZDF-fuer-einseitig-haelt-kann-nun-gegen-den-Rundfunkbeitrag-klagen\/!6121023\/","rel":"","context":"In &quot;Deutsch&quot;","block_context":{"text":"Deutsch","link":"https:\/\/www.achimbrueckner.de\/dxradio\/php\/wordpress\/?cat=1"},"img":{"alt_text":"","src":"","width":0,"height":0},"classes":[]},{"id":27957,"url":"https:\/\/www.achimbrueckner.de\/dxradio\/php\/wordpress\/?p=27957","url_meta":{"origin":17795,"position":2},"title":"Corona k\u00f6nnte den Rundfunkbeitrag senken","author":"Administrator","date":"April 3, 2020","format":false,"excerpt":"https:\/\/www.faz.net\/aktuell\/feuilleton\/medien\/corona-koennte-den-rundfunkbeitrag-senken-16708742.html","rel":"","context":"In &quot;Deutsch&quot;","block_context":{"text":"Deutsch","link":"https:\/\/www.achimbrueckner.de\/dxradio\/php\/wordpress\/?cat=1"},"img":{"alt_text":"","src":"","width":0,"height":0},"classes":[]},{"id":39139,"url":"https:\/\/www.achimbrueckner.de\/dxradio\/php\/wordpress\/?p=39139","url_meta":{"origin":17795,"position":3},"title":"Vor Stichtag zu Rundfunkbeitrag: neue Spekulationen \u00fcber Finanzen","author":"Administrator","date":"March 27, 2023","format":false,"excerpt":"https:\/\/www.meedia.de\/medien\/vor-stichtag-zu-rundfunkbeitrag-neue-spekulationen-ueber-finanzen-883de2e9dd640cd28a15951cfdd06f70","rel":"","context":"In &quot;Deutsch&quot;","block_context":{"text":"Deutsch","link":"https:\/\/www.achimbrueckner.de\/dxradio\/php\/wordpress\/?cat=1"},"img":{"alt_text":"","src":"","width":0,"height":0},"classes":[]},{"id":10356,"url":"https:\/\/www.achimbrueckner.de\/dxradio\/php\/wordpress\/?p=10356","url_meta":{"origin":17795,"position":4},"title":"F\u00fcr den Rundfunkbeitrag muss keiner mehr ins Gef\u00e4ngnis","author":"Administrator","date":"September 13, 2016","format":false,"excerpt":"http:\/\/www.tagesspiegel.de\/medien\/oeffentlich-rechtliche-sender-fuer-den-rundfunkbeitrag-muss-keiner-mehr-ins-gefaengnis\/14539400.html","rel":"","context":"In &quot;Deutsch&quot;","block_context":{"text":"Deutsch","link":"https:\/\/www.achimbrueckner.de\/dxradio\/php\/wordpress\/?cat=1"},"img":{"alt_text":"","src":"","width":0,"height":0},"classes":[]},{"id":18098,"url":"https:\/\/www.achimbrueckner.de\/dxradio\/php\/wordpress\/?p=18098","url_meta":{"origin":17795,"position":5},"title":"Indexierter Rundfunkbeitrag Sechs Bundesl\u00e4nder legen einen Reformplan f\u00fcr die \u00f6ffentlich-rechtlichen Sender vor","author":"Administrator","date":"June 7, 2018","format":false,"excerpt":"https:\/\/www.medienkorrespondenz.de\/leitartikel\/artikel\/indexierter-rundfunkbeitrag.html","rel":"","context":"In &quot;Deutsch&quot;","block_context":{"text":"Deutsch","link":"https:\/\/www.achimbrueckner.de\/dxradio\/php\/wordpress\/?cat=1"},"img":{"alt_text":"","src":"","width":0,"height":0},"classes":[]}],"_links":{"self":[{"href":"https:\/\/www.achimbrueckner.de\/dxradio\/php\/wordpress\/index.php?rest_route=\/wp\/v2\/posts\/17795","targetHints":{"allow":["GET"]}}],"collection":[{"href":"https:\/\/www.achimbrueckner.de\/dxradio\/php\/wordpress\/index.php?rest_route=\/wp\/v2\/posts"}],"about":[{"href":"https:\/\/www.achimbrueckner.de\/dxradio\/php\/wordpress\/index.php?rest_route=\/wp\/v2\/types\/post"}],"author":[{"embeddable":true,"href":"https:\/\/www.achimbrueckner.de\/dxradio\/php\/wordpress\/index.php?rest_route=\/wp\/v2\/users\/1"}],"replies":[{"embeddable":true,"href":"https:\/\/www.achimbrueckner.de\/dxradio\/php\/wordpress\/index.php?rest_route=%2Fwp%2Fv2%2Fcomments&post=17795"}],"version-history":[{"count":0,"href":"https:\/\/www.achimbrueckner.de\/dxradio\/php\/wordpress\/index.php?rest_route=\/wp\/v2\/posts\/17795\/revisions"}],"wp:attachment":[{"href":"https:\/\/www.achimbrueckner.de\/dxradio\/php\/wordpress\/index.php?rest_route=%2Fwp%2Fv2%2Fmedia&parent=17795"}],"wp:term":[{"taxonomy":"category","embeddable":true,"href":"https:\/\/www.achimbrueckner.de\/dxradio\/php\/wordpress\/index.php?rest_route=%2Fwp%2Fv2%2Fcategories&post=17795"},{"taxonomy":"post_tag","embeddable":true,"href":"https:\/\/www.achimbrueckner.de\/dxradio\/php\/wordpress\/index.php?rest_route=%2Fwp%2Fv2%2Ftags&post=17795"}],"curies":[{"name":"wp","href":"https:\/\/api.w.org\/{rel}","templated":true}]}}