{"id":17811,"date":"2018-05-18T20:48:07","date_gmt":"2018-05-18T20:48:07","guid":{"rendered":"https:\/\/www.achimbrueckner.de\/dxradio\/php\/wordpress\/?p=17811"},"modified":"2018-05-18T20:48:07","modified_gmt":"2018-05-18T20:48:07","slug":"freie-radios-feiern-20-jahriges-jubilaum-in-osterreich","status":"publish","type":"post","link":"https:\/\/www.achimbrueckner.de\/dxradio\/php\/wordpress\/?p=17811","title":{"rendered":"Freie Radios feiern 20 j\u00e4hriges Jubil\u00e4um in \u00d6sterreich"},"content":{"rendered":"<p><a href=\"http:\/\/www.radioszene.de\/122240\/freie-radios-oesterreich-20-jahre.html\" rel=\"noopener\" target=\"_blank\">http:\/\/www.radioszene.de\/122240\/freie-radios-oesterreich-20-jahre.html<\/a><\/p>\n","protected":false},"excerpt":{"rendered":"<p>http:\/\/www.radioszene.de\/122240\/freie-radios-oesterreich-20-jahre.html<\/p>\n","protected":false},"author":1,"featured_media":0,"comment_status":"closed","ping_status":"open","sticky":false,"template":"","format":"standard","meta":{"_jetpack_memberships_contains_paid_content":false,"footnotes":"","jetpack_publicize_message":"","jetpack_publicize_feature_enabled":true,"jetpack_social_post_already_shared":true,"jetpack_social_options":{"image_generator_settings":{"template":"highway","default_image_id":0,"font":"","enabled":false},"version":2}},"categories":[1,16],"tags":[41],"class_list":["post-17811","post","type-post","status-publish","format-standard","hentry","category-deutsch","category-radioszene","tag-radioszene"],"jetpack_publicize_connections":[],"jetpack_featured_media_url":"","jetpack_sharing_enabled":true,"jetpack_shortlink":"https:\/\/wp.me\/p5CDmr-4Dh","jetpack-related-posts":[{"id":5259,"url":"https:\/\/www.achimbrueckner.de\/dxradio\/php\/wordpress\/?p=5259","url_meta":{"origin":17811,"position":0},"title":"Freie Radios in Baden-W\u00fcrttemberg neu auf DAB+","author":"Administrator","date":"July 18, 2015","format":false,"excerpt":"http:\/\/www.radioszene.de\/81794\/freie-radios-baden-wuerttemberg-neu-auf-dab.html","rel":"","context":"In &quot;Deutsch&quot;","block_context":{"text":"Deutsch","link":"https:\/\/www.achimbrueckner.de\/dxradio\/php\/wordpress\/?cat=1"},"img":{"alt_text":"","src":"","width":0,"height":0},"classes":[]},{"id":614,"url":"https:\/\/www.achimbrueckner.de\/dxradio\/php\/wordpress\/?p=614","url_meta":{"origin":17811,"position":1},"title":"Freie Radios Sachsen","author":"Administrator","date":"October 21, 2009","format":false,"excerpt":"Die freien Radios in Sachsen sind von der Abschaltung auf UKW bedroht. Dazu gibt es eine Kundgebung am 26. Oktober 2009 in Leipzig. http:\/\/radio.fueralle.org\/2009\/10\/kundgebung-am-2610-in-leipzig.html Info via Radioszene \u00dcber das Aus der freien Radios in Sachsen handelt auch dieser THread im Radioforum: http:\/\/forum.mysnip.de\/read.php?8773,736496","rel":"","context":"In &quot;Deutsch&quot;","block_context":{"text":"Deutsch","link":"https:\/\/www.achimbrueckner.de\/dxradio\/php\/wordpress\/?cat=1"},"img":{"alt_text":"","src":"","width":0,"height":0},"classes":[]},{"id":4506,"url":"https:\/\/www.achimbrueckner.de\/dxradio\/php\/wordpress\/?p=4506","url_meta":{"origin":17811,"position":2},"title":"Freie Radios k\u00f6nnen Aufatmen","author":"Administrator","date":"April 30, 2015","format":false,"excerpt":"https:\/\/www.addn.me\/freiraeume\/freie-radios-koennen-aufatmen\/","rel":"","context":"In &quot;Deutsch&quot;","block_context":{"text":"Deutsch","link":"https:\/\/www.achimbrueckner.de\/dxradio\/php\/wordpress\/?cat=1"},"img":{"alt_text":"","src":"","width":0,"height":0},"classes":[]},{"id":18229,"url":"https:\/\/www.achimbrueckner.de\/dxradio\/php\/wordpress\/?p=18229","url_meta":{"origin":17811,"position":3},"title":"Freie Radios \u00d6sterreichs haben neuen Vorstand gew\u00e4hlt","author":"Administrator","date":"June 14, 2018","format":false,"excerpt":"https:\/\/www.infosat.de\/radio\/freie-radios-sterreichs-haben-neuen-vorstand-gew-hlt","rel":"","context":"In &quot;Deutsch&quot;","block_context":{"text":"Deutsch","link":"https:\/\/www.achimbrueckner.de\/dxradio\/php\/wordpress\/?cat=1"},"img":{"alt_text":"","src":"","width":0,"height":0},"classes":[]},{"id":10810,"url":"https:\/\/www.achimbrueckner.de\/dxradio\/php\/wordpress\/?p=10810","url_meta":{"origin":17811,"position":4},"title":"B\u00fcrgerpreis statt Basisfinanzierung f\u00fcr zwei freie Radios","author":"Administrator","date":"October 23, 2016","format":false,"excerpt":"https:\/\/rdl.de\/beitrag\/b-rgerpreis-statt-basisfinanzierung-f-r-zwei-freie-radios","rel":"","context":"In &quot;Deutsch&quot;","block_context":{"text":"Deutsch","link":"https:\/\/www.achimbrueckner.de\/dxradio\/php\/wordpress\/?cat=1"},"img":{"alt_text":"","src":"","width":0,"height":0},"classes":[]},{"id":30563,"url":"https:\/\/www.achimbrueckner.de\/dxradio\/php\/wordpress\/?p=30563","url_meta":{"origin":17811,"position":5},"title":"Freie Radios \u00d6sterreich: Ein Radio-Roadtripp zu neuer Mobilit\u00e4t","author":"Administrator","date":"October 24, 2020","format":false,"excerpt":"https:\/\/www.ots.at\/presseaussendung\/OTS_20201022_OTS0031\/freie-radios-oesterreich-ein-radio-roadtripp-zu-neuer-mobilitaet","rel":"","context":"In &quot;Deutsch&quot;","block_context":{"text":"Deutsch","link":"https:\/\/www.achimbrueckner.de\/dxradio\/php\/wordpress\/?cat=1"},"img":{"alt_text":"","src":"","width":0,"height":0},"classes":[]}],"_links":{"self":[{"href":"https:\/\/www.achimbrueckner.de\/dxradio\/php\/wordpress\/index.php?rest_route=\/wp\/v2\/posts\/17811","targetHints":{"allow":["GET"]}}],"collection":[{"href":"https:\/\/www.achimbrueckner.de\/dxradio\/php\/wordpress\/index.php?rest_route=\/wp\/v2\/posts"}],"about":[{"href":"https:\/\/www.achimbrueckner.de\/dxradio\/php\/wordpress\/index.php?rest_route=\/wp\/v2\/types\/post"}],"author":[{"embeddable":true,"href":"https:\/\/www.achimbrueckner.de\/dxradio\/php\/wordpress\/index.php?rest_route=\/wp\/v2\/users\/1"}],"replies":[{"embeddable":true,"href":"https:\/\/www.achimbrueckner.de\/dxradio\/php\/wordpress\/index.php?rest_route=%2Fwp%2Fv2%2Fcomments&post=17811"}],"version-history":[{"count":0,"href":"https:\/\/www.achimbrueckner.de\/dxradio\/php\/wordpress\/index.php?rest_route=\/wp\/v2\/posts\/17811\/revisions"}],"wp:attachment":[{"href":"https:\/\/www.achimbrueckner.de\/dxradio\/php\/wordpress\/index.php?rest_route=%2Fwp%2Fv2%2Fmedia&parent=17811"}],"wp:term":[{"taxonomy":"category","embeddable":true,"href":"https:\/\/www.achimbrueckner.de\/dxradio\/php\/wordpress\/index.php?rest_route=%2Fwp%2Fv2%2Fcategories&post=17811"},{"taxonomy":"post_tag","embeddable":true,"href":"https:\/\/www.achimbrueckner.de\/dxradio\/php\/wordpress\/index.php?rest_route=%2Fwp%2Fv2%2Ftags&post=17811"}],"curies":[{"name":"wp","href":"https:\/\/api.w.org\/{rel}","templated":true}]}}