{"id":17818,"date":"2018-05-18T21:01:25","date_gmt":"2018-05-18T21:01:25","guid":{"rendered":"https:\/\/www.achimbrueckner.de\/dxradio\/php\/wordpress\/?p=17818"},"modified":"2018-05-18T21:01:25","modified_gmt":"2018-05-18T21:01:25","slug":"uber-50-prozent-der-briten-horen-radio-via-dab-co","status":"publish","type":"post","link":"https:\/\/www.achimbrueckner.de\/dxradio\/php\/wordpress\/?p=17818","title":{"rendered":"\u00dcber 50 Prozent der Briten h\u00f6ren Radio via DAB &#038; Co"},"content":{"rendered":"<p><a href=\"http:\/\/www.radiowoche.de\/mehr-als-50-prozent-der-briten-hoeren-radio-via-dab-co\/\" rel=\"noopener\" target=\"_blank\">http:\/\/www.radiowoche.de\/mehr-als-50-prozent-der-briten-hoeren-radio-via-dab-co\/<\/a><\/p>\n","protected":false},"excerpt":{"rendered":"<p>http:\/\/www.radiowoche.de\/mehr-als-50-prozent-der-briten-hoeren-radio-via-dab-co\/<\/p>\n","protected":false},"author":1,"featured_media":0,"comment_status":"closed","ping_status":"open","sticky":false,"template":"","format":"standard","meta":{"_jetpack_memberships_contains_paid_content":false,"footnotes":"","jetpack_publicize_message":"","jetpack_publicize_feature_enabled":true,"jetpack_social_post_already_shared":true,"jetpack_social_options":{"image_generator_settings":{"template":"highway","default_image_id":0,"font":"","enabled":false},"version":2}},"categories":[1],"tags":[31],"class_list":["post-17818","post","type-post","status-publish","format-standard","hentry","category-deutsch","tag-dab"],"jetpack_publicize_connections":[],"jetpack_featured_media_url":"","jetpack_sharing_enabled":true,"jetpack_shortlink":"https:\/\/wp.me\/p5CDmr-4Do","jetpack-related-posts":[{"id":13248,"url":"https:\/\/www.achimbrueckner.de\/dxradio\/php\/wordpress\/?p=13248","url_meta":{"origin":17818,"position":0},"title":"Digitalradionutzung in Gro\u00dfbritannien n\u00e4hert sich der 50 Prozent-Marke \u2013 ein Drittel h\u00f6rt Radio via DAB","author":"Administrator","date":"May 22, 2017","format":false,"excerpt":"http:\/\/www.radiowoche.de\/digital-radio-nutzung-in-grossbritannien-naehert-sich-der-50-prozent-marke\/","rel":"","context":"In &quot;Deutsch&quot;","block_context":{"text":"Deutsch","link":"https:\/\/www.achimbrueckner.de\/dxradio\/php\/wordpress\/?cat=1"},"img":{"alt_text":"","src":"","width":0,"height":0},"classes":[]},{"id":39782,"url":"https:\/\/www.achimbrueckner.de\/dxradio\/php\/wordpress\/?p=39782","url_meta":{"origin":17818,"position":1},"title":"Erste Vorabergebnisse der FAB H\u00f6rfunk 2023: Mehr als 30 Prozent h\u00f6ren t\u00e4glich terrestrisches Digitalradio","author":"Administrator","date":"July 5, 2023","format":false,"excerpt":"https:\/\/www.radiowoche.de\/erste-vorabergebnisse-der-fab-hoerfunk-2023-mehr-als-30-prozent-hoeren-taeglich-terrestrisches-digitalradio\/","rel":"","context":"In &quot;Deutsch&quot;","block_context":{"text":"Deutsch","link":"https:\/\/www.achimbrueckner.de\/dxradio\/php\/wordpress\/?cat=1"},"img":{"alt_text":"","src":"","width":0,"height":0},"classes":[]},{"id":9062,"url":"https:\/\/www.achimbrueckner.de\/dxradio\/php\/wordpress\/?p=9062","url_meta":{"origin":17818,"position":2},"title":"Britische Radioreichweiten: Digitalradio w\u00e4chst, junge Briten h\u00f6ren weniger Radio, BBC Radio 4 kann dank Brexit-Debatte zulegen","author":"Administrator","date":"August 7, 2016","format":false,"excerpt":"http:\/\/www.radiowoche.de\/britische-radioreichweiten-digitalradio-waechst-junge-briten-hoeren-weniger-radio-bbc-radio-4-legt-dank-brexit-debatte-zu\/","rel":"","context":"In &quot;Deutsch&quot;","block_context":{"text":"Deutsch","link":"https:\/\/www.achimbrueckner.de\/dxradio\/php\/wordpress\/?cat=1"},"img":{"alt_text":"","src":"","width":0,"height":0},"classes":[]},{"id":31179,"url":"https:\/\/www.achimbrueckner.de\/dxradio\/php\/wordpress\/?p=31179","url_meta":{"origin":17818,"position":3},"title":"DAB+ 2020: Zweite nationale Programmplattform auf Sendung \/ DAB+ Nutzung steigt um mehr als 50 Prozent \/ Digitalradiopflicht im Dezember","author":"Administrator","date":"December 16, 2020","format":false,"excerpt":"https:\/\/www.dabplus.de\/2020\/12\/15\/dab-2020-zweite-nationale-programmplattform-auf-sendung-dab-nutzung-steigt-um-mehr-als-50-prozent-digitalradiopflicht-im-dezember\/","rel":"","context":"In &quot;Deutsch&quot;","block_context":{"text":"Deutsch","link":"https:\/\/www.achimbrueckner.de\/dxradio\/php\/wordpress\/?cat=1"},"img":{"alt_text":"","src":"","width":0,"height":0},"classes":[]},{"id":25765,"url":"https:\/\/www.achimbrueckner.de\/dxradio\/php\/wordpress\/?p=25765","url_meta":{"origin":17818,"position":4},"title":"105 DJ Radio startet in der Deutschschweiz via DAB+","author":"Administrator","date":"November 14, 2019","format":false,"excerpt":"http:\/\/www.radiowoche.de\/105-dj-radio-startet-in-der-deutschschweiz-via-dab\/","rel":"","context":"In &quot;Deutsch&quot;","block_context":{"text":"Deutsch","link":"https:\/\/www.achimbrueckner.de\/dxradio\/php\/wordpress\/?cat=1"},"img":{"alt_text":"","src":"","width":0,"height":0},"classes":[]},{"id":13589,"url":"https:\/\/www.achimbrueckner.de\/dxradio\/php\/wordpress\/?p=13589","url_meta":{"origin":17818,"position":5},"title":"\u00dcber 20 Prozent der Bayern besitzen ein DAB+-Radio","author":"Administrator","date":"July 4, 2017","format":false,"excerpt":"https:\/\/www.teltarif.de\/digitalradio-dab-plus-bayern-verbreitung\/news\/69201.html","rel":"","context":"In &quot;Deutsch&quot;","block_context":{"text":"Deutsch","link":"https:\/\/www.achimbrueckner.de\/dxradio\/php\/wordpress\/?cat=1"},"img":{"alt_text":"","src":"","width":0,"height":0},"classes":[]}],"_links":{"self":[{"href":"https:\/\/www.achimbrueckner.de\/dxradio\/php\/wordpress\/index.php?rest_route=\/wp\/v2\/posts\/17818","targetHints":{"allow":["GET"]}}],"collection":[{"href":"https:\/\/www.achimbrueckner.de\/dxradio\/php\/wordpress\/index.php?rest_route=\/wp\/v2\/posts"}],"about":[{"href":"https:\/\/www.achimbrueckner.de\/dxradio\/php\/wordpress\/index.php?rest_route=\/wp\/v2\/types\/post"}],"author":[{"embeddable":true,"href":"https:\/\/www.achimbrueckner.de\/dxradio\/php\/wordpress\/index.php?rest_route=\/wp\/v2\/users\/1"}],"replies":[{"embeddable":true,"href":"https:\/\/www.achimbrueckner.de\/dxradio\/php\/wordpress\/index.php?rest_route=%2Fwp%2Fv2%2Fcomments&post=17818"}],"version-history":[{"count":0,"href":"https:\/\/www.achimbrueckner.de\/dxradio\/php\/wordpress\/index.php?rest_route=\/wp\/v2\/posts\/17818\/revisions"}],"wp:attachment":[{"href":"https:\/\/www.achimbrueckner.de\/dxradio\/php\/wordpress\/index.php?rest_route=%2Fwp%2Fv2%2Fmedia&parent=17818"}],"wp:term":[{"taxonomy":"category","embeddable":true,"href":"https:\/\/www.achimbrueckner.de\/dxradio\/php\/wordpress\/index.php?rest_route=%2Fwp%2Fv2%2Fcategories&post=17818"},{"taxonomy":"post_tag","embeddable":true,"href":"https:\/\/www.achimbrueckner.de\/dxradio\/php\/wordpress\/index.php?rest_route=%2Fwp%2Fv2%2Ftags&post=17818"}],"curies":[{"name":"wp","href":"https:\/\/api.w.org\/{rel}","templated":true}]}}