{"id":17852,"date":"2018-05-21T08:31:22","date_gmt":"2018-05-21T08:31:22","guid":{"rendered":"https:\/\/www.achimbrueckner.de\/dxradio\/php\/wordpress\/?p=17852"},"modified":"2018-05-21T08:31:22","modified_gmt":"2018-05-21T08:31:22","slug":"streaming-wie-spotify-musik-zur-monokultur-macht","status":"publish","type":"post","link":"https:\/\/www.achimbrueckner.de\/dxradio\/php\/wordpress\/?p=17852","title":{"rendered":"Streaming Wie Spotify Musik zur Monokultur macht"},"content":{"rendered":"<p><a href=\"http:\/\/www.spiegel.de\/kultur\/musik\/spotify-wie-der-streaming-gigant-musik-zur-monokultur-macht-a-1201972.html\" rel=\"noopener\" target=\"_blank\">http:\/\/www.spiegel.de\/kultur\/musik\/spotify-wie-der-streaming-gigant-musik-zur-monokultur-macht-a-1201972.html<\/a><\/p>\n","protected":false},"excerpt":{"rendered":"<p>http:\/\/www.spiegel.de\/kultur\/musik\/spotify-wie-der-streaming-gigant-musik-zur-monokultur-macht-a-1201972.html<\/p>\n","protected":false},"author":1,"featured_media":0,"comment_status":"closed","ping_status":"open","sticky":false,"template":"","format":"standard","meta":{"_jetpack_memberships_contains_paid_content":false,"footnotes":"","jetpack_publicize_message":"","jetpack_publicize_feature_enabled":true,"jetpack_social_post_already_shared":true,"jetpack_social_options":{"image_generator_settings":{"template":"highway","default_image_id":0,"font":"","enabled":false},"version":2}},"categories":[1],"tags":[24],"class_list":["post-17852","post","type-post","status-publish","format-standard","hentry","category-deutsch","tag-am"],"jetpack_publicize_connections":[],"jetpack_featured_media_url":"","jetpack_sharing_enabled":true,"jetpack_shortlink":"https:\/\/wp.me\/p5CDmr-4DW","jetpack-related-posts":[{"id":23124,"url":"https:\/\/www.achimbrueckner.de\/dxradio\/php\/wordpress\/?p=23124","url_meta":{"origin":17852,"position":0},"title":"Soundtrack zur Volksverhetzung: Neonazis verbreiten Hass-Musik auf Spotify und Deezer","author":"Administrator","date":"May 16, 2019","format":false,"excerpt":"https:\/\/www.watson.de\/deutschland\/politik\/464348813-spotify-und-deezer-neonazis-verbreiten-ihre-musik-ueber-streaming-dienste","rel":"","context":"In &quot;Deutsch&quot;","block_context":{"text":"Deutsch","link":"https:\/\/www.achimbrueckner.de\/dxradio\/php\/wordpress\/?cat=1"},"img":{"alt_text":"","src":"","width":0,"height":0},"classes":[]},{"id":26449,"url":"https:\/\/www.achimbrueckner.de\/dxradio\/php\/wordpress\/?p=26449","url_meta":{"origin":17852,"position":1},"title":"Folgen f\u00fcr Musik und K\u00fcnstler Wie das Streaming die Musikbranche ver\u00e4ndert hat","author":"Administrator","date":"December 30, 2019","format":false,"excerpt":"https:\/\/www.faz.net\/2.1690\/spotify-und-co-wie-das-streaming-die-musikbranche-veraendert-hat-16555135.html","rel":"","context":"In &quot;English&quot;","block_context":{"text":"English","link":"https:\/\/www.achimbrueckner.de\/dxradio\/php\/wordpress\/?cat=2"},"img":{"alt_text":"","src":"","width":0,"height":0},"classes":[]},{"id":34471,"url":"https:\/\/www.achimbrueckner.de\/dxradio\/php\/wordpress\/?p=34471","url_meta":{"origin":17852,"position":2},"title":"Musik-Streaming-Markt: Spotify f\u00fchrt mit gro\u00dfem Abstand","author":"Administrator","date":"January 23, 2022","format":false,"excerpt":"https:\/\/www.teltarif.de\/musik-streaming-studie-spotify-apple-amazon-music\/news\/86996.html","rel":"","context":"In &quot;Deutsch&quot;","block_context":{"text":"Deutsch","link":"https:\/\/www.achimbrueckner.de\/dxradio\/php\/wordpress\/?cat=1"},"img":{"alt_text":"","src":"","width":0,"height":0},"classes":[]},{"id":4681,"url":"https:\/\/www.achimbrueckner.de\/dxradio\/php\/wordpress\/?p=4681","url_meta":{"origin":17852,"position":3},"title":"Musik-Streaming Deezer kommt Spotify zuvor","author":"Administrator","date":"May 20, 2015","format":false,"excerpt":"http:\/\/www.tagesspiegel.de\/medien\/musik-streaming-deezer-kommt-spotify-zuvor\/11801880.html","rel":"","context":"In &quot;Deutsch&quot;","block_context":{"text":"Deutsch","link":"https:\/\/www.achimbrueckner.de\/dxradio\/php\/wordpress\/?cat=1"},"img":{"alt_text":"","src":"","width":0,"height":0},"classes":[]},{"id":25839,"url":"https:\/\/www.achimbrueckner.de\/dxradio\/php\/wordpress\/?p=25839","url_meta":{"origin":17852,"position":4},"title":"Musik-Streaming: TikTok-Entwickler greifen Spotify und Co. an","author":"Administrator","date":"November 19, 2019","format":false,"excerpt":"https:\/\/www.areamobile.de\/TikTok-Firma-274832\/News\/Musik-Streaming-TikTok-Entwickler-greifen-Spotify-und-Co-an-1337303\/","rel":"","context":"In &quot;Deutsch&quot;","block_context":{"text":"Deutsch","link":"https:\/\/www.achimbrueckner.de\/dxradio\/php\/wordpress\/?cat=1"},"img":{"alt_text":"","src":"","width":0,"height":0},"classes":[]},{"id":21371,"url":"https:\/\/www.achimbrueckner.de\/dxradio\/php\/wordpress\/?p=21371","url_meta":{"origin":17852,"position":5},"title":"Spotify-Bilanz: Der schwedische Musik-Streaming-Pionier durchbricht 200-Millionen-Abonnenten-Marke","author":"Administrator","date":"February 8, 2019","format":false,"excerpt":"https:\/\/meedia.de\/2019\/02\/06\/spotify-bilanz-der-schwedische-musik-streaming-pionier-durchbricht-200-millionen-abonnenten-marke\/","rel":"","context":"In &quot;Deutsch&quot;","block_context":{"text":"Deutsch","link":"https:\/\/www.achimbrueckner.de\/dxradio\/php\/wordpress\/?cat=1"},"img":{"alt_text":"","src":"","width":0,"height":0},"classes":[]}],"_links":{"self":[{"href":"https:\/\/www.achimbrueckner.de\/dxradio\/php\/wordpress\/index.php?rest_route=\/wp\/v2\/posts\/17852","targetHints":{"allow":["GET"]}}],"collection":[{"href":"https:\/\/www.achimbrueckner.de\/dxradio\/php\/wordpress\/index.php?rest_route=\/wp\/v2\/posts"}],"about":[{"href":"https:\/\/www.achimbrueckner.de\/dxradio\/php\/wordpress\/index.php?rest_route=\/wp\/v2\/types\/post"}],"author":[{"embeddable":true,"href":"https:\/\/www.achimbrueckner.de\/dxradio\/php\/wordpress\/index.php?rest_route=\/wp\/v2\/users\/1"}],"replies":[{"embeddable":true,"href":"https:\/\/www.achimbrueckner.de\/dxradio\/php\/wordpress\/index.php?rest_route=%2Fwp%2Fv2%2Fcomments&post=17852"}],"version-history":[{"count":0,"href":"https:\/\/www.achimbrueckner.de\/dxradio\/php\/wordpress\/index.php?rest_route=\/wp\/v2\/posts\/17852\/revisions"}],"wp:attachment":[{"href":"https:\/\/www.achimbrueckner.de\/dxradio\/php\/wordpress\/index.php?rest_route=%2Fwp%2Fv2%2Fmedia&parent=17852"}],"wp:term":[{"taxonomy":"category","embeddable":true,"href":"https:\/\/www.achimbrueckner.de\/dxradio\/php\/wordpress\/index.php?rest_route=%2Fwp%2Fv2%2Fcategories&post=17852"},{"taxonomy":"post_tag","embeddable":true,"href":"https:\/\/www.achimbrueckner.de\/dxradio\/php\/wordpress\/index.php?rest_route=%2Fwp%2Fv2%2Ftags&post=17852"}],"curies":[{"name":"wp","href":"https:\/\/api.w.org\/{rel}","templated":true}]}}