{"id":17853,"date":"2018-05-21T16:20:59","date_gmt":"2018-05-21T16:20:59","guid":{"rendered":"https:\/\/www.achimbrueckner.de\/dxradio\/php\/wordpress\/?p=17853"},"modified":"2018-05-21T16:20:59","modified_gmt":"2018-05-21T16:20:59","slug":"radiolegende-jurgen-jurgens-ist-tot","status":"publish","type":"post","link":"https:\/\/www.achimbrueckner.de\/dxradio\/php\/wordpress\/?p=17853","title":{"rendered":"Radiolegende J\u00fcrgen J\u00fcrgens ist tot"},"content":{"rendered":"<p><a href=\"https:\/\/www.rbb24.de\/kultur\/beitrag\/2018\/03\/juergen-juergens-gestorben-nachruf.html\" rel=\"noopener\" target=\"_blank\">https:\/\/www.rbb24.de\/kultur\/beitrag\/2018\/03\/juergen-juergens-gestorben-nachruf.html<\/a><\/p>\n","protected":false},"excerpt":{"rendered":"<p>https:\/\/www.rbb24.de\/kultur\/beitrag\/2018\/03\/juergen-juergens-gestorben-nachruf.html<\/p>\n","protected":false},"author":1,"featured_media":0,"comment_status":"closed","ping_status":"open","sticky":false,"template":"","format":"standard","meta":{"_jetpack_memberships_contains_paid_content":false,"footnotes":"","jetpack_publicize_message":"","jetpack_publicize_feature_enabled":true,"jetpack_social_post_already_shared":true,"jetpack_social_options":{"image_generator_settings":{"template":"highway","default_image_id":0,"font":"","enabled":false},"version":2}},"categories":[1],"tags":[],"class_list":["post-17853","post","type-post","status-publish","format-standard","hentry","category-deutsch"],"jetpack_publicize_connections":[],"jetpack_featured_media_url":"","jetpack_sharing_enabled":true,"jetpack_shortlink":"https:\/\/wp.me\/p5CDmr-4DX","jetpack-related-posts":[{"id":29124,"url":"https:\/\/www.achimbrueckner.de\/dxradio\/php\/wordpress\/?p=29124","url_meta":{"origin":17853,"position":0},"title":"Kultmoderator starb mit 76 Rias-Legende Lord Knud ist tot","author":"Administrator","date":"June 19, 2020","format":false,"excerpt":"https:\/\/www.rbb24.de\/kultur\/beitrag\/2020\/06\/rias-legende-lord-knud-kuntze-gestorben-.html","rel":"","context":"In &quot;Deutsch&quot;","block_context":{"text":"Deutsch","link":"https:\/\/www.achimbrueckner.de\/dxradio\/php\/wordpress\/?cat=1"},"img":{"alt_text":"","src":"","width":0,"height":0},"classes":[]},{"id":15586,"url":"https:\/\/www.achimbrueckner.de\/dxradio\/php\/wordpress\/?p=15586","url_meta":{"origin":17853,"position":1},"title":"50 Jahre \u201cHey Music\u201d: Deutschlands dienst\u00e4lteste Hitparade mit J\u00fcrgen J\u00fcrgens geht in Rente","author":"Administrator","date":"November 20, 2017","format":false,"excerpt":"http:\/\/www.radioszene.de\/115274\/juergen-juergens-50-jahre-hey-music.html","rel":"","context":"In &quot;Deutsch&quot;","block_context":{"text":"Deutsch","link":"https:\/\/www.achimbrueckner.de\/dxradio\/php\/wordpress\/?cat=1"},"img":{"alt_text":"","src":"","width":0,"height":0},"classes":[]},{"id":26245,"url":"https:\/\/www.achimbrueckner.de\/dxradio\/php\/wordpress\/?p=26245","url_meta":{"origin":17853,"position":2},"title":"K\u00f6pfe-Interview: Wie Tina J\u00fcrgens Werbekunden Podcasts schmackhaft macht","author":"Administrator","date":"December 19, 2019","format":false,"excerpt":"https:\/\/kress.de\/news\/detail\/beitrag\/144131-koepfe-interview-wie-tina-juergens-werbekunden-podcasts-schmackhaft-macht.html","rel":"","context":"In &quot;Deutsch&quot;","block_context":{"text":"Deutsch","link":"https:\/\/www.achimbrueckner.de\/dxradio\/php\/wordpress\/?cat=1"},"img":{"alt_text":"","src":"","width":0,"height":0},"classes":[]},{"id":39463,"url":"https:\/\/www.achimbrueckner.de\/dxradio\/php\/wordpress\/?p=39463","url_meta":{"origin":17853,"position":3},"title":"Trauer um Radiolegende: Wolf-Dieter Stubel ist tot","author":"Administrator","date":"May 10, 2023","format":false,"excerpt":"https:\/\/www.ndr.de\/kultur\/Trauer-um-Radiolegende-Wolf-Dieter-Stubel-ist-tot-,kulturkurzmeldung3410.html","rel":"","context":"In &quot;Deutsch&quot;","block_context":{"text":"Deutsch","link":"https:\/\/www.achimbrueckner.de\/dxradio\/php\/wordpress\/?cat=1"},"img":{"alt_text":"","src":"","width":0,"height":0},"classes":[]},{"id":18547,"url":"https:\/\/www.achimbrueckner.de\/dxradio\/php\/wordpress\/?p=18547","url_meta":{"origin":17853,"position":4},"title":"Radio-Legende von \u00abGood Morning, Vietnam\u00bb ist tot","author":"Administrator","date":"July 20, 2018","format":false,"excerpt":"https:\/\/www.tagesanzeiger.ch\/kultur\/radiolegende-von-good-morning-vietnam-ist-tot\/story\/27732468","rel":"","context":"In &quot;Deutsch&quot;","block_context":{"text":"Deutsch","link":"https:\/\/www.achimbrueckner.de\/dxradio\/php\/wordpress\/?cat=1"},"img":{"alt_text":"","src":"","width":0,"height":0},"classes":[]},{"id":38928,"url":"https:\/\/www.achimbrueckner.de\/dxradio\/php\/wordpress\/?p=38928","url_meta":{"origin":17853,"position":5},"title":"Wegbereiter des rbb Fr\u00fcherer SFB-Intendant G\u00fcnther von Lojewski ist tot","author":"Administrator","date":"February 28, 2023","format":false,"excerpt":"https:\/\/www.rbb24.de\/panorama\/beitrag\/2023\/02\/sender-freies-berlin-sfb-intendant-guenther-von-lojewski-tot.html","rel":"","context":"In &quot;Deutsch&quot;","block_context":{"text":"Deutsch","link":"https:\/\/www.achimbrueckner.de\/dxradio\/php\/wordpress\/?cat=1"},"img":{"alt_text":"","src":"","width":0,"height":0},"classes":[]}],"_links":{"self":[{"href":"https:\/\/www.achimbrueckner.de\/dxradio\/php\/wordpress\/index.php?rest_route=\/wp\/v2\/posts\/17853","targetHints":{"allow":["GET"]}}],"collection":[{"href":"https:\/\/www.achimbrueckner.de\/dxradio\/php\/wordpress\/index.php?rest_route=\/wp\/v2\/posts"}],"about":[{"href":"https:\/\/www.achimbrueckner.de\/dxradio\/php\/wordpress\/index.php?rest_route=\/wp\/v2\/types\/post"}],"author":[{"embeddable":true,"href":"https:\/\/www.achimbrueckner.de\/dxradio\/php\/wordpress\/index.php?rest_route=\/wp\/v2\/users\/1"}],"replies":[{"embeddable":true,"href":"https:\/\/www.achimbrueckner.de\/dxradio\/php\/wordpress\/index.php?rest_route=%2Fwp%2Fv2%2Fcomments&post=17853"}],"version-history":[{"count":0,"href":"https:\/\/www.achimbrueckner.de\/dxradio\/php\/wordpress\/index.php?rest_route=\/wp\/v2\/posts\/17853\/revisions"}],"wp:attachment":[{"href":"https:\/\/www.achimbrueckner.de\/dxradio\/php\/wordpress\/index.php?rest_route=%2Fwp%2Fv2%2Fmedia&parent=17853"}],"wp:term":[{"taxonomy":"category","embeddable":true,"href":"https:\/\/www.achimbrueckner.de\/dxradio\/php\/wordpress\/index.php?rest_route=%2Fwp%2Fv2%2Fcategories&post=17853"},{"taxonomy":"post_tag","embeddable":true,"href":"https:\/\/www.achimbrueckner.de\/dxradio\/php\/wordpress\/index.php?rest_route=%2Fwp%2Fv2%2Ftags&post=17853"}],"curies":[{"name":"wp","href":"https:\/\/api.w.org\/{rel}","templated":true}]}}