{"id":17898,"date":"2018-05-23T19:45:10","date_gmt":"2018-05-23T19:45:10","guid":{"rendered":"https:\/\/www.achimbrueckner.de\/dxradio\/php\/wordpress\/?p=17898"},"modified":"2018-05-23T19:45:10","modified_gmt":"2018-05-23T19:45:10","slug":"unerreichbar-der-funkturm-in-walle","status":"publish","type":"post","link":"https:\/\/www.achimbrueckner.de\/dxradio\/php\/wordpress\/?p=17898","title":{"rendered":"Unerreichbar: Der Funkturm in Walle"},"content":{"rendered":"<p><a href=\"https:\/\/www.weser-kurier.de\/bremen\/bremen-stadt_artikel,-unerreichbar-der-funkturm-in-walle-_arid,1732368.html\" rel=\"noopener\" target=\"_blank\">https:\/\/www.weser-kurier.de\/bremen\/bremen-stadt_artikel,-unerreichbar-der-funkturm-in-walle-_arid,1732368.html<\/a><\/p>\n","protected":false},"excerpt":{"rendered":"<p>https:\/\/www.weser-kurier.de\/bremen\/bremen-stadt_artikel,-unerreichbar-der-funkturm-in-walle-_arid,1732368.html<\/p>\n","protected":false},"author":1,"featured_media":0,"comment_status":"closed","ping_status":"open","sticky":false,"template":"","format":"standard","meta":{"_jetpack_memberships_contains_paid_content":false,"footnotes":"","jetpack_publicize_message":"","jetpack_publicize_feature_enabled":true,"jetpack_social_post_already_shared":true,"jetpack_social_options":{"image_generator_settings":{"template":"highway","default_image_id":0,"font":"","enabled":false},"version":2}},"categories":[1],"tags":[],"class_list":["post-17898","post","type-post","status-publish","format-standard","hentry","category-deutsch"],"jetpack_publicize_connections":[],"jetpack_featured_media_url":"","jetpack_sharing_enabled":true,"jetpack_shortlink":"https:\/\/wp.me\/p5CDmr-4EG","jetpack-related-posts":[{"id":5643,"url":"https:\/\/www.achimbrueckner.de\/dxradio\/php\/wordpress\/?p=5643","url_meta":{"origin":17898,"position":0},"title":"Reparaturen am Funkturm Radios im Raum Bremen bleiben stumm","author":"Administrator","date":"August 22, 2015","format":false,"excerpt":"http:\/\/www.radiobremen.de\/bremeneins\/sendeturmarbeitenukw100.html","rel":"","context":"In &quot;Deutsch&quot;","block_context":{"text":"Deutsch","link":"https:\/\/www.achimbrueckner.de\/dxradio\/php\/wordpress\/?cat=1"},"img":{"alt_text":"","src":"","width":0,"height":0},"classes":[]},{"id":13603,"url":"https:\/\/www.achimbrueckner.de\/dxradio\/php\/wordpress\/?p=13603","url_meta":{"origin":17898,"position":1},"title":"Der Funkturm tr\u00e4gt ein Kleid","author":"Administrator","date":"July 6, 2017","format":false,"excerpt":"http:\/\/www.swp.de\/geislingen\/lokales\/geislingen\/der-funkturm-traegt-ein-kleid-15373410.html","rel":"","context":"In &quot;Deutsch&quot;","block_context":{"text":"Deutsch","link":"https:\/\/www.achimbrueckner.de\/dxradio\/php\/wordpress\/?cat=1"},"img":{"alt_text":"","src":"","width":0,"height":0},"classes":[]},{"id":16166,"url":"https:\/\/www.achimbrueckner.de\/dxradio\/php\/wordpress\/?p=16166","url_meta":{"origin":17898,"position":2},"title":"HOHERODSKOPF Der Funkturm und die gute Nachricht","author":"Administrator","date":"January 14, 2018","format":false,"excerpt":"http:\/\/www.giessener-allgemeine.de\/regional\/kreisgiessen\/Kreis-Giessen-Der-Funkturm-und-die-gute-Nachricht;art457,374232","rel":"","context":"In &quot;Deutsch&quot;","block_context":{"text":"Deutsch","link":"https:\/\/www.achimbrueckner.de\/dxradio\/php\/wordpress\/?cat=1"},"img":{"alt_text":"","src":"","width":0,"height":0},"classes":[]},{"id":26763,"url":"https:\/\/www.achimbrueckner.de\/dxradio\/php\/wordpress\/?p=26763","url_meta":{"origin":17898,"position":3},"title":"Der Funkturm auf dem Blauen wird um 18 Meter k\u00fcrzer","author":"Administrator","date":"January 23, 2020","format":false,"excerpt":"https:\/\/www.badische-zeitung.de\/der-funkturm-auf-dem-blauen-wird-um-18-meter-kuerzer","rel":"","context":"In &quot;Deutsch&quot;","block_context":{"text":"Deutsch","link":"https:\/\/www.achimbrueckner.de\/dxradio\/php\/wordpress\/?cat=1"},"img":{"alt_text":"","src":"","width":0,"height":0},"classes":[]},{"id":2290,"url":"https:\/\/www.achimbrueckner.de\/dxradio\/php\/wordpress\/?p=2290","url_meta":{"origin":17898,"position":4},"title":"Geheimnisvolle Orte &#8230; Der Funkturm","author":"Administrator","date":"September 4, 2012","format":false,"excerpt":"\"Geheimnisvolle Orte ... Der Funkturm\" Die Geschichte des Funkturms in Berlin. RBB TV 04.09.2012 2035 MESZ http:\/\/www.rbb-online.de\/geheimnisvolle_orte\/archiv\/der_funkturm.html","rel":"","context":"In &quot;Deutsch&quot;","block_context":{"text":"Deutsch","link":"https:\/\/www.achimbrueckner.de\/dxradio\/php\/wordpress\/?cat=1"},"img":{"alt_text":"","src":"","width":0,"height":0},"classes":[]},{"id":6315,"url":"https:\/\/www.achimbrueckner.de\/dxradio\/php\/wordpress\/?p=6315","url_meta":{"origin":17898,"position":5},"title":"H\u00f6chstes Geb\u00e4ude der Stadt Leipzigs neuer Funkturm erh\u00e4lt Spitze per Helikopter","author":"Administrator","date":"October 26, 2015","format":false,"excerpt":"http:\/\/www.lvz.de\/Leipzig\/Lokales\/Leipzigs-neuer-Funkturm-erhaelt-Spitze-per-Helikopter","rel":"","context":"In &quot;Deutsch&quot;","block_context":{"text":"Deutsch","link":"https:\/\/www.achimbrueckner.de\/dxradio\/php\/wordpress\/?cat=1"},"img":{"alt_text":"","src":"","width":0,"height":0},"classes":[]}],"_links":{"self":[{"href":"https:\/\/www.achimbrueckner.de\/dxradio\/php\/wordpress\/index.php?rest_route=\/wp\/v2\/posts\/17898","targetHints":{"allow":["GET"]}}],"collection":[{"href":"https:\/\/www.achimbrueckner.de\/dxradio\/php\/wordpress\/index.php?rest_route=\/wp\/v2\/posts"}],"about":[{"href":"https:\/\/www.achimbrueckner.de\/dxradio\/php\/wordpress\/index.php?rest_route=\/wp\/v2\/types\/post"}],"author":[{"embeddable":true,"href":"https:\/\/www.achimbrueckner.de\/dxradio\/php\/wordpress\/index.php?rest_route=\/wp\/v2\/users\/1"}],"replies":[{"embeddable":true,"href":"https:\/\/www.achimbrueckner.de\/dxradio\/php\/wordpress\/index.php?rest_route=%2Fwp%2Fv2%2Fcomments&post=17898"}],"version-history":[{"count":0,"href":"https:\/\/www.achimbrueckner.de\/dxradio\/php\/wordpress\/index.php?rest_route=\/wp\/v2\/posts\/17898\/revisions"}],"wp:attachment":[{"href":"https:\/\/www.achimbrueckner.de\/dxradio\/php\/wordpress\/index.php?rest_route=%2Fwp%2Fv2%2Fmedia&parent=17898"}],"wp:term":[{"taxonomy":"category","embeddable":true,"href":"https:\/\/www.achimbrueckner.de\/dxradio\/php\/wordpress\/index.php?rest_route=%2Fwp%2Fv2%2Fcategories&post=17898"},{"taxonomy":"post_tag","embeddable":true,"href":"https:\/\/www.achimbrueckner.de\/dxradio\/php\/wordpress\/index.php?rest_route=%2Fwp%2Fv2%2Ftags&post=17898"}],"curies":[{"name":"wp","href":"https:\/\/api.w.org\/{rel}","templated":true}]}}