{"id":17908,"date":"2018-05-24T16:26:24","date_gmt":"2018-05-24T16:26:24","guid":{"rendered":"https:\/\/www.achimbrueckner.de\/dxradio\/php\/wordpress\/?p=17908"},"modified":"2018-05-24T16:26:24","modified_gmt":"2018-05-24T16:26:24","slug":"neuer-eu-datenschutz-darum-gibt-es-das-medienprivileg","status":"publish","type":"post","link":"https:\/\/www.achimbrueckner.de\/dxradio\/php\/wordpress\/?p=17908","title":{"rendered":"Neuer EU-Datenschutz  Darum gibt es das Medienprivileg"},"content":{"rendered":"<p><a href=\"https:\/\/www.tagesspiegel.de\/medien\/neuer-eu-datenschutz-darum-gibt-es-das-medienprivileg\/22594364.html\" rel=\"noopener\" target=\"_blank\">https:\/\/www.tagesspiegel.de\/medien\/neuer-eu-datenschutz-darum-gibt-es-das-medienprivileg\/22594364.html<\/a><\/p>\n","protected":false},"excerpt":{"rendered":"<p>https:\/\/www.tagesspiegel.de\/medien\/neuer-eu-datenschutz-darum-gibt-es-das-medienprivileg\/22594364.html<\/p>\n","protected":false},"author":1,"featured_media":0,"comment_status":"closed","ping_status":"open","sticky":false,"template":"","format":"standard","meta":{"_jetpack_memberships_contains_paid_content":false,"footnotes":"","jetpack_publicize_message":"","jetpack_publicize_feature_enabled":true,"jetpack_social_post_already_shared":true,"jetpack_social_options":{"image_generator_settings":{"template":"highway","default_image_id":0,"font":"","enabled":false},"version":2}},"categories":[1,15],"tags":[45],"class_list":["post-17908","post","type-post","status-publish","format-standard","hentry","category-deutsch","category-medien","tag-medien"],"jetpack_publicize_connections":[],"jetpack_featured_media_url":"","jetpack_sharing_enabled":true,"jetpack_shortlink":"https:\/\/wp.me\/p5CDmr-4EQ","jetpack-related-posts":[{"id":17506,"url":"https:\/\/www.achimbrueckner.de\/dxradio\/php\/wordpress\/?p=17506","url_meta":{"origin":17908,"position":0},"title":"Sicherung der Pressefreiheit Die Datenschutz-Grundverordnung der EU und ihre Problematik f\u00fcr den Journalismus","author":"Administrator","date":"April 26, 2018","format":false,"excerpt":"https:\/\/www.medienkorrespondenz.de\/leitartikel\/artikel\/sicherung-der-pressefreiheit.html","rel":"","context":"In &quot;Deutsch&quot;","block_context":{"text":"Deutsch","link":"https:\/\/www.achimbrueckner.de\/dxradio\/php\/wordpress\/?cat=1"},"img":{"alt_text":"","src":"","width":0,"height":0},"classes":[]},{"id":18579,"url":"https:\/\/www.achimbrueckner.de\/dxradio\/php\/wordpress\/?p=18579","url_meta":{"origin":17908,"position":1},"title":"Nach der Datenschutz-Novelle Europ\u00e4er m\u00fcssen drau\u00dfen bleiben","author":"Administrator","date":"July 24, 2018","format":false,"excerpt":"https:\/\/www.tagesspiegel.de\/medien\/nach-der-datenschutz-novelle-europaeer-muessen-draussen-bleiben\/22835320.html","rel":"","context":"In &quot;Deutsch&quot;","block_context":{"text":"Deutsch","link":"https:\/\/www.achimbrueckner.de\/dxradio\/php\/wordpress\/?cat=1"},"img":{"alt_text":"","src":"","width":0,"height":0},"classes":[]},{"id":17737,"url":"https:\/\/www.achimbrueckner.de\/dxradio\/php\/wordpress\/?p=17737","url_meta":{"origin":17908,"position":2},"title":"WDR Programmschwerpunkt zu Sozialen Medien und Datenschutz: Fake News, Algorithmen und die Macht von Facebook","author":"Administrator","date":"May 12, 2018","format":false,"excerpt":"https:\/\/www.finanznachrichten.de\/nachrichten-2018-05\/43783694-wdr-programmschwerpunkt-zu-sozialen-medien-und-datenschutz-fake-news-algorithmen-und-die-macht-von-facebook-007.htm","rel":"","context":"In &quot;Deutsch&quot;","block_context":{"text":"Deutsch","link":"https:\/\/www.achimbrueckner.de\/dxradio\/php\/wordpress\/?cat=1"},"img":{"alt_text":"","src":"","width":0,"height":0},"classes":[]},{"id":28818,"url":"https:\/\/www.achimbrueckner.de\/dxradio\/php\/wordpress\/?p=28818","url_meta":{"origin":17908,"position":3},"title":"\u00c4rger um einen H\u00f6rfunkklassiker: Darum steigt der NDR beim \u201cZeitzeichen\u201d aus","author":"Administrator","date":"May 26, 2020","format":false,"excerpt":"https:\/\/www.rnd.de\/medien\/arger-um-einen-horfunk-klassiker-darum-steigt-der-ndr-beim-zeitzeichen-aus-WFGSTGB4SJDCPAKUNOCGULSLXM.html","rel":"","context":"In &quot;Deutsch&quot;","block_context":{"text":"Deutsch","link":"https:\/\/www.achimbrueckner.de\/dxradio\/php\/wordpress\/?cat=1"},"img":{"alt_text":"","src":"","width":0,"height":0},"classes":[]},{"id":25838,"url":"https:\/\/www.achimbrueckner.de\/dxradio\/php\/wordpress\/?p=25838","url_meta":{"origin":17908,"position":4},"title":"SOCIAL MEDIA RANKING Die Tagesschau ist neuer Spitzenreiter in den sozialen Medien","author":"Administrator","date":"November 19, 2019","format":false,"excerpt":"https:\/\/www.horizont.net\/medien\/nachrichten\/social-media-ranking-die-tagesschau-ist-neuer-spitzenreiter-in-den-sozialen-medien-179114","rel":"","context":"In &quot;Deutsch&quot;","block_context":{"text":"Deutsch","link":"https:\/\/www.achimbrueckner.de\/dxradio\/php\/wordpress\/?cat=1"},"img":{"alt_text":"","src":"","width":0,"height":0},"classes":[]},{"id":29162,"url":"https:\/\/www.achimbrueckner.de\/dxradio\/php\/wordpress\/?p=29162","url_meta":{"origin":17908,"position":5},"title":"Neuer Angriff auf alternative Medien und Pressefreiheit","author":"Administrator","date":"June 21, 2020","format":false,"excerpt":"https:\/\/www.npla.de\/thema\/repression-widerstand\/neuer-angriff-auf-alternative-medien-und-pressefreiheit\/","rel":"","context":"In &quot;Deutsch&quot;","block_context":{"text":"Deutsch","link":"https:\/\/www.achimbrueckner.de\/dxradio\/php\/wordpress\/?cat=1"},"img":{"alt_text":"","src":"","width":0,"height":0},"classes":[]}],"_links":{"self":[{"href":"https:\/\/www.achimbrueckner.de\/dxradio\/php\/wordpress\/index.php?rest_route=\/wp\/v2\/posts\/17908","targetHints":{"allow":["GET"]}}],"collection":[{"href":"https:\/\/www.achimbrueckner.de\/dxradio\/php\/wordpress\/index.php?rest_route=\/wp\/v2\/posts"}],"about":[{"href":"https:\/\/www.achimbrueckner.de\/dxradio\/php\/wordpress\/index.php?rest_route=\/wp\/v2\/types\/post"}],"author":[{"embeddable":true,"href":"https:\/\/www.achimbrueckner.de\/dxradio\/php\/wordpress\/index.php?rest_route=\/wp\/v2\/users\/1"}],"replies":[{"embeddable":true,"href":"https:\/\/www.achimbrueckner.de\/dxradio\/php\/wordpress\/index.php?rest_route=%2Fwp%2Fv2%2Fcomments&post=17908"}],"version-history":[{"count":0,"href":"https:\/\/www.achimbrueckner.de\/dxradio\/php\/wordpress\/index.php?rest_route=\/wp\/v2\/posts\/17908\/revisions"}],"wp:attachment":[{"href":"https:\/\/www.achimbrueckner.de\/dxradio\/php\/wordpress\/index.php?rest_route=%2Fwp%2Fv2%2Fmedia&parent=17908"}],"wp:term":[{"taxonomy":"category","embeddable":true,"href":"https:\/\/www.achimbrueckner.de\/dxradio\/php\/wordpress\/index.php?rest_route=%2Fwp%2Fv2%2Fcategories&post=17908"},{"taxonomy":"post_tag","embeddable":true,"href":"https:\/\/www.achimbrueckner.de\/dxradio\/php\/wordpress\/index.php?rest_route=%2Fwp%2Fv2%2Ftags&post=17908"}],"curies":[{"name":"wp","href":"https:\/\/api.w.org\/{rel}","templated":true}]}}