{"id":17916,"date":"2018-05-24T17:30:16","date_gmt":"2018-05-24T17:30:16","guid":{"rendered":"https:\/\/www.achimbrueckner.de\/dxradio\/php\/wordpress\/?p=17916"},"modified":"2018-05-24T17:30:16","modified_gmt":"2018-05-24T17:30:16","slug":"amateurfunk-forum-fragen-und-antworten-zum-thema-funk","status":"publish","type":"post","link":"https:\/\/www.achimbrueckner.de\/dxradio\/php\/wordpress\/?p=17916","title":{"rendered":"Amateurfunk Forum Fragen und Antworten zum Thema Funk"},"content":{"rendered":"<p>Amateurfunk Forum<br \/>\nFragen und Antworten zum Thema Funk<br \/>\nAufgrund der immensen Zusatzauf\u00e4nde und der drohenden Rechtsunsicherheit durch die DSGVO (Datenschutzgrundverordnung), wird das Forum ab dem 24.05.2018 nicht mehr zur Verf\u00fcgung stehen.<\/p>\n<p><a href=\"http:\/\/forum.db3om.de\/ftopic27607.html\" rel=\"noopener\" target=\"_blank\">http:\/\/forum.db3om.de\/ftopic27607.html<\/a><\/p>\n","protected":false},"excerpt":{"rendered":"<p>Amateurfunk Forum Fragen und Antworten zum Thema Funk Aufgrund der immensen Zusatzauf\u00e4nde und der drohenden Rechtsunsicherheit durch die DSGVO (Datenschutzgrundverordnung), wird das Forum ab dem 24.05.2018 nicht mehr zur Verf\u00fcgung stehen. http:\/\/forum.db3om.de\/ftopic27607.html<\/p>\n","protected":false},"author":1,"featured_media":0,"comment_status":"closed","ping_status":"open","sticky":false,"template":"","format":"standard","meta":{"_jetpack_memberships_contains_paid_content":false,"footnotes":"","jetpack_publicize_message":"","jetpack_publicize_feature_enabled":true,"jetpack_social_post_already_shared":true,"jetpack_social_options":{"image_generator_settings":{"template":"highway","default_image_id":0,"font":"","enabled":false},"version":2}},"categories":[1],"tags":[24],"class_list":["post-17916","post","type-post","status-publish","format-standard","hentry","category-deutsch","tag-am"],"jetpack_publicize_connections":[],"jetpack_featured_media_url":"","jetpack_sharing_enabled":true,"jetpack_shortlink":"https:\/\/wp.me\/p5CDmr-4EY","jetpack-related-posts":[{"id":39716,"url":"https:\/\/www.achimbrueckner.de\/dxradio\/php\/wordpress\/?p=39716","url_meta":{"origin":17916,"position":0},"title":"Ham Radio l\u00e4sst den Funken f\u00fcr Technikbegeisterung \u00fcberspringen","author":"Administrator","date":"June 26, 2023","format":false,"excerpt":"Kurzbericht der Messegesellschaft: Ham Radio l\u00e4sst den Funken f\u00fcr Technikbegeisterung \u00fcberspringen Am Wochenende war es wieder so weit: Antennen, Funkger\u00e4te, nagelneue Sende- und Empf\u00e4ngeranlagen und ein vielseitiges Programm zum Thema MINT (Mathematik, Informatik, Naturwissenschaften und Technik) zogen 11 100 Besucherinnen und Besucher auf das Messegel\u00e4nde in Friedrichshafen. Funk-Fans aus 59\u2026","rel":"","context":"In &quot;Deutsch&quot;","block_context":{"text":"Deutsch","link":"https:\/\/www.achimbrueckner.de\/dxradio\/php\/wordpress\/?cat=1"},"img":{"alt_text":"","src":"","width":0,"height":0},"classes":[]},{"id":38804,"url":"https:\/\/www.achimbrueckner.de\/dxradio\/php\/wordpress\/?p=38804","url_meta":{"origin":17916,"position":1},"title":"Neues aus dem Fernsehrat (95):  Fragen und Antworten zum \u201ePublic Space Incubator\u201c des ZDF","author":"Administrator","date":"February 9, 2023","format":false,"excerpt":"https:\/\/netzpolitik.org\/2023\/neues-aus-dem-fernsehrat-95-fragen-und-antworten-zum-public-space-incubator-des-zdf\/","rel":"","context":"In &quot;Deutsch&quot;","block_context":{"text":"Deutsch","link":"https:\/\/www.achimbrueckner.de\/dxradio\/php\/wordpress\/?cat=1"},"img":{"alt_text":"","src":"","width":0,"height":0},"classes":[]},{"id":5005,"url":"https:\/\/www.achimbrueckner.de\/dxradio\/php\/wordpress\/?p=5005","url_meta":{"origin":17916,"position":2},"title":"Ham Radio Messe: H\u00f6rertreffen R\u00d6I \/ Freundestreffen DokuFunk","author":"Administrator","date":"June 24, 2015","format":false,"excerpt":"R\u00d6I, DokuFunk und die A-DX Mailingliste laden alle SWLs und Kurzwellenfreunde zum H\u00f6rertreffen R\u00d6I \/ Freundestreffen DokuFunk mit einem Vortrag zum Thema \"Amateurfunk aus dem Orbit\" von Wolf Harranth, OE1WHC und einem Streifzug zum Thema Kurzwelle, Technik und Klubs herzlich ein. Neben dem Vortrag von Wolf wollen wir die Gelegenheit\u2026","rel":"","context":"In &quot;camps&quot;","block_context":{"text":"camps","link":"https:\/\/www.achimbrueckner.de\/dxradio\/php\/wordpress\/?cat=5"},"img":{"alt_text":"","src":"","width":0,"height":0},"classes":[]},{"id":39321,"url":"https:\/\/www.achimbrueckner.de\/dxradio\/php\/wordpress\/?p=39321","url_meta":{"origin":17916,"position":3},"title":"Funk-Telegramm 5\/2023","author":"Administrator","date":"April 14, 2023","format":false,"excerpt":"Das neue Funk-Telegramm 5\/2023 ist unterwegs zu den Lesern! Das Jahres-Abo kostet 24 Euro. Infos auf www.FUNK-TELEGRAMM.de oder einfach 24 Euro paypalen an FUNK-TELEGRAMM@t-online.de 73 Joachim, DL8HCZ Aus dem Inhalt: IC-705 und Software SDR-Control: Auf 12 Seiten erkl\u00e4rt Nils Schiffhauer, DK8OK, alles Wissenswerte zur Fernsteuerung des IC-705 \u00fcbers Internet mittels\u2026","rel":"","context":"In &quot;Deutsch&quot;","block_context":{"text":"Deutsch","link":"https:\/\/www.achimbrueckner.de\/dxradio\/php\/wordpress\/?cat=1"},"img":{"alt_text":"","src":"","width":0,"height":0},"classes":[]},{"id":43579,"url":"https:\/\/www.achimbrueckner.de\/dxradio\/php\/wordpress\/?p=43579","url_meta":{"origin":17916,"position":4},"title":"DARC Umfrage Ham Radio","author":"Administrator","date":"August 15, 2025","format":false,"excerpt":"Der DARC m\u00f6chte die HAM RADIO, Europas f\u00fchrende Messe f\u00fcr Amateurfunk, weiterentwickeln und bittet um deine Meinung! Egal, ob du die Messe regelm\u00e4\u00dfig besuchst, fr\u00fcher dort warst oder sie noch nie besucht hast \u2013 deine Meinung ist uns wichtig. Nimm dir 5-10 Minuten Zeit und hilf uns, die Veranstaltung f\u00fcr\u2026","rel":"","context":"In &quot;Deutsch&quot;","block_context":{"text":"Deutsch","link":"https:\/\/www.achimbrueckner.de\/dxradio\/php\/wordpress\/?cat=1"},"img":{"alt_text":"","src":"","width":0,"height":0},"classes":[]},{"id":12313,"url":"https:\/\/www.achimbrueckner.de\/dxradio\/php\/wordpress\/?p=12313","url_meta":{"origin":17916,"position":5},"title":"SCHWEIZ: CB-FUNK UND AMATEURFUNK UNTER EINEM VERBANDS-DACH&#8230;","author":"Administrator","date":"February 27, 2017","format":false,"excerpt":"https:\/\/www.qso4you.com\/content\/funk\/news\/1943-schweiz-cb-funk-und-amateurfunk-unter-einem-verbands-dach","rel":"","context":"In &quot;Deutsch&quot;","block_context":{"text":"Deutsch","link":"https:\/\/www.achimbrueckner.de\/dxradio\/php\/wordpress\/?cat=1"},"img":{"alt_text":"","src":"","width":0,"height":0},"classes":[]}],"_links":{"self":[{"href":"https:\/\/www.achimbrueckner.de\/dxradio\/php\/wordpress\/index.php?rest_route=\/wp\/v2\/posts\/17916","targetHints":{"allow":["GET"]}}],"collection":[{"href":"https:\/\/www.achimbrueckner.de\/dxradio\/php\/wordpress\/index.php?rest_route=\/wp\/v2\/posts"}],"about":[{"href":"https:\/\/www.achimbrueckner.de\/dxradio\/php\/wordpress\/index.php?rest_route=\/wp\/v2\/types\/post"}],"author":[{"embeddable":true,"href":"https:\/\/www.achimbrueckner.de\/dxradio\/php\/wordpress\/index.php?rest_route=\/wp\/v2\/users\/1"}],"replies":[{"embeddable":true,"href":"https:\/\/www.achimbrueckner.de\/dxradio\/php\/wordpress\/index.php?rest_route=%2Fwp%2Fv2%2Fcomments&post=17916"}],"version-history":[{"count":0,"href":"https:\/\/www.achimbrueckner.de\/dxradio\/php\/wordpress\/index.php?rest_route=\/wp\/v2\/posts\/17916\/revisions"}],"wp:attachment":[{"href":"https:\/\/www.achimbrueckner.de\/dxradio\/php\/wordpress\/index.php?rest_route=%2Fwp%2Fv2%2Fmedia&parent=17916"}],"wp:term":[{"taxonomy":"category","embeddable":true,"href":"https:\/\/www.achimbrueckner.de\/dxradio\/php\/wordpress\/index.php?rest_route=%2Fwp%2Fv2%2Fcategories&post=17916"},{"taxonomy":"post_tag","embeddable":true,"href":"https:\/\/www.achimbrueckner.de\/dxradio\/php\/wordpress\/index.php?rest_route=%2Fwp%2Fv2%2Ftags&post=17916"}],"curies":[{"name":"wp","href":"https:\/\/api.w.org\/{rel}","templated":true}]}}