{"id":17919,"date":"2018-05-25T16:14:59","date_gmt":"2018-05-25T16:14:59","guid":{"rendered":"https:\/\/www.achimbrueckner.de\/dxradio\/php\/wordpress\/?p=17919"},"modified":"2018-05-25T16:14:59","modified_gmt":"2018-05-25T16:14:59","slug":"experten-tipps-so-konnen-sie-dab-im-auto-nutzen","status":"publish","type":"post","link":"https:\/\/www.achimbrueckner.de\/dxradio\/php\/wordpress\/?p=17919","title":{"rendered":"Experten-Tipps: So k\u00f6nnen Sie DAB+ im Auto nutzen"},"content":{"rendered":"<p><a href=\"https:\/\/www.teltarif.de\/dab-plus-digitalradio-auto-nachruesten\/news\/72738.html\" rel=\"noopener\" target=\"_blank\">https:\/\/www.teltarif.de\/dab-plus-digitalradio-auto-nachruesten\/news\/72738.html<\/a><\/p>\n","protected":false},"excerpt":{"rendered":"<p>https:\/\/www.teltarif.de\/dab-plus-digitalradio-auto-nachruesten\/news\/72738.html<\/p>\n","protected":false},"author":1,"featured_media":0,"comment_status":"closed","ping_status":"open","sticky":false,"template":"","format":"standard","meta":{"_jetpack_memberships_contains_paid_content":false,"footnotes":"","jetpack_publicize_message":"","jetpack_publicize_feature_enabled":true,"jetpack_social_post_already_shared":true,"jetpack_social_options":{"image_generator_settings":{"template":"highway","default_image_id":0,"font":"","enabled":false},"version":2}},"categories":[1],"tags":[31,32],"class_list":["post-17919","post","type-post","status-publish","format-standard","hentry","category-deutsch","tag-dab","tag-digitalradio"],"jetpack_publicize_connections":[],"jetpack_featured_media_url":"","jetpack_sharing_enabled":true,"jetpack_shortlink":"https:\/\/wp.me\/p5CDmr-4F1","jetpack-related-posts":[{"id":16187,"url":"https:\/\/www.achimbrueckner.de\/dxradio\/php\/wordpress\/?p=16187","url_meta":{"origin":17919,"position":0},"title":"So nutzen Sie das Digitalradio DAB+ im Auto","author":"Administrator","date":"January 16, 2018","format":false,"excerpt":"https:\/\/www.pcwelt.de\/a\/so-nutzen-sie-das-digitalradio-dab-im-auto,3449407","rel":"","context":"In &quot;Deutsch&quot;","block_context":{"text":"Deutsch","link":"https:\/\/www.achimbrueckner.de\/dxradio\/php\/wordpress\/?cat=1"},"img":{"alt_text":"","src":"","width":0,"height":0},"classes":[]},{"id":26433,"url":"https:\/\/www.achimbrueckner.de\/dxradio\/php\/wordpress\/?p=26433","url_meta":{"origin":17919,"position":1},"title":"Digitalradio im Auto nachr\u00fcsten: DAB+-Adapter ab 25 Euro","author":"Administrator","date":"December 29, 2019","format":false,"excerpt":"https:\/\/www.techstage.de\/ratgeber\/Digitalradio-im-Auto-nachruesten-DAB-Adapter-ab-25-Euro-4624164.html","rel":"","context":"In &quot;Deutsch&quot;","block_context":{"text":"Deutsch","link":"https:\/\/www.achimbrueckner.de\/dxradio\/php\/wordpress\/?cat=1"},"img":{"alt_text":"","src":"","width":0,"height":0},"classes":[]},{"id":21034,"url":"https:\/\/www.achimbrueckner.de\/dxradio\/php\/wordpress\/?p=21034","url_meta":{"origin":17919,"position":2},"title":"DAB+ im Auto: Hersteller vor Umsetzung der Digitalradio-Pflicht","author":"Administrator","date":"January 21, 2019","format":false,"excerpt":"https:\/\/www.dabplus.de\/2019\/01\/21\/dab-im-auto-hersteller-vor-umsetzung-der-digitalradio-pflicht\/","rel":"","context":"In &quot;Deutsch&quot;","block_context":{"text":"Deutsch","link":"https:\/\/www.achimbrueckner.de\/dxradio\/php\/wordpress\/?cat=1"},"img":{"alt_text":"","src":"","width":0,"height":0},"classes":[]},{"id":32377,"url":"https:\/\/www.achimbrueckner.de\/dxradio\/php\/wordpress\/?p=32377","url_meta":{"origin":17919,"position":3},"title":"DAB-Digitalradio im Auto hat viele Vorteile: So g\u00fcnstig ist das Nachr\u00fcsten \u00e4lterer Fahrzeuge","author":"Administrator","date":"March 30, 2021","format":false,"excerpt":"https:\/\/www.hna.de\/auto\/dab-digitalradio-fahrer-vorteile-preis-nachruestung-alter-fahrzeug-technik-adapter-empfang-koeln-zr-90272754.html","rel":"","context":"In &quot;Deutsch&quot;","block_context":{"text":"Deutsch","link":"https:\/\/www.achimbrueckner.de\/dxradio\/php\/wordpress\/?cat=1"},"img":{"alt_text":"","src":"","width":0,"height":0},"classes":[]},{"id":1758,"url":"https:\/\/www.achimbrueckner.de\/dxradio\/php\/wordpress\/?p=1758","url_meta":{"origin":17919,"position":4},"title":"Digitalradio DAB+ unterwegs im Auto h\u00f6ren und dabei auf UKW, USB und iPod-Steuerung nicht verzichten m\u00fcssen","author":"Administrator","date":"August 27, 2011","format":false,"excerpt":"Digitalradio DAB+ unterwegs im Auto h\u00f6ren und dabei auf UKW, USB und iPod-Steuerung nicht verzichten m\u00fcssen http:\/\/kauftipps.fr-online.de\/digitalradio.html Info via A-DX","rel":"","context":"In &quot;Deutsch&quot;","block_context":{"text":"Deutsch","link":"https:\/\/www.achimbrueckner.de\/dxradio\/php\/wordpress\/?cat=1"},"img":{"alt_text":"","src":"","width":0,"height":0},"classes":[]},{"id":11537,"url":"https:\/\/www.achimbrueckner.de\/dxradio\/php\/wordpress\/?p=11537","url_meta":{"origin":17919,"position":5},"title":"DAB+-Nachr\u00fcstung im Auto nur teuer und kompliziert? Nein!","author":"Administrator","date":"December 29, 2016","format":false,"excerpt":"http:\/\/www.radioszene.de\/99060\/dab-digitalradio-nachruestung-auto.html","rel":"","context":"In &quot;Deutsch&quot;","block_context":{"text":"Deutsch","link":"https:\/\/www.achimbrueckner.de\/dxradio\/php\/wordpress\/?cat=1"},"img":{"alt_text":"","src":"","width":0,"height":0},"classes":[]}],"_links":{"self":[{"href":"https:\/\/www.achimbrueckner.de\/dxradio\/php\/wordpress\/index.php?rest_route=\/wp\/v2\/posts\/17919","targetHints":{"allow":["GET"]}}],"collection":[{"href":"https:\/\/www.achimbrueckner.de\/dxradio\/php\/wordpress\/index.php?rest_route=\/wp\/v2\/posts"}],"about":[{"href":"https:\/\/www.achimbrueckner.de\/dxradio\/php\/wordpress\/index.php?rest_route=\/wp\/v2\/types\/post"}],"author":[{"embeddable":true,"href":"https:\/\/www.achimbrueckner.de\/dxradio\/php\/wordpress\/index.php?rest_route=\/wp\/v2\/users\/1"}],"replies":[{"embeddable":true,"href":"https:\/\/www.achimbrueckner.de\/dxradio\/php\/wordpress\/index.php?rest_route=%2Fwp%2Fv2%2Fcomments&post=17919"}],"version-history":[{"count":0,"href":"https:\/\/www.achimbrueckner.de\/dxradio\/php\/wordpress\/index.php?rest_route=\/wp\/v2\/posts\/17919\/revisions"}],"wp:attachment":[{"href":"https:\/\/www.achimbrueckner.de\/dxradio\/php\/wordpress\/index.php?rest_route=%2Fwp%2Fv2%2Fmedia&parent=17919"}],"wp:term":[{"taxonomy":"category","embeddable":true,"href":"https:\/\/www.achimbrueckner.de\/dxradio\/php\/wordpress\/index.php?rest_route=%2Fwp%2Fv2%2Fcategories&post=17919"},{"taxonomy":"post_tag","embeddable":true,"href":"https:\/\/www.achimbrueckner.de\/dxradio\/php\/wordpress\/index.php?rest_route=%2Fwp%2Fv2%2Ftags&post=17919"}],"curies":[{"name":"wp","href":"https:\/\/api.w.org\/{rel}","templated":true}]}}