{"id":1792,"date":"2011-09-14T15:20:55","date_gmt":"2011-09-14T15:20:55","guid":{"rendered":"https:\/\/www.achimbrueckner.de\/dxradio\/php\/wordpress\/?p=1792"},"modified":"2011-09-14T15:20:55","modified_gmt":"2011-09-14T15:20:55","slug":"fmk-radiotag-14-04-2012-nurnberg","status":"publish","type":"post","link":"https:\/\/www.achimbrueckner.de\/dxradio\/php\/wordpress\/?p=1792","title":{"rendered":"FMK-Radiotag 14.04.2012 N\u00fcrnberg"},"content":{"rendered":"<p>Liebe Radiofreunde,<\/p>\n<p>am Samstag, den 14.04.2012 findet der n\u00e4chste FMK-Radiotag statt !<\/p>\n<p>Dank der Unterst\u00fctzung von J\u00f6rn Krieger wurde erneut ein ganz besonders interessanter Ablauf zusammengestellt &#8211; diesesmal treffen wir uns in der Region F\u00fcrth\/N\u00fcrnberg :<\/p>\n<p>11:00 Uhr :    Besichtigung des Rundfunkmuseums F\u00fcrth <a href=\"http:\/\/www.rundfunkmuseum.fuerth.de\/german\/index.htm\" target=\"_blank\">http:\/\/www.rundfunkmuseum.fuerth.de\/german\/index.htm<\/a> &#8211; mit einem SPEZIELL f\u00fcr FMK veranstalteten                                 Programm im Museum in Kombination mit einer Technikf\u00fchrung &#8211; der Preis f\u00fcr unsere Gruppe betr\u00e4gt PRO Teilnehmer 4,00 Euro (statt 5,&#8211;\u00e2\u201a\u00ac) -Dauer                         ca. 1 Stunde.<\/p>\n<p>12:15 Uhr :    M\u00f6glichkeit zur Einkehr in die Cafeteria innerhalb des Rundfunkmuseums.<\/p>\n<p>15:00 Uhr :    Besichtigung Funkhaus N\u00fcrnberg <a href=\"http:\/\/www.funkhaus.de\/business\/index.php\" target=\"_blank\">http:\/\/www.funkhaus.de\/business\/index.php<\/a> &#8211; Besonders interessant, dass sich hier gleich F\u00dcNF Privatsender unter                             einem Dach befinden (Hit Radio N1, Charivari, 97,1 Gong, Radio F, Pirate Gong)<\/p>\n<p>Und als ganz besonderes Schmankerl machen wir den Ausklang des Tages in der Rockin Radio &#8211; Die Kneipe http:\/\/www.rockin-radio.de\/ !!! Speziell f\u00fcr unsere Runde wird es eine GROSSE Essensauswahl geben und wir bekommen auch Gelegenheit, ins Studio w\u00e4hrend der Live-Sendung zu gehen.<\/p>\n<p>Ich freue mich schon heute auf s Wiedersehen, Kennenlernen neuer Hobbyfreunde und nat\u00fcrlich auf informative Stunden und viel Spass beim geselligen Beisammensein !<\/p>\n<p>ACHTUNG: Die Teilnehmerzahl ist begrenzt > Deshalb bitte ich ALLE Interessenten, sich m\u00f6glichst bald unter fmkompakt@web.de anzumelden ! Ihr erhaltet dann rechtzeitig weitere Infos zum exakten Ablauf.<\/p>\n<p>Mit radioaktiven Gr\u00fcssen,<\/p>\n<p>Thomas Kircher<br \/>\n<a href=\"http:\/\/fmkompakt.de\" target=\"_blank\">fmkompakt.de<\/a><\/p>\n<p>PS: FMK pr\u00e4sentiert sich seit kurzem auch auf Facebook &#8211; \u00dcbers &#8220;Anklicken&#8221; w\u00fcrd ich mich freuen !!!! \ud83d\ude09 <a href=\"http:\/\/www.facebook.com\/pages\/FM-Kompakt\/114167005333646?ref=ts\" target=\"_blank\">http:\/\/www.facebook.com\/pages\/FM-Kompakt\/114167005333646?ref=ts<\/a><\/p>\n","protected":false},"excerpt":{"rendered":"<p>Liebe Radiofreunde, am Samstag, den 14.04.2012 findet der n\u00e4chste FMK-Radiotag statt ! Dank der Unterst\u00fctzung von J\u00f6rn Krieger wurde erneut ein ganz besonders interessanter Ablauf zusammengestellt &#8211; diesesmal treffen wir uns in der Region F\u00fcrth\/N\u00fcrnberg : 11:00 Uhr : Besichtigung des Rundfunkmuseums F\u00fcrth http:\/\/www.rundfunkmuseum.fuerth.de\/german\/index.htm &#8211; mit einem SPEZIELL f\u00fcr FMK veranstalteten Programm im Museum in &hellip; <a href=\"https:\/\/www.achimbrueckner.de\/dxradio\/php\/wordpress\/?p=1792\" class=\"more-link\">Continue reading <span class=\"screen-reader-text\">FMK-Radiotag 14.04.2012 N\u00fcrnberg<\/span><\/a><\/p>\n","protected":false},"author":1,"featured_media":0,"comment_status":"open","ping_status":"open","sticky":false,"template":"","format":"standard","meta":{"_jetpack_memberships_contains_paid_content":false,"footnotes":"","jetpack_publicize_message":"","jetpack_publicize_feature_enabled":true,"jetpack_social_post_already_shared":false,"jetpack_social_options":{"image_generator_settings":{"template":"highway","default_image_id":0,"font":"","enabled":false},"version":2}},"categories":[5],"tags":[24,28],"class_list":["post-1792","post","type-post","status-publish","format-standard","hentry","category-camps","tag-am","tag-fm"],"jetpack_publicize_connections":[],"jetpack_featured_media_url":"","jetpack_sharing_enabled":true,"jetpack_shortlink":"https:\/\/wp.me\/p5CDmr-sU","jetpack-related-posts":[{"id":18663,"url":"https:\/\/www.achimbrueckner.de\/dxradio\/php\/wordpress\/?p=18663","url_meta":{"origin":1792,"position":0},"title":"FMK Sendungen Jukebox","author":"Administrator","date":"August 1, 2018","format":false,"excerpt":"Hallo liebe Radiofreunde, diese Woche h\u00f6rt ihr, mit einer Ausnahme, wieder das regul\u00e4re Programm von FMK Radio via laut.fm\/jukebox. Durch die Wiederholung der Sendung von FRSH am Dienstag entf\u00e4llt Peters Musicmachine. Diesen Programmblock h\u00f6rt ihr bereits diesen Freitag ab 20:00 Uhr. Am Samstag h\u00f6rt ihr innerhalb der Sendung f\u00fcr DXer\u2026","rel":"","context":"In &quot;Deutsch&quot;","block_context":{"text":"Deutsch","link":"https:\/\/www.achimbrueckner.de\/dxradio\/php\/wordpress\/?cat=1"},"img":{"alt_text":"","src":"","width":0,"height":0},"classes":[]},{"id":27058,"url":"https:\/\/www.achimbrueckner.de\/dxradio\/php\/wordpress\/?p=27058","url_meta":{"origin":1792,"position":1},"title":"FMK Jukebox","author":"Administrator","date":"February 7, 2020","format":false,"excerpt":"Hallo liebe Radiofreunde, am Sonntag h\u00f6rt ihr die 112.Ausgabe unseres Radiomagazins. Die Sendung ist randvoll mit aktuellen Beitr\u00e4gen und einer Fortsezung der Stationszeichensendereihe. Zu h\u00f6ren wie immer via laut.fm\/jukebox Samstag 08.02.2020 11:00-12:00 Uhr RMG Zeitzeugen - Radio Minsk Belarus 12:00-13:00 Uhr J\u00f6rn Kriegers - Ravin Rock (99) 13:00-15:00 Uhr SM\u2026","rel":"","context":"In &quot;Deutsch&quot;","block_context":{"text":"Deutsch","link":"https:\/\/www.achimbrueckner.de\/dxradio\/php\/wordpress\/?cat=1"},"img":{"alt_text":"","src":"","width":0,"height":0},"classes":[]},{"id":1403,"url":"https:\/\/www.achimbrueckner.de\/dxradio\/php\/wordpress\/?p=1403","url_meta":{"origin":1792,"position":2},"title":"FMK Treffen 2011 30. April 2011","author":"Administrator","date":"March 12, 2011","format":false,"excerpt":"FMK-Treffen 2011 : Nun ist der Termin f\u00fcr \"unseren\" grossen Tag fix: Am Samstag, den 30. April 2011, ab 11:00 Uhr veranstaltet FMK sein diesj\u00e4hriges Treffen (Treffpunkt Sendeanlage Ismaning) mit folgendem Inhalt : Beginn um 11:00 Uhr : F\u00fchrung durch das Gel\u00e4nde der Senderanlage Ismaning. Hier sind neben Sender auch\u2026","rel":"","context":"In &quot;camps&quot;","block_context":{"text":"camps","link":"https:\/\/www.achimbrueckner.de\/dxradio\/php\/wordpress\/?cat=5"},"img":{"alt_text":"","src":"","width":0,"height":0},"classes":[]},{"id":34200,"url":"https:\/\/www.achimbrueckner.de\/dxradio\/php\/wordpress\/?p=34200","url_meta":{"origin":1792,"position":3},"title":"FMK Weihnachten 2021","author":"Administrator","date":"December 18, 2021","format":false,"excerpt":"Hallo liebe Radiofreunde, es wird dieses Jahr keinen DX-Marathon geben an dem sich FM Kompakt bzw. Radio Klein Paris beteiligen. Trotzdem habe ich mir etwas, einen kleinen Kontest, \u00fcberlegt. FM Kompakt hat in den Programmen von Partnerstationen jeweils einen Gru\u00df platziert und auch Musikw\u00fcnsche ge\u00e4u\u00dfert. Schaltet bitte folgende Programme ein\u2026","rel":"","context":"In &quot;Deutsch&quot;","block_context":{"text":"Deutsch","link":"https:\/\/www.achimbrueckner.de\/dxradio\/php\/wordpress\/?cat=1"},"img":{"alt_text":"","src":"","width":0,"height":0},"classes":[]},{"id":3883,"url":"https:\/\/www.achimbrueckner.de\/dxradio\/php\/wordpress\/?p=3883","url_meta":{"origin":1792,"position":4},"title":"FMK-Weihnachtsprogramm","author":"Administrator","date":"December 20, 2014","format":false,"excerpt":"Hallo liebe Radiofreunde, das FMK-Weihnachtsprogramm ist gestartet. Hier der Link zur kompletten Programm\u00fcbersicht f\u00fcr die Zeit vom 19.12.14 18:00 Uhr bis zum 06.01.15 24:00 Uhr. http:\/\/joomla.fmkompakt.de\/index.php\/radio-links\/webtipps\/jukebox Einschalten und dabei sein. Frohe Festtage w\u00fcnscht euch FM Kompakt im Radio. Es gr\u00fc\u00dft Kuno Taufenbach","rel":"","context":"In &quot;Deutsch&quot;","block_context":{"text":"Deutsch","link":"https:\/\/www.achimbrueckner.de\/dxradio\/php\/wordpress\/?cat=1"},"img":{"alt_text":"","src":"","width":0,"height":0},"classes":[]},{"id":4055,"url":"https:\/\/www.achimbrueckner.de\/dxradio\/php\/wordpress\/?p=4055","url_meta":{"origin":1792,"position":5},"title":"Charly 2000 Sondersendung","author":"Administrator","date":"February 3, 2015","format":false,"excerpt":"FMK-H\u00f6rtipp: Sonntag, 08.02.2015 ab 09:00 Uhr: Achtung Charly 2000 Fans !!!!!!!!! zur Erinnerung an den Kult DJ der 80er und Macher von Euroradio Powerplay 106,80 FM gibt es n\u00e4chsten Sonntag eine Sondersendung ! ab 9.00 Uhr auf www.laut.fm\/euroradio mit Charly 2000 mit Euroradio Powerplay Soundfiles ,Werbung und Jingles von damals\u2026","rel":"","context":"In &quot;Deutsch&quot;","block_context":{"text":"Deutsch","link":"https:\/\/www.achimbrueckner.de\/dxradio\/php\/wordpress\/?cat=1"},"img":{"alt_text":"","src":"","width":0,"height":0},"classes":[]}],"_links":{"self":[{"href":"https:\/\/www.achimbrueckner.de\/dxradio\/php\/wordpress\/index.php?rest_route=\/wp\/v2\/posts\/1792","targetHints":{"allow":["GET"]}}],"collection":[{"href":"https:\/\/www.achimbrueckner.de\/dxradio\/php\/wordpress\/index.php?rest_route=\/wp\/v2\/posts"}],"about":[{"href":"https:\/\/www.achimbrueckner.de\/dxradio\/php\/wordpress\/index.php?rest_route=\/wp\/v2\/types\/post"}],"author":[{"embeddable":true,"href":"https:\/\/www.achimbrueckner.de\/dxradio\/php\/wordpress\/index.php?rest_route=\/wp\/v2\/users\/1"}],"replies":[{"embeddable":true,"href":"https:\/\/www.achimbrueckner.de\/dxradio\/php\/wordpress\/index.php?rest_route=%2Fwp%2Fv2%2Fcomments&post=1792"}],"version-history":[{"count":0,"href":"https:\/\/www.achimbrueckner.de\/dxradio\/php\/wordpress\/index.php?rest_route=\/wp\/v2\/posts\/1792\/revisions"}],"wp:attachment":[{"href":"https:\/\/www.achimbrueckner.de\/dxradio\/php\/wordpress\/index.php?rest_route=%2Fwp%2Fv2%2Fmedia&parent=1792"}],"wp:term":[{"taxonomy":"category","embeddable":true,"href":"https:\/\/www.achimbrueckner.de\/dxradio\/php\/wordpress\/index.php?rest_route=%2Fwp%2Fv2%2Fcategories&post=1792"},{"taxonomy":"post_tag","embeddable":true,"href":"https:\/\/www.achimbrueckner.de\/dxradio\/php\/wordpress\/index.php?rest_route=%2Fwp%2Fv2%2Ftags&post=1792"}],"curies":[{"name":"wp","href":"https:\/\/api.w.org\/{rel}","templated":true}]}}