{"id":17937,"date":"2018-05-26T19:06:09","date_gmt":"2018-05-26T19:06:09","guid":{"rendered":"https:\/\/www.achimbrueckner.de\/dxradio\/php\/wordpress\/?p=17937"},"modified":"2018-05-26T19:06:09","modified_gmt":"2018-05-26T19:06:09","slug":"runter-vom-analogen-abstellgleis-es-wird-zeit-freie-radios-auch-auf-dab","status":"publish","type":"post","link":"https:\/\/www.achimbrueckner.de\/dxradio\/php\/wordpress\/?p=17937","title":{"rendered":"Runter vom analogen Abstellgleis Es wird Zeit: Freie Radios auch auf DAB+ !"},"content":{"rendered":"<p><a href=\"https:\/\/rdl.de\/beitrag\/es-wird-zeit-freie-radios-auch-auf-dab\" rel=\"noopener\" target=\"_blank\">https:\/\/rdl.de\/beitrag\/es-wird-zeit-freie-radios-auch-auf-dab<\/a><\/p>\n","protected":false},"excerpt":{"rendered":"<p>https:\/\/rdl.de\/beitrag\/es-wird-zeit-freie-radios-auch-auf-dab<\/p>\n","protected":false},"author":1,"featured_media":0,"comment_status":"closed","ping_status":"open","sticky":false,"template":"","format":"standard","meta":{"_jetpack_memberships_contains_paid_content":false,"footnotes":"","jetpack_publicize_message":"","jetpack_publicize_feature_enabled":true,"jetpack_social_post_already_shared":true,"jetpack_social_options":{"image_generator_settings":{"template":"highway","default_image_id":0,"font":"","enabled":false},"version":2}},"categories":[1],"tags":[31],"class_list":["post-17937","post","type-post","status-publish","format-standard","hentry","category-deutsch","tag-dab"],"jetpack_publicize_connections":[],"jetpack_featured_media_url":"","jetpack_sharing_enabled":true,"jetpack_shortlink":"https:\/\/wp.me\/p5CDmr-4Fj","jetpack-related-posts":[{"id":5259,"url":"https:\/\/www.achimbrueckner.de\/dxradio\/php\/wordpress\/?p=5259","url_meta":{"origin":17937,"position":0},"title":"Freie Radios in Baden-W\u00fcrttemberg neu auf DAB+","author":"Administrator","date":"July 18, 2015","format":false,"excerpt":"http:\/\/www.radioszene.de\/81794\/freie-radios-baden-wuerttemberg-neu-auf-dab.html","rel":"","context":"In &quot;Deutsch&quot;","block_context":{"text":"Deutsch","link":"https:\/\/www.achimbrueckner.de\/dxradio\/php\/wordpress\/?cat=1"},"img":{"alt_text":"","src":"","width":0,"height":0},"classes":[]},{"id":38438,"url":"https:\/\/www.achimbrueckner.de\/dxradio\/php\/wordpress\/?p=38438","url_meta":{"origin":17937,"position":1},"title":"Meine Radios des Jahres 2022","author":"Administrator","date":"January 2, 2023","format":false,"excerpt":"Meine Radios des Jahres 2022 FIP aus Frankreich, das eklektische Musikprogramm, das jederzeit sehr stimmige Musik bietet - zu h\u00f6ren via http:\/\/icecast.radiofrance.fr\/fip-midfi.mp3 Couleur 3 - die (viel) bessere Alternative zu SRF3\/DRS3. Couleur 3 spielt Musik verschiedener Sparten, auch Klassik-Rock geh\u00f6rt zum regelm\u00e4ssigen Repertoire dieses in der Schweiz terrestrisch empfangbaren Programms;\u2026","rel":"","context":"In &quot;Deutsch&quot;","block_context":{"text":"Deutsch","link":"https:\/\/www.achimbrueckner.de\/dxradio\/php\/wordpress\/?cat=1"},"img":{"alt_text":"","src":"","width":0,"height":0},"classes":[]},{"id":1313,"url":"https:\/\/www.achimbrueckner.de\/dxradio\/php\/wordpress\/?p=1313","url_meta":{"origin":17937,"position":2},"title":"Wumpus-Gollum-Forum \u00e2\u20ac\u201c Aktion analog Radio","author":"Administrator","date":"January 15, 2011","format":false,"excerpt":"Wumpus-Gollum-Forum \u00e2\u20ac\u201c Aktion analog Radio http:\/\/www.wumpus-gollum-forum.de\/forum Wumpus-Gollum-Forum. Das Fachforum f\u00fcr Sammler alter Radios und sonstiger alter Unterhaltungselektronik. Online seit 1999 ! \u00dcber 3100 Themen ! \u00dcber 850 Nutzer ! Die Lizenzen f\u00fcr die deutschen FM-Rundfunksender auf laufen 2015 aus. Es kann wohl nur im Ausnahmefall f\u00fcr ein Jahr verl\u00e4ngert werden!\u2026","rel":"","context":"In &quot;Deutsch&quot;","block_context":{"text":"Deutsch","link":"https:\/\/www.achimbrueckner.de\/dxradio\/php\/wordpress\/?cat=1"},"img":{"alt_text":"","src":"","width":0,"height":0},"classes":[]},{"id":10810,"url":"https:\/\/www.achimbrueckner.de\/dxradio\/php\/wordpress\/?p=10810","url_meta":{"origin":17937,"position":3},"title":"B\u00fcrgerpreis statt Basisfinanzierung f\u00fcr zwei freie Radios","author":"Administrator","date":"October 23, 2016","format":false,"excerpt":"https:\/\/rdl.de\/beitrag\/b-rgerpreis-statt-basisfinanzierung-f-r-zwei-freie-radios","rel":"","context":"In &quot;Deutsch&quot;","block_context":{"text":"Deutsch","link":"https:\/\/www.achimbrueckner.de\/dxradio\/php\/wordpress\/?cat=1"},"img":{"alt_text":"","src":"","width":0,"height":0},"classes":[]},{"id":25996,"url":"https:\/\/www.achimbrueckner.de\/dxradio\/php\/wordpress\/?p=25996","url_meta":{"origin":17937,"position":4},"title":"Freie Radios im L\u00e4ndle fordern gleichberechtigten Zugang zu Digitalradiokan\u00e4len","author":"Administrator","date":"November 28, 2019","format":false,"excerpt":"https:\/\/rdl.de\/beitrag\/freie-radios-im-l-ndle-fordern-gleichberechtigten-zugang-zu-digitalradiokan-len","rel":"","context":"In &quot;Deutsch&quot;","block_context":{"text":"Deutsch","link":"https:\/\/www.achimbrueckner.de\/dxradio\/php\/wordpress\/?cat=1"},"img":{"alt_text":"","src":"","width":0,"height":0},"classes":[]},{"id":18897,"url":"https:\/\/www.achimbrueckner.de\/dxradio\/php\/wordpress\/?p=18897","url_meta":{"origin":17937,"position":5},"title":"&#8220;Kaum Luft f\u00fcr eine differenzierte Analyse&#8221;: Freie Radios und die &#8220;Fl\u00fcchtlingsdebatte&#8221;","author":"Administrator","date":"August 23, 2018","format":false,"excerpt":"https:\/\/rdl.de\/beitrag\/kaum-luft-f-r-eine-differenzierte-analyse-freie-radios-und-die-fl-chtlingsdebatte","rel":"","context":"In &quot;Deutsch&quot;","block_context":{"text":"Deutsch","link":"https:\/\/www.achimbrueckner.de\/dxradio\/php\/wordpress\/?cat=1"},"img":{"alt_text":"","src":"","width":0,"height":0},"classes":[]}],"_links":{"self":[{"href":"https:\/\/www.achimbrueckner.de\/dxradio\/php\/wordpress\/index.php?rest_route=\/wp\/v2\/posts\/17937","targetHints":{"allow":["GET"]}}],"collection":[{"href":"https:\/\/www.achimbrueckner.de\/dxradio\/php\/wordpress\/index.php?rest_route=\/wp\/v2\/posts"}],"about":[{"href":"https:\/\/www.achimbrueckner.de\/dxradio\/php\/wordpress\/index.php?rest_route=\/wp\/v2\/types\/post"}],"author":[{"embeddable":true,"href":"https:\/\/www.achimbrueckner.de\/dxradio\/php\/wordpress\/index.php?rest_route=\/wp\/v2\/users\/1"}],"replies":[{"embeddable":true,"href":"https:\/\/www.achimbrueckner.de\/dxradio\/php\/wordpress\/index.php?rest_route=%2Fwp%2Fv2%2Fcomments&post=17937"}],"version-history":[{"count":0,"href":"https:\/\/www.achimbrueckner.de\/dxradio\/php\/wordpress\/index.php?rest_route=\/wp\/v2\/posts\/17937\/revisions"}],"wp:attachment":[{"href":"https:\/\/www.achimbrueckner.de\/dxradio\/php\/wordpress\/index.php?rest_route=%2Fwp%2Fv2%2Fmedia&parent=17937"}],"wp:term":[{"taxonomy":"category","embeddable":true,"href":"https:\/\/www.achimbrueckner.de\/dxradio\/php\/wordpress\/index.php?rest_route=%2Fwp%2Fv2%2Fcategories&post=17937"},{"taxonomy":"post_tag","embeddable":true,"href":"https:\/\/www.achimbrueckner.de\/dxradio\/php\/wordpress\/index.php?rest_route=%2Fwp%2Fv2%2Ftags&post=17937"}],"curies":[{"name":"wp","href":"https:\/\/api.w.org\/{rel}","templated":true}]}}