{"id":17940,"date":"2018-05-26T19:10:29","date_gmt":"2018-05-26T19:10:29","guid":{"rendered":"https:\/\/www.achimbrueckner.de\/dxradio\/php\/wordpress\/?p=17940"},"modified":"2018-05-26T19:10:29","modified_gmt":"2018-05-26T19:10:29","slug":"heeker-schuler-machen-radio-fur-schuler-kreuzschule-heek-ist-auf-sendung","status":"publish","type":"post","link":"https:\/\/www.achimbrueckner.de\/dxradio\/php\/wordpress\/?p=17940","title":{"rendered":"Heeker Sch\u00fcler machen Radio f\u00fcr Sch\u00fcler  Kreuzschule Heek ist auf Sendung"},"content":{"rendered":"<p><a href=\"https:\/\/www.muensterlandzeitung.de\/Staedte\/Heek\/Kreuzschule-Heek-ist-auf-Sendung-1289013.html\" rel=\"noopener\" target=\"_blank\">https:\/\/www.muensterlandzeitung.de\/Staedte\/Heek\/Kreuzschule-Heek-ist-auf-Sendung-1289013.html<\/a><\/p>\n","protected":false},"excerpt":{"rendered":"<p>https:\/\/www.muensterlandzeitung.de\/Staedte\/Heek\/Kreuzschule-Heek-ist-auf-Sendung-1289013.html<\/p>\n","protected":false},"author":1,"featured_media":0,"comment_status":"closed","ping_status":"open","sticky":false,"template":"","format":"standard","meta":{"_jetpack_memberships_contains_paid_content":false,"footnotes":"","jetpack_publicize_message":"","jetpack_publicize_feature_enabled":true,"jetpack_social_post_already_shared":true,"jetpack_social_options":{"image_generator_settings":{"template":"highway","default_image_id":0,"font":"","enabled":false},"version":2}},"categories":[1],"tags":[],"class_list":["post-17940","post","type-post","status-publish","format-standard","hentry","category-deutsch"],"jetpack_publicize_connections":[],"jetpack_featured_media_url":"","jetpack_sharing_enabled":true,"jetpack_shortlink":"https:\/\/wp.me\/p5CDmr-4Fm","jetpack-related-posts":[{"id":13918,"url":"https:\/\/www.achimbrueckner.de\/dxradio\/php\/wordpress\/?p=13918","url_meta":{"origin":17940,"position":0},"title":"Wenn Sch\u00fcler auf Sendung gehen","author":"Administrator","date":"July 27, 2017","format":false,"excerpt":"https:\/\/www.pressebox.de\/inaktiv\/bayerische-landeszentrale-fuer-neue-medien\/Wenn-Schueler-auf-Sendung-gehen\/boxid\/864009","rel":"","context":"In &quot;Deutsch&quot;","block_context":{"text":"Deutsch","link":"https:\/\/www.achimbrueckner.de\/dxradio\/php\/wordpress\/?cat=1"},"img":{"alt_text":"","src":"","width":0,"height":0},"classes":[]},{"id":22946,"url":"https:\/\/www.achimbrueckner.de\/dxradio\/php\/wordpress\/?p=22946","url_meta":{"origin":17940,"position":1},"title":"Radio KuFa und Sch\u00fcler des Fabritianum Gymnasiums senden am 12. Mai eine Sendung zum &#8230;","author":"Administrator","date":"May 1, 2019","format":false,"excerpt":"https:\/\/rp-online.de\/nrw\/staedte\/krefeld\/radio-kufa-und-schueler-des-fabritianum-gymnasiums-senden-am-12-mai-eine-sendung-zum-europaprojekt-auf-welle-niederrhein_aid-38461205","rel":"","context":"In &quot;Deutsch&quot;","block_context":{"text":"Deutsch","link":"https:\/\/www.achimbrueckner.de\/dxradio\/php\/wordpress\/?cat=1"},"img":{"alt_text":"","src":"","width":0,"height":0},"classes":[]},{"id":18260,"url":"https:\/\/www.achimbrueckner.de\/dxradio\/php\/wordpress\/?p=18260","url_meta":{"origin":17940,"position":2},"title":"THG-Sch\u00fcler sind bald auf Sendung","author":"Administrator","date":"June 16, 2018","format":false,"excerpt":"https:\/\/rp-online.de\/nrw\/staedte\/radevormwald\/thg-schueler-sind-bald-auf-sendung_aid-23425135","rel":"","context":"In &quot;Deutsch&quot;","block_context":{"text":"Deutsch","link":"https:\/\/www.achimbrueckner.de\/dxradio\/php\/wordpress\/?cat=1"},"img":{"alt_text":"","src":"","width":0,"height":0},"classes":[]},{"id":21584,"url":"https:\/\/www.achimbrueckner.de\/dxradio\/php\/wordpress\/?p=21584","url_meta":{"origin":17940,"position":3},"title":"D\u00fcngstruper schon als Sch\u00fcler auf Sendung","author":"Administrator","date":"February 13, 2019","format":false,"excerpt":"https:\/\/www.nwzonline.de\/oldenburg-kreis\/wildeshausen-duengstrup-welttag-des-radios-duengstruper-schon-als-schueler-auf-sendung_a_50,3,3982582997.html","rel":"","context":"In &quot;Deutsch&quot;","block_context":{"text":"Deutsch","link":"https:\/\/www.achimbrueckner.de\/dxradio\/php\/wordpress\/?cat=1"},"img":{"alt_text":"","src":"","width":0,"height":0},"classes":[]},{"id":21388,"url":"https:\/\/www.achimbrueckner.de\/dxradio\/php\/wordpress\/?p=21388","url_meta":{"origin":17940,"position":4},"title":"Sch\u00fcler-Radio des Gymnasiums in Radevormwald geht wieder auf Sendung","author":"Administrator","date":"February 8, 2019","format":false,"excerpt":"https:\/\/rp-online.de\/nrw\/staedte\/radevormwald\/schueler-radio-des-gymnasiums-in-radevormwald-geht-wieder-auf-sendung_aid-36585893","rel":"","context":"In &quot;Deutsch&quot;","block_context":{"text":"Deutsch","link":"https:\/\/www.achimbrueckner.de\/dxradio\/php\/wordpress\/?cat=1"},"img":{"alt_text":"","src":"","width":0,"height":0},"classes":[]},{"id":25134,"url":"https:\/\/www.achimbrueckner.de\/dxradio\/php\/wordpress\/?p=25134","url_meta":{"origin":17940,"position":5},"title":"Live-Sendung aus Salzhemmendorf Sch\u00fcler machen Radio","author":"Administrator","date":"October 4, 2019","format":false,"excerpt":"https:\/\/www.dewezet.de\/startseite_artikel,-schueler-machen-radio-_arid,2575719.html","rel":"","context":"In &quot;Deutsch&quot;","block_context":{"text":"Deutsch","link":"https:\/\/www.achimbrueckner.de\/dxradio\/php\/wordpress\/?cat=1"},"img":{"alt_text":"","src":"","width":0,"height":0},"classes":[]}],"_links":{"self":[{"href":"https:\/\/www.achimbrueckner.de\/dxradio\/php\/wordpress\/index.php?rest_route=\/wp\/v2\/posts\/17940","targetHints":{"allow":["GET"]}}],"collection":[{"href":"https:\/\/www.achimbrueckner.de\/dxradio\/php\/wordpress\/index.php?rest_route=\/wp\/v2\/posts"}],"about":[{"href":"https:\/\/www.achimbrueckner.de\/dxradio\/php\/wordpress\/index.php?rest_route=\/wp\/v2\/types\/post"}],"author":[{"embeddable":true,"href":"https:\/\/www.achimbrueckner.de\/dxradio\/php\/wordpress\/index.php?rest_route=\/wp\/v2\/users\/1"}],"replies":[{"embeddable":true,"href":"https:\/\/www.achimbrueckner.de\/dxradio\/php\/wordpress\/index.php?rest_route=%2Fwp%2Fv2%2Fcomments&post=17940"}],"version-history":[{"count":0,"href":"https:\/\/www.achimbrueckner.de\/dxradio\/php\/wordpress\/index.php?rest_route=\/wp\/v2\/posts\/17940\/revisions"}],"wp:attachment":[{"href":"https:\/\/www.achimbrueckner.de\/dxradio\/php\/wordpress\/index.php?rest_route=%2Fwp%2Fv2%2Fmedia&parent=17940"}],"wp:term":[{"taxonomy":"category","embeddable":true,"href":"https:\/\/www.achimbrueckner.de\/dxradio\/php\/wordpress\/index.php?rest_route=%2Fwp%2Fv2%2Fcategories&post=17940"},{"taxonomy":"post_tag","embeddable":true,"href":"https:\/\/www.achimbrueckner.de\/dxradio\/php\/wordpress\/index.php?rest_route=%2Fwp%2Fv2%2Ftags&post=17940"}],"curies":[{"name":"wp","href":"https:\/\/api.w.org\/{rel}","templated":true}]}}