{"id":17980,"date":"2018-05-30T15:13:50","date_gmt":"2018-05-30T15:13:50","guid":{"rendered":"https:\/\/www.achimbrueckner.de\/dxradio\/php\/wordpress\/?p=17980"},"modified":"2018-05-30T15:13:50","modified_gmt":"2018-05-30T15:13:50","slug":"neuer-phoenix-auftritt-mehr-live-ubertragungen-und-hintergrund","status":"publish","type":"post","link":"https:\/\/www.achimbrueckner.de\/dxradio\/php\/wordpress\/?p=17980","title":{"rendered":"Neuer Phoenix-Auftritt &#8211; mehr Live-\u00dcbertragungen und Hintergrund"},"content":{"rendered":"<p><a href=\"https:\/\/www.infosat.de\/digital-tv\/neuer-phoenix-auftritt-mehr-live-bertragungen-und-hintergrund\" rel=\"noopener\" target=\"_blank\">https:\/\/www.infosat.de\/digital-tv\/neuer-phoenix-auftritt-mehr-live-bertragungen-und-hintergrund<\/a><\/p>\n","protected":false},"excerpt":{"rendered":"<p>https:\/\/www.infosat.de\/digital-tv\/neuer-phoenix-auftritt-mehr-live-bertragungen-und-hintergrund<\/p>\n","protected":false},"author":1,"featured_media":0,"comment_status":"closed","ping_status":"open","sticky":false,"template":"","format":"standard","meta":{"_jetpack_memberships_contains_paid_content":false,"footnotes":"","jetpack_publicize_message":"","jetpack_publicize_feature_enabled":true,"jetpack_social_post_already_shared":true,"jetpack_social_options":{"image_generator_settings":{"template":"highway","default_image_id":0,"font":"","enabled":false},"version":2}},"categories":[1],"tags":[],"class_list":["post-17980","post","type-post","status-publish","format-standard","hentry","category-deutsch"],"jetpack_publicize_connections":[],"jetpack_featured_media_url":"","jetpack_sharing_enabled":true,"jetpack_shortlink":"https:\/\/wp.me\/p5CDmr-4G0","jetpack-related-posts":[{"id":31753,"url":"https:\/\/www.achimbrueckner.de\/dxradio\/php\/wordpress\/?p=31753","url_meta":{"origin":17980,"position":0},"title":"Neuer Auftritt BR Schlager: Der Countdown l\u00e4uft!","author":"Administrator","date":"January 20, 2021","format":false,"excerpt":"https:\/\/www.br.de\/radio\/bayern-plus\/inhalt\/bayern-plus-wird-br-schlager-100.html","rel":"","context":"In &quot;Deutsch&quot;","block_context":{"text":"Deutsch","link":"https:\/\/www.achimbrueckner.de\/dxradio\/php\/wordpress\/?cat=1"},"img":{"alt_text":"","src":"","width":0,"height":0},"classes":[]},{"id":2800,"url":"https:\/\/www.achimbrueckner.de\/dxradio\/php\/wordpress\/?p=2800","url_meta":{"origin":17980,"position":1},"title":"Neue Webseite des deutschsprachigen Programms von CRI ist online!","author":"Administrator","date":"December 19, 2013","format":false,"excerpt":"Sehr geehrte Web-Freunde von CRI, die neue Webseite des deutschsprachigen Programms von CRI ist online! Auf der neuen Webseite finden Sie nicht nur Nachrichten, Video- und Audioprogramme, sondern auch neue Rubriken wie Kultur, Panorama und Sprachkultur. Damit macht Ihnen das Chinesisch- oder Deutschlernen garantiert mehr Spa\u00df! Zum neuen Auftritt von\u2026","rel":"","context":"In &quot;Deutsch&quot;","block_context":{"text":"Deutsch","link":"https:\/\/www.achimbrueckner.de\/dxradio\/php\/wordpress\/?cat=1"},"img":{"alt_text":"","src":"","width":0,"height":0},"classes":[]},{"id":44705,"url":"https:\/\/www.achimbrueckner.de\/dxradio\/php\/wordpress\/?p=44705","url_meta":{"origin":17980,"position":2},"title":"25 Jahre SATzentrale \u2013 Ein buntes Jubil\u00e4um und frischer Auftritt","author":"Administrator","date":"January 2, 2026","format":false,"excerpt":"25 Jahre SATzentrale \u2013 Ein buntes Jubil\u00e4um und frischer Auftritt Im Jahr 2026 feiert die SATzentrale ihr 25-j\u00e4hriges Bestehen \u2013 ein Meilenstein, der unser Engagement f\u00fcr innovative Radioprogramme und erstklassige Unterhaltung w\u00fcrdigt. P\u00fcnktlich zum neuen Jahr haben wir die Logos unserer Webradiosender \u00fcberarbeitet. Die neuen Designs sind bereits auf einigen\u2026","rel":"","context":"In &quot;Deutsch&quot;","block_context":{"text":"Deutsch","link":"https:\/\/www.achimbrueckner.de\/dxradio\/php\/wordpress\/?cat=1"},"img":{"alt_text":"","src":"","width":0,"height":0},"classes":[]},{"id":5956,"url":"https:\/\/www.achimbrueckner.de\/dxradio\/php\/wordpress\/?p=5956","url_meta":{"origin":17980,"position":3},"title":"Staat und Rundfunk Geldwerter Auftrit","author":"Administrator","date":"September 15, 2015","format":false,"excerpt":"http:\/\/www.sueddeutsche.de\/medien\/staat-und-rundfunk-geldwerter-auftritt-1.2645670","rel":"","context":"In &quot;Deutsch&quot;","block_context":{"text":"Deutsch","link":"https:\/\/www.achimbrueckner.de\/dxradio\/php\/wordpress\/?cat=1"},"img":{"alt_text":"","src":"","width":0,"height":0},"classes":[]},{"id":43714,"url":"https:\/\/www.achimbrueckner.de\/dxradio\/php\/wordpress\/?p=43714","url_meta":{"origin":17980,"position":4},"title":"Oldie Antenne: Neuer Claim und mehr Mainstream","author":"Administrator","date":"September 3, 2025","format":false,"excerpt":"https:\/\/www.radioblog.eu\/2025\/09\/03\/oldie-antenne-neuer-claim-und-mehr-mainstream\/","rel":"","context":"In &quot;Deutsch&quot;","block_context":{"text":"Deutsch","link":"https:\/\/www.achimbrueckner.de\/dxradio\/php\/wordpress\/?cat=1"},"img":{"alt_text":"","src":"","width":0,"height":0},"classes":[]},{"id":14501,"url":"https:\/\/www.achimbrueckner.de\/dxradio\/php\/wordpress\/?p=14501","url_meta":{"origin":17980,"position":5},"title":"ORF Radio Vorarlberg: Mehr Programm und neuer Klang!","author":"Administrator","date":"September 8, 2017","format":false,"excerpt":"http:\/\/www.radiowoche.de\/orf-radio-vorarlberg-mehr-programm-und-neuer-klang\/","rel":"","context":"In &quot;Deutsch&quot;","block_context":{"text":"Deutsch","link":"https:\/\/www.achimbrueckner.de\/dxradio\/php\/wordpress\/?cat=1"},"img":{"alt_text":"","src":"","width":0,"height":0},"classes":[]}],"_links":{"self":[{"href":"https:\/\/www.achimbrueckner.de\/dxradio\/php\/wordpress\/index.php?rest_route=\/wp\/v2\/posts\/17980","targetHints":{"allow":["GET"]}}],"collection":[{"href":"https:\/\/www.achimbrueckner.de\/dxradio\/php\/wordpress\/index.php?rest_route=\/wp\/v2\/posts"}],"about":[{"href":"https:\/\/www.achimbrueckner.de\/dxradio\/php\/wordpress\/index.php?rest_route=\/wp\/v2\/types\/post"}],"author":[{"embeddable":true,"href":"https:\/\/www.achimbrueckner.de\/dxradio\/php\/wordpress\/index.php?rest_route=\/wp\/v2\/users\/1"}],"replies":[{"embeddable":true,"href":"https:\/\/www.achimbrueckner.de\/dxradio\/php\/wordpress\/index.php?rest_route=%2Fwp%2Fv2%2Fcomments&post=17980"}],"version-history":[{"count":0,"href":"https:\/\/www.achimbrueckner.de\/dxradio\/php\/wordpress\/index.php?rest_route=\/wp\/v2\/posts\/17980\/revisions"}],"wp:attachment":[{"href":"https:\/\/www.achimbrueckner.de\/dxradio\/php\/wordpress\/index.php?rest_route=%2Fwp%2Fv2%2Fmedia&parent=17980"}],"wp:term":[{"taxonomy":"category","embeddable":true,"href":"https:\/\/www.achimbrueckner.de\/dxradio\/php\/wordpress\/index.php?rest_route=%2Fwp%2Fv2%2Fcategories&post=17980"},{"taxonomy":"post_tag","embeddable":true,"href":"https:\/\/www.achimbrueckner.de\/dxradio\/php\/wordpress\/index.php?rest_route=%2Fwp%2Fv2%2Ftags&post=17980"}],"curies":[{"name":"wp","href":"https:\/\/api.w.org\/{rel}","templated":true}]}}