{"id":17992,"date":"2018-05-31T17:25:36","date_gmt":"2018-05-31T17:25:36","guid":{"rendered":"https:\/\/www.achimbrueckner.de\/dxradio\/php\/wordpress\/?p=17992"},"modified":"2018-05-31T17:25:36","modified_gmt":"2018-05-31T17:25:36","slug":"horertreffen-ham-radio-2018","status":"publish","type":"post","link":"https:\/\/www.achimbrueckner.de\/dxradio\/php\/wordpress\/?p=17992","title":{"rendered":"H\u00f6rertreffen Ham Radio 2018"},"content":{"rendered":"<p>HAM RADIO 2018: Das H\u00f6rertreffen der BC-DXer und SWLs von Doku-Funk Wolf Harranth, der ADDX und A-DX findet wie immer Samstag um 12 Uhr, diesmal im Raum Schweiz statt. Hauptthema: \u201eGreenwich \u2013 wo die Zeit herkommt\u201c Vom Schiff ohne Uhr bis zur Laser-Atomuhr, und dazwischen nat\u00fcrlich alles, was mit dem Hobby zu tun hat. Wir freuen uns auf euren Besuch!<\/p>\n","protected":false},"excerpt":{"rendered":"<p>HAM RADIO 2018: Das H\u00f6rertreffen der BC-DXer und SWLs von Doku-Funk Wolf Harranth, der ADDX und A-DX findet wie immer Samstag um 12 Uhr, diesmal im Raum Schweiz statt. Hauptthema: \u201eGreenwich \u2013 wo die Zeit herkommt\u201c Vom Schiff ohne Uhr bis zur Laser-Atomuhr, und dazwischen nat\u00fcrlich alles, was mit dem Hobby zu tun hat. Wir &hellip; <a href=\"https:\/\/www.achimbrueckner.de\/dxradio\/php\/wordpress\/?p=17992\" class=\"more-link\">Continue reading <span class=\"screen-reader-text\">H\u00f6rertreffen Ham Radio 2018<\/span><\/a><\/p>\n","protected":false},"author":1,"featured_media":0,"comment_status":"closed","ping_status":"open","sticky":false,"template":"","format":"standard","meta":{"_jetpack_memberships_contains_paid_content":false,"footnotes":"","jetpack_publicize_message":"","jetpack_publicize_feature_enabled":true,"jetpack_social_post_already_shared":true,"jetpack_social_options":{"image_generator_settings":{"template":"highway","default_image_id":0,"font":"","enabled":false},"version":2}},"categories":[1,14],"tags":[24,40],"class_list":["post-17992","post","type-post","status-publish","format-standard","hentry","category-deutsch","category-dx","tag-am","tag-dx"],"jetpack_publicize_connections":[],"jetpack_featured_media_url":"","jetpack_sharing_enabled":true,"jetpack_shortlink":"https:\/\/wp.me\/p5CDmr-4Gc","jetpack-related-posts":[{"id":8535,"url":"https:\/\/www.achimbrueckner.de\/dxradio\/php\/wordpress\/?p=8535","url_meta":{"origin":17992,"position":0},"title":"Einladung zum H\u00f6rertreffen R\u00d6I \/ Freundestreffen DokuFunk \/ A-DX Treffen","author":"Administrator","date":"June 18, 2016","format":false,"excerpt":"Einladung zum H\u00f6rertreffen R\u00d6I \/ Freundestreffen DokuFunk \/ A-DX Treffen auf der HAM RADIO in Friedrichshafen. Samstag, 25.06.2016, 12 Uhr auf der HAM Radio Messe - Konferenz-Zentrum West, Raum Liechtenstein. \"Amateurfunk unter, auf und \u00fcber der Erde\" ist der Vortrag von Wolf Harranth. Danach wird Christoph Ratzer von \"Analogen Fernempfang\u2026","rel":"","context":"In &quot;camps&quot;","block_context":{"text":"camps","link":"https:\/\/www.achimbrueckner.de\/dxradio\/php\/wordpress\/?cat=5"},"img":{"alt_text":"","src":"","width":0,"height":0},"classes":[]},{"id":5005,"url":"https:\/\/www.achimbrueckner.de\/dxradio\/php\/wordpress\/?p=5005","url_meta":{"origin":17992,"position":1},"title":"Ham Radio Messe: H\u00f6rertreffen R\u00d6I \/ Freundestreffen DokuFunk","author":"Administrator","date":"June 24, 2015","format":false,"excerpt":"R\u00d6I, DokuFunk und die A-DX Mailingliste laden alle SWLs und Kurzwellenfreunde zum H\u00f6rertreffen R\u00d6I \/ Freundestreffen DokuFunk mit einem Vortrag zum Thema \"Amateurfunk aus dem Orbit\" von Wolf Harranth, OE1WHC und einem Streifzug zum Thema Kurzwelle, Technik und Klubs herzlich ein. Neben dem Vortrag von Wolf wollen wir die Gelegenheit\u2026","rel":"","context":"In &quot;camps&quot;","block_context":{"text":"camps","link":"https:\/\/www.achimbrueckner.de\/dxradio\/php\/wordpress\/?cat=5"},"img":{"alt_text":"","src":"","width":0,"height":0},"classes":[]},{"id":36443,"url":"https:\/\/www.achimbrueckner.de\/dxradio\/php\/wordpress\/?p=36443","url_meta":{"origin":17992,"position":2},"title":"Friedrichshafen: ORF- und DokuFunk-Freundestreffen + ROI-H\u00f6rertreffen","author":"Administrator","date":"May 31, 2022","format":false,"excerpt":"Ein guter Treffpunkt auf der HAM RADIO: Samstag, 25. Juni, 12 Uhr, Raum Liechtenstein ORF- und DokuFunk-Freundestreffen + ROI-H\u00f6rertreffen - Radio \u00d6sterreich International Ein- und Ausblick, in Gedenken an Wolf Harranth, OE1WHC Paulina Petri, OE1YPP Info via A-DX","rel":"","context":"In &quot;camps&quot;","block_context":{"text":"camps","link":"https:\/\/www.achimbrueckner.de\/dxradio\/php\/wordpress\/?cat=5"},"img":{"alt_text":"","src":"","width":0,"height":0},"classes":[]},{"id":1057,"url":"https:\/\/www.achimbrueckner.de\/dxradio\/php\/wordpress\/?p=1057","url_meta":{"origin":17992,"position":3},"title":"H\u00f6rertreffen Friedrichshafen","author":"Administrator","date":"June 21, 2010","format":false,"excerpt":"H\u00f6rertreffen am Rande der HAM RADIO in Friedrichshafen am 26.06.2010 Die auf der HAM RADIO anwesenden H\u00f6rer von KBS, Seoul und Radio HCJB, Quito, treffen sich am Abend des \u00e2\u20ac\u017eMesse-Samstags\u00e2\u20ac\u0153 (26.06.2010) ab 20.00 Uhr Ortszeit im Hotel Koenigsaecker Zeppelinstrasse 299 88048 Friedrichshafen-Fischbach gleich bei der Bushaltestelle \u00e2\u20ac\u017eHotel Mayer\u00e2\u20ac\u0153 in Friedrichshafen-Fischbach\u2026","rel":"","context":"In &quot;camps&quot;","block_context":{"text":"camps","link":"https:\/\/www.achimbrueckner.de\/dxradio\/php\/wordpress\/?cat=5"},"img":{"alt_text":"","src":"","width":0,"height":0},"classes":[]},{"id":1492,"url":"https:\/\/www.achimbrueckner.de\/dxradio\/php\/wordpress\/?p=1492","url_meta":{"origin":17992,"position":4},"title":"ADDX H\u00f6rertreffen Ham Radio 2011","author":"Administrator","date":"April 21, 2011","format":false,"excerpt":"Vielen H\u00f6rern von KBS World Radio wird bekannt sein, dass sich der Vereinsvorstand des Deutsch-Koreanischen Freundeskreises Mainz e.V. nach 15 Jahren erfolgreich durchgef\u00fchrter KBS World H\u00f6rertreffen nicht mehr in der Lage sieht, diese beliebte Veranstaltung weiter durchzuf\u00fchren. Im Rahmen des Kurzwellenh\u00f6rer-Treffes der ADDX auf der Hamradio 2011 besteht nun die\u2026","rel":"","context":"In &quot;camps&quot;","block_context":{"text":"camps","link":"https:\/\/www.achimbrueckner.de\/dxradio\/php\/wordpress\/?cat=5"},"img":{"alt_text":"","src":"","width":0,"height":0},"classes":[]},{"id":21454,"url":"https:\/\/www.achimbrueckner.de\/dxradio\/php\/wordpress\/?p=21454","url_meta":{"origin":17992,"position":5},"title":"HAM Radio 2019","author":"Administrator","date":"February 10, 2019","format":false,"excerpt":"Liebe A-DXer, Die HAM Radio 2019 findet vom 21.- 23. Juni 2019 in Friedrichshafen statt. Ich m\u00f6chte daher zeitgerecht informieren falls man die M\u00f6glichkeit nutzen m\u00f6chte der Messe, nein es ist ja lt. Messegesellschaft nun nur mehr eine \u201eAusstellung\u201c, einen Besuch abzustatten und rechtzeitig eine \u00dcbernachtungsm\u00f6glichkeit zu suchen. Da es\u2026","rel":"","context":"In &quot;camps&quot;","block_context":{"text":"camps","link":"https:\/\/www.achimbrueckner.de\/dxradio\/php\/wordpress\/?cat=5"},"img":{"alt_text":"","src":"","width":0,"height":0},"classes":[]}],"_links":{"self":[{"href":"https:\/\/www.achimbrueckner.de\/dxradio\/php\/wordpress\/index.php?rest_route=\/wp\/v2\/posts\/17992","targetHints":{"allow":["GET"]}}],"collection":[{"href":"https:\/\/www.achimbrueckner.de\/dxradio\/php\/wordpress\/index.php?rest_route=\/wp\/v2\/posts"}],"about":[{"href":"https:\/\/www.achimbrueckner.de\/dxradio\/php\/wordpress\/index.php?rest_route=\/wp\/v2\/types\/post"}],"author":[{"embeddable":true,"href":"https:\/\/www.achimbrueckner.de\/dxradio\/php\/wordpress\/index.php?rest_route=\/wp\/v2\/users\/1"}],"replies":[{"embeddable":true,"href":"https:\/\/www.achimbrueckner.de\/dxradio\/php\/wordpress\/index.php?rest_route=%2Fwp%2Fv2%2Fcomments&post=17992"}],"version-history":[{"count":0,"href":"https:\/\/www.achimbrueckner.de\/dxradio\/php\/wordpress\/index.php?rest_route=\/wp\/v2\/posts\/17992\/revisions"}],"wp:attachment":[{"href":"https:\/\/www.achimbrueckner.de\/dxradio\/php\/wordpress\/index.php?rest_route=%2Fwp%2Fv2%2Fmedia&parent=17992"}],"wp:term":[{"taxonomy":"category","embeddable":true,"href":"https:\/\/www.achimbrueckner.de\/dxradio\/php\/wordpress\/index.php?rest_route=%2Fwp%2Fv2%2Fcategories&post=17992"},{"taxonomy":"post_tag","embeddable":true,"href":"https:\/\/www.achimbrueckner.de\/dxradio\/php\/wordpress\/index.php?rest_route=%2Fwp%2Fv2%2Ftags&post=17992"}],"curies":[{"name":"wp","href":"https:\/\/api.w.org\/{rel}","templated":true}]}}