{"id":18004,"date":"2018-06-01T19:27:56","date_gmt":"2018-06-01T19:27:56","guid":{"rendered":"https:\/\/www.achimbrueckner.de\/dxradio\/php\/wordpress\/?p=18004"},"modified":"2018-06-01T19:27:56","modified_gmt":"2018-06-01T19:27:56","slug":"privatsender-wollen-zumindest-einen-orf-radiokanal-keine-gis","status":"publish","type":"post","link":"https:\/\/www.achimbrueckner.de\/dxradio\/php\/wordpress\/?p=18004","title":{"rendered":"Privatsender wollen &#8220;zumindest&#8221; einen ORF-Radiokanal, keine GIS"},"content":{"rendered":"<p><a href=\"https:\/\/derstandard.at\/2000080740982\/Privatsender-wollen-zumindest-einen-ORF-Radiosender-GIS-abschaffen-mehr-Foerderung\" rel=\"noopener\" target=\"_blank\">https:\/\/derstandard.at\/2000080740982\/Privatsender-wollen-zumindest-einen-ORF-Radiosender-GIS-abschaffen-mehr-Foerderung<\/a><\/p>\n","protected":false},"excerpt":{"rendered":"<p>https:\/\/derstandard.at\/2000080740982\/Privatsender-wollen-zumindest-einen-ORF-Radiosender-GIS-abschaffen-mehr-Foerderung<\/p>\n","protected":false},"author":1,"featured_media":0,"comment_status":"closed","ping_status":"open","sticky":false,"template":"","format":"standard","meta":{"_jetpack_memberships_contains_paid_content":false,"footnotes":"","jetpack_publicize_message":"","jetpack_publicize_feature_enabled":true,"jetpack_social_post_already_shared":true,"jetpack_social_options":{"image_generator_settings":{"template":"highway","default_image_id":0,"font":"","enabled":false},"version":2}},"categories":[1],"tags":[],"class_list":["post-18004","post","type-post","status-publish","format-standard","hentry","category-deutsch"],"jetpack_publicize_connections":[],"jetpack_featured_media_url":"","jetpack_sharing_enabled":true,"jetpack_shortlink":"https:\/\/wp.me\/p5CDmr-4Go","jetpack-related-posts":[{"id":29328,"url":"https:\/\/www.achimbrueckner.de\/dxradio\/php\/wordpress\/?p=29328","url_meta":{"origin":18004,"position":0},"title":"Privatsender-Verband warnt vor &#8220;digitalen Alleing\u00e4ngen&#8221; des ORF","author":"Administrator","date":"July 5, 2020","format":false,"excerpt":"https:\/\/medianet.at\/news\/marketing-and-media\/privatsender-verband-warnt-vor-digitalen-alleingaengen-des-orf-34153.html","rel":"","context":"In &quot;Deutsch&quot;","block_context":{"text":"Deutsch","link":"https:\/\/www.achimbrueckner.de\/dxradio\/php\/wordpress\/?cat=1"},"img":{"alt_text":"","src":"","width":0,"height":0},"classes":[]},{"id":22925,"url":"https:\/\/www.achimbrueckner.de\/dxradio\/php\/wordpress\/?p=22925","url_meta":{"origin":18004,"position":1},"title":"Aus ORF eins wird ORF 1, mehr Geld f\u00fcr Privatsender","author":"Administrator","date":"April 30, 2019","format":false,"excerpt":"https:\/\/www.dwdl.de\/nachrichten\/72104\/aus_orf_eins_wird_orf_1_mehr_geld_fuer_privatsender\/","rel":"","context":"In &quot;Deutsch&quot;","block_context":{"text":"Deutsch","link":"https:\/\/www.achimbrueckner.de\/dxradio\/php\/wordpress\/?cat=1"},"img":{"alt_text":"","src":"","width":0,"height":0},"classes":[]},{"id":24867,"url":"https:\/\/www.achimbrueckner.de\/dxradio\/php\/wordpress\/?p=24867","url_meta":{"origin":18004,"position":2},"title":"PRIVATSENDER W\u00fcnsche f\u00fcr den ORF: Von Aktiengesellschaft bis 40 Prozent \u00d6sterreich-Quote","author":"Administrator","date":"September 19, 2019","format":false,"excerpt":"https:\/\/www.derstandard.de\/story\/2000108794787\/wuensche-fuer-den-orf-von-aktiengesellschaft-bis-40-prozent-oesterreich","rel":"","context":"In &quot;Deutsch&quot;","block_context":{"text":"Deutsch","link":"https:\/\/www.achimbrueckner.de\/dxradio\/php\/wordpress\/?cat=1"},"img":{"alt_text":"","src":"","width":0,"height":0},"classes":[]},{"id":24238,"url":"https:\/\/www.achimbrueckner.de\/dxradio\/php\/wordpress\/?p=24238","url_meta":{"origin":18004,"position":3},"title":"Wie soll es weitergehen mit ORF und GIS?","author":"Administrator","date":"August 14, 2019","format":false,"excerpt":"https:\/\/www.derstandard.de\/story\/2000107331692\/wie-soll-es-weitergehen-mit-orf-und-gis","rel":"","context":"In &quot;Deutsch&quot;","block_context":{"text":"Deutsch","link":"https:\/\/www.achimbrueckner.de\/dxradio\/php\/wordpress\/?cat=1"},"img":{"alt_text":"","src":"","width":0,"height":0},"classes":[]},{"id":13269,"url":"https:\/\/www.achimbrueckner.de\/dxradio\/php\/wordpress\/?p=13269","url_meta":{"origin":18004,"position":4},"title":"Wrabetz fordert GIS-Geb\u00fchr f\u00fcr Streaming der ORF-Programme","author":"Administrator","date":"May 26, 2017","format":false,"excerpt":"http:\/\/derstandard.at\/2000058143182\/Wrabetz-fordert-GIS-Gebuehr-fuer-Streaming-der-ORF-Programme","rel":"","context":"In &quot;Deutsch&quot;","block_context":{"text":"Deutsch","link":"https:\/\/www.achimbrueckner.de\/dxradio\/php\/wordpress\/?cat=1"},"img":{"alt_text":"","src":"","width":0,"height":0},"classes":[]},{"id":21852,"url":"https:\/\/www.achimbrueckner.de\/dxradio\/php\/wordpress\/?p=21852","url_meta":{"origin":18004,"position":5},"title":"\u00d6sterreich: ORF, ORS und Privatsender fordern 5G Broadcasting ohne SIM-Karte f\u00fcr Radio und TV","author":"Administrator","date":"February 27, 2019","format":false,"excerpt":"https:\/\/www.satellifax.de\/mlesen.php?id=92f65e0608541839eb9966dd1723324e","rel":"","context":"In &quot;Deutsch&quot;","block_context":{"text":"Deutsch","link":"https:\/\/www.achimbrueckner.de\/dxradio\/php\/wordpress\/?cat=1"},"img":{"alt_text":"","src":"","width":0,"height":0},"classes":[]}],"_links":{"self":[{"href":"https:\/\/www.achimbrueckner.de\/dxradio\/php\/wordpress\/index.php?rest_route=\/wp\/v2\/posts\/18004","targetHints":{"allow":["GET"]}}],"collection":[{"href":"https:\/\/www.achimbrueckner.de\/dxradio\/php\/wordpress\/index.php?rest_route=\/wp\/v2\/posts"}],"about":[{"href":"https:\/\/www.achimbrueckner.de\/dxradio\/php\/wordpress\/index.php?rest_route=\/wp\/v2\/types\/post"}],"author":[{"embeddable":true,"href":"https:\/\/www.achimbrueckner.de\/dxradio\/php\/wordpress\/index.php?rest_route=\/wp\/v2\/users\/1"}],"replies":[{"embeddable":true,"href":"https:\/\/www.achimbrueckner.de\/dxradio\/php\/wordpress\/index.php?rest_route=%2Fwp%2Fv2%2Fcomments&post=18004"}],"version-history":[{"count":0,"href":"https:\/\/www.achimbrueckner.de\/dxradio\/php\/wordpress\/index.php?rest_route=\/wp\/v2\/posts\/18004\/revisions"}],"wp:attachment":[{"href":"https:\/\/www.achimbrueckner.de\/dxradio\/php\/wordpress\/index.php?rest_route=%2Fwp%2Fv2%2Fmedia&parent=18004"}],"wp:term":[{"taxonomy":"category","embeddable":true,"href":"https:\/\/www.achimbrueckner.de\/dxradio\/php\/wordpress\/index.php?rest_route=%2Fwp%2Fv2%2Fcategories&post=18004"},{"taxonomy":"post_tag","embeddable":true,"href":"https:\/\/www.achimbrueckner.de\/dxradio\/php\/wordpress\/index.php?rest_route=%2Fwp%2Fv2%2Ftags&post=18004"}],"curies":[{"name":"wp","href":"https:\/\/api.w.org\/{rel}","templated":true}]}}