{"id":18023,"date":"2018-06-02T16:38:58","date_gmt":"2018-06-02T16:38:58","guid":{"rendered":"https:\/\/www.achimbrueckner.de\/dxradio\/php\/wordpress\/?p=18023"},"modified":"2018-06-02T16:38:58","modified_gmt":"2018-06-02T16:38:58","slug":"180-aussteller-bei-amateurfunk-messe-ham","status":"publish","type":"post","link":"https:\/\/www.achimbrueckner.de\/dxradio\/php\/wordpress\/?p=18023","title":{"rendered":"180 Aussteller bei Amateurfunk-Messe Ham"},"content":{"rendered":"<p><a href=\"http:\/\/www.pressreader.com\/germany\/graenzbote\/20180602\/281556586509454\" rel=\"noopener\" target=\"_blank\">http:\/\/www.pressreader.com\/germany\/graenzbote\/20180602\/281556586509454<\/a><\/p>\n","protected":false},"excerpt":{"rendered":"<p>http:\/\/www.pressreader.com\/germany\/graenzbote\/20180602\/281556586509454<\/p>\n","protected":false},"author":1,"featured_media":0,"comment_status":"closed","ping_status":"open","sticky":false,"template":"","format":"standard","meta":{"_jetpack_memberships_contains_paid_content":false,"footnotes":"","jetpack_publicize_message":"","jetpack_publicize_feature_enabled":true,"jetpack_social_post_already_shared":true,"jetpack_social_options":{"image_generator_settings":{"template":"highway","default_image_id":0,"font":"","enabled":false},"version":2}},"categories":[1],"tags":[24],"class_list":["post-18023","post","type-post","status-publish","format-standard","hentry","category-deutsch","tag-am"],"jetpack_publicize_connections":[],"jetpack_featured_media_url":"","jetpack_sharing_enabled":true,"jetpack_shortlink":"https:\/\/wp.me\/p5CDmr-4GH","jetpack-related-posts":[{"id":14622,"url":"https:\/\/www.achimbrueckner.de\/dxradio\/php\/wordpress\/?p=14622","url_meta":{"origin":18023,"position":0},"title":"Auf der Kurzwelle in die Welt","author":"Administrator","date":"September 15, 2017","format":false,"excerpt":"http:\/\/www.pressreader.com\/germany\/graenzbote\/20170915\/282011852527403","rel":"","context":"In &quot;Deutsch&quot;","block_context":{"text":"Deutsch","link":"https:\/\/www.achimbrueckner.de\/dxradio\/php\/wordpress\/?cat=1"},"img":{"alt_text":"","src":"","width":0,"height":0},"classes":[]},{"id":8604,"url":"https:\/\/www.achimbrueckner.de\/dxradio\/php\/wordpress\/?p=8604","url_meta":{"origin":18023,"position":1},"title":"MESSE IN FRIEDRICHSHAFEN &#8211; HAM RADIO ZEIGT AB HEUTE ALLES F\u00dcR DEN AMATEURFUNK","author":"Administrator","date":"June 24, 2016","format":false,"excerpt":"http:\/\/www.messen.de\/de\/4437\/news\/Messe%20in%20Friedrichshafen%20-%20Ham%20Radio%20zeigt%20ab%20heute%20alles%20f%C3%BCr%20den%20Amateurfunk.html","rel":"","context":"In &quot;Deutsch&quot;","block_context":{"text":"Deutsch","link":"https:\/\/www.achimbrueckner.de\/dxradio\/php\/wordpress\/?cat=1"},"img":{"alt_text":"","src":"","width":0,"height":0},"classes":[]},{"id":43579,"url":"https:\/\/www.achimbrueckner.de\/dxradio\/php\/wordpress\/?p=43579","url_meta":{"origin":18023,"position":2},"title":"DARC Umfrage Ham Radio","author":"Administrator","date":"August 15, 2025","format":false,"excerpt":"Der DARC m\u00f6chte die HAM RADIO, Europas f\u00fchrende Messe f\u00fcr Amateurfunk, weiterentwickeln und bittet um deine Meinung! Egal, ob du die Messe regelm\u00e4\u00dfig besuchst, fr\u00fcher dort warst oder sie noch nie besucht hast \u2013 deine Meinung ist uns wichtig. Nimm dir 5-10 Minuten Zeit und hilf uns, die Veranstaltung f\u00fcr\u2026","rel":"","context":"In &quot;Deutsch&quot;","block_context":{"text":"Deutsch","link":"https:\/\/www.achimbrueckner.de\/dxradio\/php\/wordpress\/?cat=1"},"img":{"alt_text":"","src":"","width":0,"height":0},"classes":[]},{"id":40031,"url":"https:\/\/www.achimbrueckner.de\/dxradio\/php\/wordpress\/?p=40031","url_meta":{"origin":18023,"position":3},"title":"IFA 2023: Die wichtigsten Aussteller der Messe \u2013 und welche Marken fehlen","author":"Administrator","date":"August 17, 2023","format":false,"excerpt":"https:\/\/hifi.de\/news\/ifa-die-wichtigsten-aussteller-der-messe-und-welche-marken-fehlen-153041","rel":"","context":"In &quot;Deutsch&quot;","block_context":{"text":"Deutsch","link":"https:\/\/www.achimbrueckner.de\/dxradio\/php\/wordpress\/?cat=1"},"img":{"alt_text":"","src":"","width":0,"height":0},"classes":[]},{"id":8617,"url":"https:\/\/www.achimbrueckner.de\/dxradio\/php\/wordpress\/?p=8617","url_meta":{"origin":18023,"position":4},"title":"Messe \u201eHam Radio\u201c hat begonnen","author":"Administrator","date":"June 25, 2016","format":false,"excerpt":"http:\/\/www.schwaebische.de\/region_artikel,-Messe-Ham-Radio-hat-begonnen-_arid,10476807_toid,310.html","rel":"","context":"In &quot;Deutsch&quot;","block_context":{"text":"Deutsch","link":"https:\/\/www.achimbrueckner.de\/dxradio\/php\/wordpress\/?cat=1"},"img":{"alt_text":"","src":"","width":0,"height":0},"classes":[]},{"id":9101,"url":"https:\/\/www.achimbrueckner.de\/dxradio\/php\/wordpress\/?p=9101","url_meta":{"origin":18023,"position":5},"title":"Amateurfunk auf der Retter Messe in Wels","author":"Administrator","date":"August 9, 2016","format":false,"excerpt":"https:\/\/www.tips.at\/news\/wels\/blaulicht\/368654-amateurfunk-auf-der-retter-messe-in-wels","rel":"","context":"In &quot;Deutsch&quot;","block_context":{"text":"Deutsch","link":"https:\/\/www.achimbrueckner.de\/dxradio\/php\/wordpress\/?cat=1"},"img":{"alt_text":"","src":"","width":0,"height":0},"classes":[]}],"_links":{"self":[{"href":"https:\/\/www.achimbrueckner.de\/dxradio\/php\/wordpress\/index.php?rest_route=\/wp\/v2\/posts\/18023","targetHints":{"allow":["GET"]}}],"collection":[{"href":"https:\/\/www.achimbrueckner.de\/dxradio\/php\/wordpress\/index.php?rest_route=\/wp\/v2\/posts"}],"about":[{"href":"https:\/\/www.achimbrueckner.de\/dxradio\/php\/wordpress\/index.php?rest_route=\/wp\/v2\/types\/post"}],"author":[{"embeddable":true,"href":"https:\/\/www.achimbrueckner.de\/dxradio\/php\/wordpress\/index.php?rest_route=\/wp\/v2\/users\/1"}],"replies":[{"embeddable":true,"href":"https:\/\/www.achimbrueckner.de\/dxradio\/php\/wordpress\/index.php?rest_route=%2Fwp%2Fv2%2Fcomments&post=18023"}],"version-history":[{"count":0,"href":"https:\/\/www.achimbrueckner.de\/dxradio\/php\/wordpress\/index.php?rest_route=\/wp\/v2\/posts\/18023\/revisions"}],"wp:attachment":[{"href":"https:\/\/www.achimbrueckner.de\/dxradio\/php\/wordpress\/index.php?rest_route=%2Fwp%2Fv2%2Fmedia&parent=18023"}],"wp:term":[{"taxonomy":"category","embeddable":true,"href":"https:\/\/www.achimbrueckner.de\/dxradio\/php\/wordpress\/index.php?rest_route=%2Fwp%2Fv2%2Fcategories&post=18023"},{"taxonomy":"post_tag","embeddable":true,"href":"https:\/\/www.achimbrueckner.de\/dxradio\/php\/wordpress\/index.php?rest_route=%2Fwp%2Fv2%2Ftags&post=18023"}],"curies":[{"name":"wp","href":"https:\/\/api.w.org\/{rel}","templated":true}]}}