{"id":18030,"date":"2018-06-03T16:15:53","date_gmt":"2018-06-03T16:15:53","guid":{"rendered":"https:\/\/www.achimbrueckner.de\/dxradio\/php\/wordpress\/?p=18030"},"modified":"2018-06-03T16:15:53","modified_gmt":"2018-06-03T16:15:53","slug":"mike-schneider-bald-wieder-in-hamburg-on-air","status":"publish","type":"post","link":"https:\/\/www.achimbrueckner.de\/dxradio\/php\/wordpress\/?p=18030","title":{"rendered":"Mike Schneider bald wieder in Hamburg on air"},"content":{"rendered":"<p><a href=\"https:\/\/www.radioszene.de\/122708\/mike-schneider-hamburg.html\" rel=\"noopener\" target=\"_blank\">https:\/\/www.radioszene.de\/122708\/mike-schneider-hamburg.html<\/a><\/p>\n","protected":false},"excerpt":{"rendered":"<p>https:\/\/www.radioszene.de\/122708\/mike-schneider-hamburg.html<\/p>\n","protected":false},"author":1,"featured_media":0,"comment_status":"closed","ping_status":"open","sticky":false,"template":"","format":"standard","meta":{"_jetpack_memberships_contains_paid_content":false,"footnotes":"","jetpack_publicize_message":"","jetpack_publicize_feature_enabled":true,"jetpack_social_post_already_shared":true,"jetpack_social_options":{"image_generator_settings":{"template":"highway","default_image_id":0,"font":"","enabled":false},"version":2}},"categories":[1,16],"tags":[24,41],"class_list":["post-18030","post","type-post","status-publish","format-standard","hentry","category-deutsch","category-radioszene","tag-am","tag-radioszene"],"jetpack_publicize_connections":[],"jetpack_featured_media_url":"","jetpack_sharing_enabled":true,"jetpack_shortlink":"https:\/\/wp.me\/p5CDmr-4GO","jetpack-related-posts":[{"id":27976,"url":"https:\/\/www.achimbrueckner.de\/dxradio\/php\/wordpress\/?p=27976","url_meta":{"origin":18030,"position":0},"title":"Mike Schneider ist tot: PELI ONE trauert um Radiokollegen","author":"Administrator","date":"April 3, 2020","format":false,"excerpt":"https:\/\/www.radioszene.de\/142695\/mike-schneider-tot.html","rel":"","context":"In &quot;Deutsch&quot;","block_context":{"text":"Deutsch","link":"https:\/\/www.achimbrueckner.de\/dxradio\/php\/wordpress\/?cat=1"},"img":{"alt_text":"","src":"","width":0,"height":0},"classes":[]},{"id":18521,"url":"https:\/\/www.achimbrueckner.de\/dxradio\/php\/wordpress\/?p=18521","url_meta":{"origin":18030,"position":1},"title":"Radio Hamburg-Mitarbeiter fordern Tarifvertrag","author":"Administrator","date":"July 18, 2018","format":false,"excerpt":"https:\/\/www.radioszene.de\/124132\/wir-sind-radio-hamburg.html","rel":"","context":"In &quot;Deutsch&quot;","block_context":{"text":"Deutsch","link":"https:\/\/www.achimbrueckner.de\/dxradio\/php\/wordpress\/?cat=1"},"img":{"alt_text":"","src":"","width":0,"height":0},"classes":[]},{"id":29602,"url":"https:\/\/www.achimbrueckner.de\/dxradio\/php\/wordpress\/?p=29602","url_meta":{"origin":18030,"position":2},"title":"UKW in Hamburg: ENERGY 97,1 darf vorl\u00e4ufig weitersenden","author":"Administrator","date":"July 30, 2020","format":false,"excerpt":"https:\/\/www.radioszene.de\/144705\/ukw-hamburg.html","rel":"","context":"In &quot;Deutsch&quot;","block_context":{"text":"Deutsch","link":"https:\/\/www.achimbrueckner.de\/dxradio\/php\/wordpress\/?cat=1"},"img":{"alt_text":"","src":"","width":0,"height":0},"classes":[]},{"id":29117,"url":"https:\/\/www.achimbrueckner.de\/dxradio\/php\/wordpress\/?p=29117","url_meta":{"origin":18030,"position":3},"title":"UKW in Hamburg: Medienbeh\u00f6rde weist Widerspr\u00fcche gegen Auswahlentscheidungen zur\u00fcck","author":"Administrator","date":"June 18, 2020","format":false,"excerpt":"https:\/\/www.radioszene.de\/144705\/ukw-hamburg.html","rel":"","context":"In &quot;Deutsch&quot;","block_context":{"text":"Deutsch","link":"https:\/\/www.achimbrueckner.de\/dxradio\/php\/wordpress\/?cat=1"},"img":{"alt_text":"","src":"","width":0,"height":0},"classes":[]},{"id":23344,"url":"https:\/\/www.achimbrueckner.de\/dxradio\/php\/wordpress\/?p=23344","url_meta":{"origin":18030,"position":4},"title":"Dreizehn Bewerber f\u00fcr UKW-Frequenzen in Hamburg","author":"Administrator","date":"June 6, 2019","format":false,"excerpt":"https:\/\/www.radioszene.de\/133641\/dreizehn-bewerber-fuer-ukw-uebertragungskapazitaeten-in-hamburg.html","rel":"","context":"In &quot;Deutsch&quot;","block_context":{"text":"Deutsch","link":"https:\/\/www.achimbrueckner.de\/dxradio\/php\/wordpress\/?cat=1"},"img":{"alt_text":"","src":"","width":0,"height":0},"classes":[]},{"id":23053,"url":"https:\/\/www.achimbrueckner.de\/dxradio\/php\/wordpress\/?p=23053","url_meta":{"origin":18030,"position":5},"title":"\u201eSt\u00fcbi\u201c wechselt von ENERGY zu Radio Hamburg","author":"Administrator","date":"May 10, 2019","format":false,"excerpt":"https:\/\/www.radioszene.de\/133022\/christian-stuebinger-stuebi-energy-radio-hamburg.html","rel":"","context":"In &quot;Deutsch&quot;","block_context":{"text":"Deutsch","link":"https:\/\/www.achimbrueckner.de\/dxradio\/php\/wordpress\/?cat=1"},"img":{"alt_text":"","src":"","width":0,"height":0},"classes":[]}],"_links":{"self":[{"href":"https:\/\/www.achimbrueckner.de\/dxradio\/php\/wordpress\/index.php?rest_route=\/wp\/v2\/posts\/18030","targetHints":{"allow":["GET"]}}],"collection":[{"href":"https:\/\/www.achimbrueckner.de\/dxradio\/php\/wordpress\/index.php?rest_route=\/wp\/v2\/posts"}],"about":[{"href":"https:\/\/www.achimbrueckner.de\/dxradio\/php\/wordpress\/index.php?rest_route=\/wp\/v2\/types\/post"}],"author":[{"embeddable":true,"href":"https:\/\/www.achimbrueckner.de\/dxradio\/php\/wordpress\/index.php?rest_route=\/wp\/v2\/users\/1"}],"replies":[{"embeddable":true,"href":"https:\/\/www.achimbrueckner.de\/dxradio\/php\/wordpress\/index.php?rest_route=%2Fwp%2Fv2%2Fcomments&post=18030"}],"version-history":[{"count":0,"href":"https:\/\/www.achimbrueckner.de\/dxradio\/php\/wordpress\/index.php?rest_route=\/wp\/v2\/posts\/18030\/revisions"}],"wp:attachment":[{"href":"https:\/\/www.achimbrueckner.de\/dxradio\/php\/wordpress\/index.php?rest_route=%2Fwp%2Fv2%2Fmedia&parent=18030"}],"wp:term":[{"taxonomy":"category","embeddable":true,"href":"https:\/\/www.achimbrueckner.de\/dxradio\/php\/wordpress\/index.php?rest_route=%2Fwp%2Fv2%2Fcategories&post=18030"},{"taxonomy":"post_tag","embeddable":true,"href":"https:\/\/www.achimbrueckner.de\/dxradio\/php\/wordpress\/index.php?rest_route=%2Fwp%2Fv2%2Ftags&post=18030"}],"curies":[{"name":"wp","href":"https:\/\/api.w.org\/{rel}","templated":true}]}}