{"id":18033,"date":"2018-06-03T16:27:30","date_gmt":"2018-06-03T16:27:30","guid":{"rendered":"https:\/\/www.achimbrueckner.de\/dxradio\/php\/wordpress\/?p=18033"},"modified":"2018-06-03T16:27:30","modified_gmt":"2018-06-03T16:27:30","slug":"nicht-nur-in-der-natur-auch-beim-radio-scouting-barenstark","status":"publish","type":"post","link":"https:\/\/www.achimbrueckner.de\/dxradio\/php\/wordpress\/?p=18033","title":{"rendered":"Nicht nur in der Natur, auch beim \u201eRadio Scouting\u201c b\u00e4renstark"},"content":{"rendered":"<p><a href=\"https:\/\/www.schwaebische.de\/landkreis\/bodenseekreis\/friedrichshafen_artikel,-nicht-nur-in-der-natur-auch-beim-radio-scouting-b\u00e4renstark-_arid,10879027.html\" rel=\"noopener\" target=\"_blank\">https:\/\/www.schwaebische.de\/landkreis\/bodenseekreis\/friedrichshafen_artikel,-nicht-nur-in-der-natur-auch-beim-radio-scouting-b\u00e4renstark-_arid,10879027.html<\/a><\/p>\n","protected":false},"excerpt":{"rendered":"<p>https:\/\/www.schwaebische.de\/landkreis\/bodenseekreis\/friedrichshafen_artikel,-nicht-nur-in-der-natur-auch-beim-radio-scouting-b\u00e4renstark-_arid,10879027.html<\/p>\n","protected":false},"author":1,"featured_media":0,"comment_status":"closed","ping_status":"open","sticky":false,"template":"","format":"standard","meta":{"_jetpack_memberships_contains_paid_content":false,"footnotes":"","jetpack_publicize_message":"","jetpack_publicize_feature_enabled":true,"jetpack_social_post_already_shared":true,"jetpack_social_options":{"image_generator_settings":{"template":"highway","default_image_id":0,"font":"","enabled":false},"version":2}},"categories":[1],"tags":[],"class_list":["post-18033","post","type-post","status-publish","format-standard","hentry","category-deutsch"],"jetpack_publicize_connections":[],"jetpack_featured_media_url":"","jetpack_sharing_enabled":true,"jetpack_shortlink":"https:\/\/wp.me\/p5CDmr-4GR","jetpack-related-posts":[{"id":33672,"url":"https:\/\/www.achimbrueckner.de\/dxradio\/php\/wordpress\/?p=33672","url_meta":{"origin":18033,"position":0},"title":"Katja Berg: Grenzenlose Unterhaltung: Radio Luxemburg","author":"Administrator","date":"September 29, 2021","format":false,"excerpt":"Buch-Tipp: Auf und Ab der Radiolegende Radio Luxemburg war der gro\u00dfe kommerzielle \u00fcberregionale Sender der 50er- bis 80er-Jahre. In Deutschland wurde er im Saarland und in Nordrhein-Westfalen wegen der N\u00e4he zum Nachbarland und dem damit einhergehenden guten Empfang besonders viel geh\u00f6rt und wird dort heute noch oft nostalgisch verkl\u00e4rt. Das\u2026","rel":"","context":"In &quot;Deutsch&quot;","block_context":{"text":"Deutsch","link":"https:\/\/www.achimbrueckner.de\/dxradio\/php\/wordpress\/?cat=1"},"img":{"alt_text":"","src":"","width":0,"height":0},"classes":[]},{"id":2250,"url":"https:\/\/www.achimbrueckner.de\/dxradio\/php\/wordpress\/?p=2250","url_meta":{"origin":18033,"position":1},"title":"adxb-DL Fu\u00dfball EM 2012 Kontest","author":"Administrator","date":"June 4, 2012","format":false,"excerpt":"In wenigen Tagen ist es soweit. Am 8. Juni beginnt nicht nur die Fu\u00dfball EM in Polen und der Ukraine, sondern auch der adxb-DL Fu\u00dfball EM 2012 Kontest. Er findet zwischen dem 8.6. und 1.7.2012 statt. Zu h\u00f6ren ist mindestens ein Sender aus den teilnehmenden L\u00e4ndern. Mehr Infos unter www.adxb-dl.de.\u2026","rel":"","context":"In &quot;contests&quot;","block_context":{"text":"contests","link":"https:\/\/www.achimbrueckner.de\/dxradio\/php\/wordpress\/?cat=6"},"img":{"alt_text":"","src":"","width":0,"height":0},"classes":[]},{"id":4277,"url":"https:\/\/www.achimbrueckner.de\/dxradio\/php\/wordpress\/?p=4277","url_meta":{"origin":18033,"position":2},"title":"F\u00fcr alle freien Radiomacher: Radiocamp am Bodensee vom 13. bis 17. Mai!","author":"Administrator","date":"March 24, 2015","format":false,"excerpt":"F\u00fcr alle freien Radiomacher: Radiocamp am Bodensee vom 13. bis 17. Mai! Direkt am Bodensee campen allj\u00e4hrlich freie Radioaktive. Dort treffen sie sich zum Kreativ-Werden, zum Lernen, zum Plaudern, zum Kontaktekn\u00fcpfen und zum Produzieren. Alles beim Radiocamp auf dem DGB-Gel\u00e4nde in Markelfingen. Vom 13. bis 17. Mai 2015 werden unterschiedlichste\u2026","rel":"","context":"In &quot;audio&quot;","block_context":{"text":"audio","link":"https:\/\/www.achimbrueckner.de\/dxradio\/php\/wordpress\/?cat=47"},"img":{"alt_text":"","src":"","width":0,"height":0},"classes":[]},{"id":1176,"url":"https:\/\/www.achimbrueckner.de\/dxradio\/php\/wordpress\/?p=1176","url_meta":{"origin":18033,"position":3},"title":"Diplomkontest des RTI Hoererklubs Ottenau","author":"Administrator","date":"October 3, 2010","format":false,"excerpt":"Liebe Mitglieder und Freunde des RTI Hoererklubs Ottenau, sehr geehrte Damen und Herren, liebe Hobbyfreunde, gerne sende ich Euch eine Information ueber den jetzigen Diplomkontest des RTI Hoererklubs Ottenau mit Radio Taiwan International und Radio Bulgarien zu, der heute um 1700 UTC mit der ersten von 7 Direktsendungen auf 9955\u2026","rel":"","context":"In &quot;contests&quot;","block_context":{"text":"contests","link":"https:\/\/www.achimbrueckner.de\/dxradio\/php\/wordpress\/?cat=6"},"img":{"alt_text":"","src":"","width":0,"height":0},"classes":[]},{"id":4424,"url":"https:\/\/www.achimbrueckner.de\/dxradio\/php\/wordpress\/?p=4424","url_meta":{"origin":18033,"position":4},"title":"SAT- und DX\u00e9r Magazins der SATzentrale 21.04.2015","author":"Administrator","date":"April 20, 2015","format":false,"excerpt":"Hallo liebe Radio und DX\u00e9r Freunde, am 21.04.2015 ist es wieder soweit. An diesem Tag l\u00e4uft um 21:00 Uhr MEZ eine neue Ausgabe des SAT- und DX\u00e9r Magazins der SATzentrale. In der mittlerweile 13. Ausgabe gibt es wieder interessante Themen: Im Mai und Juni finden wieder zahlreiche DX\u00e9r Treffen statt.\u2026","rel":"","context":"In &quot;Deutsch&quot;","block_context":{"text":"Deutsch","link":"https:\/\/www.achimbrueckner.de\/dxradio\/php\/wordpress\/?cat=1"},"img":{"alt_text":"","src":"","width":0,"height":0},"classes":[]},{"id":15933,"url":"https:\/\/www.achimbrueckner.de\/dxradio\/php\/wordpress\/?p=15933","url_meta":{"origin":18033,"position":5},"title":"SWS Programmtipps f\u00fcr den Rest des Dezembers 2017","author":"Administrator","date":"December 16, 2017","format":false,"excerpt":"Liebe Radiofreunde, das Jahr neigt sich dem Ende zu und wir melden uns ein letztes mal mit einer \u00dcbersicht an Sondersendungen und Programmtipps. Die Dezember-Sendung von Radio. \"Menschen und Geschichten\" ist die Ausgabe, in der wir nur Radiomenschen und deren Geschichten bringen. Alexander Tauscher geht seit Jahren auf Radioreise. Er\u2026","rel":"","context":"In &quot;Deutsch&quot;","block_context":{"text":"Deutsch","link":"https:\/\/www.achimbrueckner.de\/dxradio\/php\/wordpress\/?cat=1"},"img":{"alt_text":"","src":"","width":0,"height":0},"classes":[]}],"_links":{"self":[{"href":"https:\/\/www.achimbrueckner.de\/dxradio\/php\/wordpress\/index.php?rest_route=\/wp\/v2\/posts\/18033","targetHints":{"allow":["GET"]}}],"collection":[{"href":"https:\/\/www.achimbrueckner.de\/dxradio\/php\/wordpress\/index.php?rest_route=\/wp\/v2\/posts"}],"about":[{"href":"https:\/\/www.achimbrueckner.de\/dxradio\/php\/wordpress\/index.php?rest_route=\/wp\/v2\/types\/post"}],"author":[{"embeddable":true,"href":"https:\/\/www.achimbrueckner.de\/dxradio\/php\/wordpress\/index.php?rest_route=\/wp\/v2\/users\/1"}],"replies":[{"embeddable":true,"href":"https:\/\/www.achimbrueckner.de\/dxradio\/php\/wordpress\/index.php?rest_route=%2Fwp%2Fv2%2Fcomments&post=18033"}],"version-history":[{"count":0,"href":"https:\/\/www.achimbrueckner.de\/dxradio\/php\/wordpress\/index.php?rest_route=\/wp\/v2\/posts\/18033\/revisions"}],"wp:attachment":[{"href":"https:\/\/www.achimbrueckner.de\/dxradio\/php\/wordpress\/index.php?rest_route=%2Fwp%2Fv2%2Fmedia&parent=18033"}],"wp:term":[{"taxonomy":"category","embeddable":true,"href":"https:\/\/www.achimbrueckner.de\/dxradio\/php\/wordpress\/index.php?rest_route=%2Fwp%2Fv2%2Fcategories&post=18033"},{"taxonomy":"post_tag","embeddable":true,"href":"https:\/\/www.achimbrueckner.de\/dxradio\/php\/wordpress\/index.php?rest_route=%2Fwp%2Fv2%2Ftags&post=18033"}],"curies":[{"name":"wp","href":"https:\/\/api.w.org\/{rel}","templated":true}]}}