{"id":18035,"date":"2018-06-03T16:33:04","date_gmt":"2018-06-03T16:33:04","guid":{"rendered":"https:\/\/www.achimbrueckner.de\/dxradio\/php\/wordpress\/?p=18035"},"modified":"2018-06-03T16:33:04","modified_gmt":"2018-06-03T16:33:04","slug":"finne-empfing-radio-no-ein-wunder","status":"publish","type":"post","link":"https:\/\/www.achimbrueckner.de\/dxradio\/php\/wordpress\/?p=18035","title":{"rendered":"Finne empfing Radio N\u00d6: \u201eEin Wunder\u201c"},"content":{"rendered":"<p><a href=\"http:\/\/noe.orf.at\/news\/stories\/2916696\/\" rel=\"noopener\" target=\"_blank\">http:\/\/noe.orf.at\/news\/stories\/2916696\/<\/a><\/p>\n","protected":false},"excerpt":{"rendered":"<p>http:\/\/noe.orf.at\/news\/stories\/2916696\/<\/p>\n","protected":false},"author":1,"featured_media":0,"comment_status":"closed","ping_status":"open","sticky":false,"template":"","format":"standard","meta":{"_jetpack_memberships_contains_paid_content":false,"footnotes":"","jetpack_publicize_message":"","jetpack_publicize_feature_enabled":true,"jetpack_social_post_already_shared":true,"jetpack_social_options":{"image_generator_settings":{"template":"highway","default_image_id":0,"font":"","enabled":false},"version":2}},"categories":[1],"tags":[],"class_list":["post-18035","post","type-post","status-publish","format-standard","hentry","category-deutsch"],"jetpack_publicize_connections":[],"jetpack_featured_media_url":"","jetpack_sharing_enabled":true,"jetpack_shortlink":"https:\/\/wp.me\/p5CDmr-4GT","jetpack-related-posts":[{"id":8857,"url":"https:\/\/www.achimbrueckner.de\/dxradio\/php\/wordpress\/?p=8857","url_meta":{"origin":18035,"position":0},"title":"Kuh auf Garagendach st\u00f6rte Fernsehsignal","author":"Administrator","date":"July 17, 2016","format":false,"excerpt":"http:\/\/noe.orf.at\/news\/stories\/2786005\/","rel":"","context":"In &quot;Deutsch&quot;","block_context":{"text":"Deutsch","link":"https:\/\/www.achimbrueckner.de\/dxradio\/php\/wordpress\/?cat=1"},"img":{"alt_text":"","src":"","width":0,"height":0},"classes":[]},{"id":37798,"url":"https:\/\/www.achimbrueckner.de\/dxradio\/php\/wordpress\/?p=37798","url_meta":{"origin":18035,"position":1},"title":"In der Krise schl\u00e4gt das Radio das Internet","author":"Administrator","date":"October 29, 2022","format":false,"excerpt":"https:\/\/noe.orf.at\/stories\/3178690\/","rel":"","context":"In &quot;Deutsch&quot;","block_context":{"text":"Deutsch","link":"https:\/\/www.achimbrueckner.de\/dxradio\/php\/wordpress\/?cat=1"},"img":{"alt_text":"","src":"","width":0,"height":0},"classes":[]},{"id":865,"url":"https:\/\/www.achimbrueckner.de\/dxradio\/php\/wordpress\/?p=865","url_meta":{"origin":18035,"position":2},"title":"Bisamberg-Sendemasten werden gesprengt","author":"Administrator","date":"January 22, 2010","format":false,"excerpt":"Bisamberg-Sendemasten werden gesprengt http:\/\/noe.orf.at\/stories\/417891\/ http:\/\/derstandard.at\/1263705784770\/Hoechstes-Bauwerk-Bisamberg-Sendemast-wird-gesprengt Info via A-DX","rel":"","context":"In &quot;Deutsch&quot;","block_context":{"text":"Deutsch","link":"https:\/\/www.achimbrueckner.de\/dxradio\/php\/wordpress\/?cat=1"},"img":{"alt_text":"","src":"","width":0,"height":0},"classes":[]},{"id":42155,"url":"https:\/\/www.achimbrueckner.de\/dxradio\/php\/wordpress\/?p=42155","url_meta":{"origin":18035,"position":3},"title":"Rundfunk Kurzwellensender Moosbrunn gesprengt","author":"Administrator","date":"January 29, 2025","format":false,"excerpt":"https:\/\/noe.orf.at\/stories\/3291171\/","rel":"","context":"In &quot;Deutsch&quot;","block_context":{"text":"Deutsch","link":"https:\/\/www.achimbrueckner.de\/dxradio\/php\/wordpress\/?cat=1"},"img":{"alt_text":"","src":"","width":0,"height":0},"classes":[]},{"id":30281,"url":"https:\/\/www.achimbrueckner.de\/dxradio\/php\/wordpress\/?p=30281","url_meta":{"origin":18035,"position":4},"title":"Programmtipp: 50 Jahre Close-Down von Radio CAE","author":"Administrator","date":"October 2, 2020","format":false,"excerpt":"\u201cAt 87.8 on the FM-dial, this is Canadian Forces Radio CAE in Werl, Germany\u2026\u201d \u00dcber 14 Jahre lang h\u00f6rte man diesen Station Break auf UKW ganz vorne, am Anfang der Skala, sofern man am \u00f6stlichen Rande des Ruhrgebiets wohnte. Am 21. M\u00e4rz 1956 um 17.00 Uhr war hier ein einzigartiger\u2026","rel":"","context":"In &quot;Deutsch&quot;","block_context":{"text":"Deutsch","link":"https:\/\/www.achimbrueckner.de\/dxradio\/php\/wordpress\/?cat=1"},"img":{"alt_text":"","src":"","width":0,"height":0},"classes":[]},{"id":5380,"url":"https:\/\/www.achimbrueckner.de\/dxradio\/php\/wordpress\/?p=5380","url_meta":{"origin":18035,"position":5},"title":"Internationales Radio Serbien stellt Arbeit ein","author":"Administrator","date":"July 31, 2015","format":false,"excerpt":"http:\/\/orf.at\/#\/stories\/2292029\/ Info via A-DX","rel":"","context":"In &quot;Deutsch&quot;","block_context":{"text":"Deutsch","link":"https:\/\/www.achimbrueckner.de\/dxradio\/php\/wordpress\/?cat=1"},"img":{"alt_text":"","src":"","width":0,"height":0},"classes":[]}],"_links":{"self":[{"href":"https:\/\/www.achimbrueckner.de\/dxradio\/php\/wordpress\/index.php?rest_route=\/wp\/v2\/posts\/18035","targetHints":{"allow":["GET"]}}],"collection":[{"href":"https:\/\/www.achimbrueckner.de\/dxradio\/php\/wordpress\/index.php?rest_route=\/wp\/v2\/posts"}],"about":[{"href":"https:\/\/www.achimbrueckner.de\/dxradio\/php\/wordpress\/index.php?rest_route=\/wp\/v2\/types\/post"}],"author":[{"embeddable":true,"href":"https:\/\/www.achimbrueckner.de\/dxradio\/php\/wordpress\/index.php?rest_route=\/wp\/v2\/users\/1"}],"replies":[{"embeddable":true,"href":"https:\/\/www.achimbrueckner.de\/dxradio\/php\/wordpress\/index.php?rest_route=%2Fwp%2Fv2%2Fcomments&post=18035"}],"version-history":[{"count":0,"href":"https:\/\/www.achimbrueckner.de\/dxradio\/php\/wordpress\/index.php?rest_route=\/wp\/v2\/posts\/18035\/revisions"}],"wp:attachment":[{"href":"https:\/\/www.achimbrueckner.de\/dxradio\/php\/wordpress\/index.php?rest_route=%2Fwp%2Fv2%2Fmedia&parent=18035"}],"wp:term":[{"taxonomy":"category","embeddable":true,"href":"https:\/\/www.achimbrueckner.de\/dxradio\/php\/wordpress\/index.php?rest_route=%2Fwp%2Fv2%2Fcategories&post=18035"},{"taxonomy":"post_tag","embeddable":true,"href":"https:\/\/www.achimbrueckner.de\/dxradio\/php\/wordpress\/index.php?rest_route=%2Fwp%2Fv2%2Ftags&post=18035"}],"curies":[{"name":"wp","href":"https:\/\/api.w.org\/{rel}","templated":true}]}}