{"id":18050,"date":"2018-06-04T17:31:00","date_gmt":"2018-06-04T17:31:00","guid":{"rendered":"https:\/\/www.achimbrueckner.de\/dxradio\/php\/wordpress\/?p=18050"},"modified":"2018-06-04T17:31:00","modified_gmt":"2018-06-04T17:31:00","slug":"verein-plant-eigene-funkstation","status":"publish","type":"post","link":"https:\/\/www.achimbrueckner.de\/dxradio\/php\/wordpress\/?p=18050","title":{"rendered":"Verein plant eigene Funkstation"},"content":{"rendered":"<p><a href=\"http:\/\/www.nw.de\/lokal\/kreis_herford\/enger\/22155644_Verein-plant-eigene-Funkstation.html\" rel=\"noopener\" target=\"_blank\">http:\/\/www.nw.de\/lokal\/kreis_herford\/enger\/22155644_Verein-plant-eigene-Funkstation.html<\/a><\/p>\n","protected":false},"excerpt":{"rendered":"<p>http:\/\/www.nw.de\/lokal\/kreis_herford\/enger\/22155644_Verein-plant-eigene-Funkstation.html<\/p>\n","protected":false},"author":1,"featured_media":0,"comment_status":"closed","ping_status":"open","sticky":false,"template":"","format":"standard","meta":{"_jetpack_memberships_contains_paid_content":false,"footnotes":"","jetpack_publicize_message":"","jetpack_publicize_feature_enabled":true,"jetpack_social_post_already_shared":true,"jetpack_social_options":{"image_generator_settings":{"template":"highway","default_image_id":0,"font":"","enabled":false},"version":2}},"categories":[1],"tags":[],"class_list":["post-18050","post","type-post","status-publish","format-standard","hentry","category-deutsch"],"jetpack_publicize_connections":[],"jetpack_featured_media_url":"","jetpack_sharing_enabled":true,"jetpack_shortlink":"https:\/\/wp.me\/p5CDmr-4H8","jetpack-related-posts":[{"id":17968,"url":"https:\/\/www.achimbrueckner.de\/dxradio\/php\/wordpress\/?p=17968","url_meta":{"origin":18050,"position":0},"title":"Amateurfunk-Aktionen f\u00fcr die ganze Familie","author":"Administrator","date":"May 29, 2018","format":false,"excerpt":"http:\/\/www.nw.de\/lokal\/kreis_herford\/enger\/22150811_Amateurfunk-Aktionen-fuer-die-ganze-Familie.html","rel":"","context":"In &quot;Deutsch&quot;","block_context":{"text":"Deutsch","link":"https:\/\/www.achimbrueckner.de\/dxradio\/php\/wordpress\/?cat=1"},"img":{"alt_text":"","src":"","width":0,"height":0},"classes":[]},{"id":24958,"url":"https:\/\/www.achimbrueckner.de\/dxradio\/php\/wordpress\/?p=24958","url_meta":{"origin":18050,"position":1},"title":"Das Verm\u00e4chtnis eines weltweit bekannten Funkamateurs lebt in Enger weiter","author":"Administrator","date":"September 25, 2019","format":false,"excerpt":"https:\/\/www.nw.de\/lokal\/kreis_herford\/enger\/22570092_Vermaechtnis-eines-weltweit-bekannten-Funkamateurs-lebt-in-Enger-weiter.html","rel":"","context":"In &quot;Deutsch&quot;","block_context":{"text":"Deutsch","link":"https:\/\/www.achimbrueckner.de\/dxradio\/php\/wordpress\/?cat=1"},"img":{"alt_text":"","src":"","width":0,"height":0},"classes":[]},{"id":23038,"url":"https:\/\/www.achimbrueckner.de\/dxradio\/php\/wordpress\/?p=23038","url_meta":{"origin":18050,"position":2},"title":"Engeraner Grundsch\u00fcler funken mit der Welt","author":"Administrator","date":"May 9, 2019","format":false,"excerpt":"https:\/\/www.nw.de\/lokal\/kreis_herford\/enger\/22448423_Engeraner-Grundschueler-funken-in-die-Welt.html","rel":"","context":"In &quot;Deutsch&quot;","block_context":{"text":"Deutsch","link":"https:\/\/www.achimbrueckner.de\/dxradio\/php\/wordpress\/?cat=1"},"img":{"alt_text":"","src":"","width":0,"height":0},"classes":[]},{"id":15269,"url":"https:\/\/www.achimbrueckner.de\/dxradio\/php\/wordpress\/?p=15269","url_meta":{"origin":18050,"position":3},"title":"Die bizarre Welt der Amateurfunker","author":"Administrator","date":"November 1, 2017","format":false,"excerpt":"http:\/\/www.nw.de\/lokal\/kreis_herford\/buende\/buende\/21960898_Die-bizarre-Welt-der-Amateurfunker.html","rel":"","context":"In &quot;Deutsch&quot;","block_context":{"text":"Deutsch","link":"https:\/\/www.achimbrueckner.de\/dxradio\/php\/wordpress\/?cat=1"},"img":{"alt_text":"","src":"","width":0,"height":0},"classes":[]},{"id":8561,"url":"https:\/\/www.achimbrueckner.de\/dxradio\/php\/wordpress\/?p=8561","url_meta":{"origin":18050,"position":4},"title":"13-j\u00e4hriger Justin Bieber z\u00e4hlt zu Deutschlands j\u00fcngsten Amateurfunkern","author":"Administrator","date":"June 21, 2016","format":false,"excerpt":"http:\/\/www.nw.de\/lokal\/kreis_herford\/herford\/herford\/20828942_13-jaehriger-Herforder-zaehlt-zu-Deutschlands-juengsten-Amateurfunkern.html","rel":"","context":"In &quot;Deutsch&quot;","block_context":{"text":"Deutsch","link":"https:\/\/www.achimbrueckner.de\/dxradio\/php\/wordpress\/?cat=1"},"img":{"alt_text":"","src":"","width":0,"height":0},"classes":[]},{"id":38911,"url":"https:\/\/www.achimbrueckner.de\/dxradio\/php\/wordpress\/?p=38911","url_meta":{"origin":18050,"position":5},"title":"BFBS-Sendemast gesprengt: Eine \u00c4ra geht in Herford zu Ende","author":"Administrator","date":"February 25, 2023","format":false,"excerpt":"https:\/\/www.nw.de\/lokal\/kreis_herford\/herford\/23494422_BFBS-Sendemast-gesprengt-Eine-Aera-geht-in-Herford-zu-Ende.html","rel":"","context":"In &quot;Deutsch&quot;","block_context":{"text":"Deutsch","link":"https:\/\/www.achimbrueckner.de\/dxradio\/php\/wordpress\/?cat=1"},"img":{"alt_text":"","src":"","width":0,"height":0},"classes":[]}],"_links":{"self":[{"href":"https:\/\/www.achimbrueckner.de\/dxradio\/php\/wordpress\/index.php?rest_route=\/wp\/v2\/posts\/18050","targetHints":{"allow":["GET"]}}],"collection":[{"href":"https:\/\/www.achimbrueckner.de\/dxradio\/php\/wordpress\/index.php?rest_route=\/wp\/v2\/posts"}],"about":[{"href":"https:\/\/www.achimbrueckner.de\/dxradio\/php\/wordpress\/index.php?rest_route=\/wp\/v2\/types\/post"}],"author":[{"embeddable":true,"href":"https:\/\/www.achimbrueckner.de\/dxradio\/php\/wordpress\/index.php?rest_route=\/wp\/v2\/users\/1"}],"replies":[{"embeddable":true,"href":"https:\/\/www.achimbrueckner.de\/dxradio\/php\/wordpress\/index.php?rest_route=%2Fwp%2Fv2%2Fcomments&post=18050"}],"version-history":[{"count":0,"href":"https:\/\/www.achimbrueckner.de\/dxradio\/php\/wordpress\/index.php?rest_route=\/wp\/v2\/posts\/18050\/revisions"}],"wp:attachment":[{"href":"https:\/\/www.achimbrueckner.de\/dxradio\/php\/wordpress\/index.php?rest_route=%2Fwp%2Fv2%2Fmedia&parent=18050"}],"wp:term":[{"taxonomy":"category","embeddable":true,"href":"https:\/\/www.achimbrueckner.de\/dxradio\/php\/wordpress\/index.php?rest_route=%2Fwp%2Fv2%2Fcategories&post=18050"},{"taxonomy":"post_tag","embeddable":true,"href":"https:\/\/www.achimbrueckner.de\/dxradio\/php\/wordpress\/index.php?rest_route=%2Fwp%2Fv2%2Ftags&post=18050"}],"curies":[{"name":"wp","href":"https:\/\/api.w.org\/{rel}","templated":true}]}}