{"id":18061,"date":"2018-06-05T15:01:29","date_gmt":"2018-06-05T15:01:29","guid":{"rendered":"https:\/\/www.achimbrueckner.de\/dxradio\/php\/wordpress\/?p=18061"},"modified":"2018-06-05T15:01:29","modified_gmt":"2018-06-05T15:01:29","slug":"ukw-empfange-live","status":"publish","type":"post","link":"https:\/\/www.achimbrueckner.de\/dxradio\/php\/wordpress\/?p=18061","title":{"rendered":"UKW Empf\u00e4nge live"},"content":{"rendered":"<p>Wer einen Blick fast &#8220;live&#8221; auf aktuelle UKW Empf\u00e4nge sehen m\u00f6chte: Einfach unter <a href=\"http:\/\/www.fmlist.org\/fm_logpanel.php?area=&#038;jj=2018&#038;peranno=true\" rel=\"noopener\" target=\"_blank\">http:\/\/www.fmlist.org\/fm_logpanel.php?area=&#038;jj=2018&#038;peranno=true<\/a> in der Tabelle ganz rechts den gew\u00fcnschten Tag bei &#8220;Links to Visual Logbook&#8221; anklicken. So sah (aber nur der Empfang in Deutschland!) soeben aus. Gro\u00dfartige Sache des UKW\/TV Arbeitskreises!<\/p>\n<p>Info via <a href=\"https:\/\/www.facebook.com\/groups\/295486116966\/?ref=nf_target&#038;fref=nf\" rel=\"noopener\" target=\"_blank\">Facebook<\/a><\/p>\n","protected":false},"excerpt":{"rendered":"<p>Wer einen Blick fast &#8220;live&#8221; auf aktuelle UKW Empf\u00e4nge sehen m\u00f6chte: Einfach unter http:\/\/www.fmlist.org\/fm_logpanel.php?area=&#038;jj=2018&#038;peranno=true in der Tabelle ganz rechts den gew\u00fcnschten Tag bei &#8220;Links to Visual Logbook&#8221; anklicken. So sah (aber nur der Empfang in Deutschland!) soeben aus. Gro\u00dfartige Sache des UKW\/TV Arbeitskreises! Info via Facebook<\/p>\n","protected":false},"author":1,"featured_media":0,"comment_status":"closed","ping_status":"open","sticky":false,"template":"","format":"standard","meta":{"_jetpack_memberships_contains_paid_content":false,"footnotes":"","jetpack_publicize_message":"","jetpack_publicize_feature_enabled":true,"jetpack_social_post_already_shared":true,"jetpack_social_options":{"image_generator_settings":{"template":"highway","default_image_id":0,"font":"","enabled":false},"version":2}},"categories":[1,3],"tags":[42,28,27],"class_list":["post-18061","post","type-post","status-publish","format-standard","hentry","category-deutsch","category-empfang","tag-empfang","tag-fm","tag-ukw"],"jetpack_publicize_connections":[],"jetpack_featured_media_url":"","jetpack_sharing_enabled":true,"jetpack_shortlink":"https:\/\/wp.me\/p5CDmr-4Hj","jetpack-related-posts":[{"id":30381,"url":"https:\/\/www.achimbrueckner.de\/dxradio\/php\/wordpress\/?p=30381","url_meta":{"origin":18061,"position":0},"title":"DAB+: Wieso empfange ich nicht alle Sender, die ich auch \u00fcber UKW empfange?","author":"Administrator","date":"October 11, 2020","format":false,"excerpt":"https:\/\/www.mdr.de\/mdr-thueringen\/redakteur-dab-plus-empfang-ukw-sender-100.html","rel":"","context":"In &quot;Deutsch&quot;","block_context":{"text":"Deutsch","link":"https:\/\/www.achimbrueckner.de\/dxradio\/php\/wordpress\/?cat=1"},"img":{"alt_text":"","src":"","width":0,"height":0},"classes":[]},{"id":6007,"url":"https:\/\/www.achimbrueckner.de\/dxradio\/php\/wordpress\/?p=6007","url_meta":{"origin":18061,"position":1},"title":"UKW bleibt mit Abstand wichtigste Empfangsart (Digitalisierungsbericht 2015)","author":"Administrator","date":"September 21, 2015","format":false,"excerpt":"http:\/\/www.vprt.de\/thema\/verbreitung\/digitalisierung\/stand-der-digitalisierung\/content\/ukw-bleibt-mit-abstand-wichtigst?c=0","rel":"","context":"In &quot;Deutsch&quot;","block_context":{"text":"Deutsch","link":"https:\/\/www.achimbrueckner.de\/dxradio\/php\/wordpress\/?cat=1"},"img":{"alt_text":"","src":"","width":0,"height":0},"classes":[]},{"id":2257,"url":"https:\/\/www.achimbrueckner.de\/dxradio\/php\/wordpress\/?p=2257","url_meta":{"origin":18061,"position":2},"title":"UKW\/TV-Arbeitskreis: Stand auf der Ham Radio","author":"Administrator","date":"June 20, 2012","format":false,"excerpt":"Hallo Liste Der UKW\/TV-Arbeitskreis hat dieses Jahr nach l\u00e4ngerer Pause wieder einen Stand auf der Ham Radio. Wir sind in Halle A1, am Standplatz A1-546, direkt gegen\u00fcber der ADDX, anzutreffen. Neben der Vorstellung unseres Spezialgebiets, des \u00dcberreichweitenempfangs auf UKW und TV, bieten wir live UKW-Empf\u00e4ngervergleiche an in der Halle aufgebauten\u2026","rel":"","context":"In &quot;camps&quot;","block_context":{"text":"camps","link":"https:\/\/www.achimbrueckner.de\/dxradio\/php\/wordpress\/?cat=5"},"img":{"alt_text":"","src":"","width":0,"height":0},"classes":[]},{"id":17361,"url":"https:\/\/www.achimbrueckner.de\/dxradio\/php\/wordpress\/?p=17361","url_meta":{"origin":18061,"position":3},"title":"Alternativen zum UKW-Empfang","author":"Administrator","date":"April 16, 2018","format":false,"excerpt":"https:\/\/www.teltarif.de\/radio-empfang-internet-ukw-dab-plus\/news\/72296.html","rel":"","context":"In &quot;Deutsch&quot;","block_context":{"text":"Deutsch","link":"https:\/\/www.achimbrueckner.de\/dxradio\/php\/wordpress\/?cat=1"},"img":{"alt_text":"","src":"","width":0,"height":0},"classes":[]},{"id":30836,"url":"https:\/\/www.achimbrueckner.de\/dxradio\/php\/wordpress\/?p=30836","url_meta":{"origin":18061,"position":4},"title":"UKW-DX: Teneriffa-Empfang auf Gran Canaria","author":"Administrator","date":"November 19, 2020","format":false,"excerpt":"https:\/\/www.smartphonefan.de\/2020\/11\/18\/ukw-dx-teneriffa-empfang-auf-gran-canaria\/","rel":"","context":"In &quot;Deutsch&quot;","block_context":{"text":"Deutsch","link":"https:\/\/www.achimbrueckner.de\/dxradio\/php\/wordpress\/?cat=1"},"img":{"alt_text":"","src":"","width":0,"height":0},"classes":[]},{"id":14392,"url":"https:\/\/www.achimbrueckner.de\/dxradio\/php\/wordpress\/?p=14392","url_meta":{"origin":18061,"position":5},"title":"Wann l\u00f6st das Digitalradio den UKW-Empfang ab?","author":"Administrator","date":"September 3, 2017","format":false,"excerpt":"http:\/\/www.elektroniknet.de\/elektronik-automotive\/infotainment\/wann-loest-das-digitalradio-den-ukw-empfang-ab-145134.html","rel":"","context":"In &quot;Deutsch&quot;","block_context":{"text":"Deutsch","link":"https:\/\/www.achimbrueckner.de\/dxradio\/php\/wordpress\/?cat=1"},"img":{"alt_text":"","src":"","width":0,"height":0},"classes":[]}],"_links":{"self":[{"href":"https:\/\/www.achimbrueckner.de\/dxradio\/php\/wordpress\/index.php?rest_route=\/wp\/v2\/posts\/18061","targetHints":{"allow":["GET"]}}],"collection":[{"href":"https:\/\/www.achimbrueckner.de\/dxradio\/php\/wordpress\/index.php?rest_route=\/wp\/v2\/posts"}],"about":[{"href":"https:\/\/www.achimbrueckner.de\/dxradio\/php\/wordpress\/index.php?rest_route=\/wp\/v2\/types\/post"}],"author":[{"embeddable":true,"href":"https:\/\/www.achimbrueckner.de\/dxradio\/php\/wordpress\/index.php?rest_route=\/wp\/v2\/users\/1"}],"replies":[{"embeddable":true,"href":"https:\/\/www.achimbrueckner.de\/dxradio\/php\/wordpress\/index.php?rest_route=%2Fwp%2Fv2%2Fcomments&post=18061"}],"version-history":[{"count":0,"href":"https:\/\/www.achimbrueckner.de\/dxradio\/php\/wordpress\/index.php?rest_route=\/wp\/v2\/posts\/18061\/revisions"}],"wp:attachment":[{"href":"https:\/\/www.achimbrueckner.de\/dxradio\/php\/wordpress\/index.php?rest_route=%2Fwp%2Fv2%2Fmedia&parent=18061"}],"wp:term":[{"taxonomy":"category","embeddable":true,"href":"https:\/\/www.achimbrueckner.de\/dxradio\/php\/wordpress\/index.php?rest_route=%2Fwp%2Fv2%2Fcategories&post=18061"},{"taxonomy":"post_tag","embeddable":true,"href":"https:\/\/www.achimbrueckner.de\/dxradio\/php\/wordpress\/index.php?rest_route=%2Fwp%2Fv2%2Ftags&post=18061"}],"curies":[{"name":"wp","href":"https:\/\/api.w.org\/{rel}","templated":true}]}}