{"id":18071,"date":"2018-06-05T18:26:33","date_gmt":"2018-06-05T18:26:33","guid":{"rendered":"https:\/\/www.achimbrueckner.de\/dxradio\/php\/wordpress\/?p=18071"},"modified":"2018-06-05T18:26:33","modified_gmt":"2018-06-05T18:26:33","slug":"die-orf-medien-osterreich-in-fernsehen-radio-und-digital","status":"publish","type":"post","link":"https:\/\/www.achimbrueckner.de\/dxradio\/php\/wordpress\/?p=18071","title":{"rendered":"Die ORF-Medien: \u00d6sterreich in Fernsehen, Radio und Digital"},"content":{"rendered":"<p><a href=\"https:\/\/medianet.at\/news\/marketing-and-media\/die-orf-medien-oesterreich-in-fernsehen-radio-und-digital-20725.html\" rel=\"noopener\" target=\"_blank\">https:\/\/medianet.at\/news\/marketing-and-media\/die-orf-medien-oesterreich-in-fernsehen-radio-und-digital-20725.html<\/a><\/p>\n","protected":false},"excerpt":{"rendered":"<p>https:\/\/medianet.at\/news\/marketing-and-media\/die-orf-medien-oesterreich-in-fernsehen-radio-und-digital-20725.html<\/p>\n","protected":false},"author":1,"featured_media":0,"comment_status":"closed","ping_status":"open","sticky":false,"template":"","format":"standard","meta":{"_jetpack_memberships_contains_paid_content":false,"footnotes":"","jetpack_publicize_message":"","jetpack_publicize_feature_enabled":true,"jetpack_social_post_already_shared":true,"jetpack_social_options":{"image_generator_settings":{"template":"highway","default_image_id":0,"font":"","enabled":false},"version":2}},"categories":[1,17,15],"tags":[46,45],"class_list":["post-18071","post","type-post","status-publish","format-standard","hentry","category-deutsch","category-media","category-medien","tag-media","tag-medien"],"jetpack_publicize_connections":[],"jetpack_featured_media_url":"","jetpack_sharing_enabled":true,"jetpack_shortlink":"https:\/\/wp.me\/p5CDmr-4Ht","jetpack-related-posts":[{"id":5927,"url":"https:\/\/www.achimbrueckner.de\/dxradio\/php\/wordpress\/?p=5927","url_meta":{"origin":18071,"position":0},"title":"LANGZEITSTUDIE Fernsehen und Radio bleiben die meistgenutzten Medien","author":"Administrator","date":"September 12, 2015","format":false,"excerpt":"http:\/\/www.ksta.de\/medien\/langzeitstudie-fernsehen-und-radio-bleiben-die-meistgenutzten-medien,15189656,31776340.html","rel":"","context":"In &quot;Deutsch&quot;","block_context":{"text":"Deutsch","link":"https:\/\/www.achimbrueckner.de\/dxradio\/php\/wordpress\/?cat=1"},"img":{"alt_text":"","src":"","width":0,"height":0},"classes":[]},{"id":27528,"url":"https:\/\/www.achimbrueckner.de\/dxradio\/php\/wordpress\/?p=27528","url_meta":{"origin":18071,"position":1},"title":"ORF f\u00fchrt Religionsabteilungen zu multimedialer Redaktion zusammen","author":"Administrator","date":"March 10, 2020","format":false,"excerpt":"https:\/\/www.sn.at\/panorama\/medien\/orf-fuehrt-religionsabteilungen-zu-multimedialer-redaktion-zusammen-84649252","rel":"","context":"In &quot;Deutsch&quot;","block_context":{"text":"Deutsch","link":"https:\/\/www.achimbrueckner.de\/dxradio\/php\/wordpress\/?cat=1"},"img":{"alt_text":"","src":"","width":0,"height":0},"classes":[]},{"id":26526,"url":"https:\/\/www.achimbrueckner.de\/dxradio\/php\/wordpress\/?p=26526","url_meta":{"origin":18071,"position":2},"title":"Medien: \u00d6VP und Gr\u00fcne wollen ORF &#8220;unabh\u00e4ngig&#8221; finanzieren","author":"Administrator","date":"January 4, 2020","format":false,"excerpt":"https:\/\/www.derstandard.de\/story\/2000112850974\/medien-oevp-und-gruene-wollen-orf-unabhaengig-finanzieren","rel":"","context":"In &quot;Deutsch&quot;","block_context":{"text":"Deutsch","link":"https:\/\/www.achimbrueckner.de\/dxradio\/php\/wordpress\/?cat=1"},"img":{"alt_text":"","src":"","width":0,"height":0},"classes":[]},{"id":26065,"url":"https:\/\/www.achimbrueckner.de\/dxradio\/php\/wordpress\/?p=26065","url_meta":{"origin":18071,"position":3},"title":"Digitales Radio-Netz w\u00e4chst, ORF bremst neuerlich","author":"Administrator","date":"December 6, 2019","format":false,"excerpt":"https:\/\/www.wienerzeitung.at\/nachrichten\/kultur\/medien\/2041295-Digitales-Radio-Netz-waechst-ORF-bremst-neuerlich.html","rel":"","context":"In &quot;Deutsch&quot;","block_context":{"text":"Deutsch","link":"https:\/\/www.achimbrueckner.de\/dxradio\/php\/wordpress\/?cat=1"},"img":{"alt_text":"","src":"","width":0,"height":0},"classes":[]},{"id":13008,"url":"https:\/\/www.achimbrueckner.de\/dxradio\/php\/wordpress\/?p=13008","url_meta":{"origin":18071,"position":4},"title":"Crossmedial im Gro\u00dfraumb\u00fcro: WDR legt Redaktionen f\u00fcr Fernsehen, Radio und Internet r\u00e4umlich zusammen","author":"Administrator","date":"April 28, 2017","format":false,"excerpt":"http:\/\/www.medienkorrespondenz.de\/politik\/artikel\/crossmedial-im-grossraumbuero-gebuendelte-wdr-redaktionen.html","rel":"","context":"In &quot;Deutsch&quot;","block_context":{"text":"Deutsch","link":"https:\/\/www.achimbrueckner.de\/dxradio\/php\/wordpress\/?cat=1"},"img":{"alt_text":"","src":"","width":0,"height":0},"classes":[]},{"id":7408,"url":"https:\/\/www.achimbrueckner.de\/dxradio\/php\/wordpress\/?p=7408","url_meta":{"origin":18071,"position":5},"title":"Radiotest: F\u00fcnf Mio. h\u00f6ren ORF und 2,2, Mio. Private","author":"Administrator","date":"January 30, 2016","format":false,"excerpt":"http:\/\/diepresse.com\/home\/kultur\/medien\/4913762\/Radiotest_Funf-Mio-horen-ORF-und-22-Mio-Private?from=rss","rel":"","context":"In &quot;Deutsch&quot;","block_context":{"text":"Deutsch","link":"https:\/\/www.achimbrueckner.de\/dxradio\/php\/wordpress\/?cat=1"},"img":{"alt_text":"","src":"","width":0,"height":0},"classes":[]}],"_links":{"self":[{"href":"https:\/\/www.achimbrueckner.de\/dxradio\/php\/wordpress\/index.php?rest_route=\/wp\/v2\/posts\/18071","targetHints":{"allow":["GET"]}}],"collection":[{"href":"https:\/\/www.achimbrueckner.de\/dxradio\/php\/wordpress\/index.php?rest_route=\/wp\/v2\/posts"}],"about":[{"href":"https:\/\/www.achimbrueckner.de\/dxradio\/php\/wordpress\/index.php?rest_route=\/wp\/v2\/types\/post"}],"author":[{"embeddable":true,"href":"https:\/\/www.achimbrueckner.de\/dxradio\/php\/wordpress\/index.php?rest_route=\/wp\/v2\/users\/1"}],"replies":[{"embeddable":true,"href":"https:\/\/www.achimbrueckner.de\/dxradio\/php\/wordpress\/index.php?rest_route=%2Fwp%2Fv2%2Fcomments&post=18071"}],"version-history":[{"count":0,"href":"https:\/\/www.achimbrueckner.de\/dxradio\/php\/wordpress\/index.php?rest_route=\/wp\/v2\/posts\/18071\/revisions"}],"wp:attachment":[{"href":"https:\/\/www.achimbrueckner.de\/dxradio\/php\/wordpress\/index.php?rest_route=%2Fwp%2Fv2%2Fmedia&parent=18071"}],"wp:term":[{"taxonomy":"category","embeddable":true,"href":"https:\/\/www.achimbrueckner.de\/dxradio\/php\/wordpress\/index.php?rest_route=%2Fwp%2Fv2%2Fcategories&post=18071"},{"taxonomy":"post_tag","embeddable":true,"href":"https:\/\/www.achimbrueckner.de\/dxradio\/php\/wordpress\/index.php?rest_route=%2Fwp%2Fv2%2Ftags&post=18071"}],"curies":[{"name":"wp","href":"https:\/\/api.w.org\/{rel}","templated":true}]}}