{"id":18075,"date":"2018-06-05T18:34:29","date_gmt":"2018-06-05T18:34:29","guid":{"rendered":"https:\/\/www.achimbrueckner.de\/dxradio\/php\/wordpress\/?p=18075"},"modified":"2018-06-05T18:34:29","modified_gmt":"2018-06-05T18:34:29","slug":"warum-das-radio-eine-zukunft-hat","status":"publish","type":"post","link":"https:\/\/www.achimbrueckner.de\/dxradio\/php\/wordpress\/?p=18075","title":{"rendered":"Warum das Radio eine Zukunft hat"},"content":{"rendered":"<p><a href=\"http:\/\/www.haz.de\/Nachrichten\/Medien\/Uebersicht\/Warum-das-Radio-eine-Zukunft-hat\" rel=\"noopener\" target=\"_blank\">http:\/\/www.haz.de\/Nachrichten\/Medien\/Uebersicht\/Warum-das-Radio-eine-Zukunft-hat<\/a><\/p>\n","protected":false},"excerpt":{"rendered":"<p>http:\/\/www.haz.de\/Nachrichten\/Medien\/Uebersicht\/Warum-das-Radio-eine-Zukunft-hat<\/p>\n","protected":false},"author":1,"featured_media":0,"comment_status":"closed","ping_status":"open","sticky":false,"template":"","format":"standard","meta":{"_jetpack_memberships_contains_paid_content":false,"footnotes":"","jetpack_publicize_message":"","jetpack_publicize_feature_enabled":true,"jetpack_social_post_already_shared":true,"jetpack_social_options":{"image_generator_settings":{"template":"highway","default_image_id":0,"font":"","enabled":false},"version":2}},"categories":[1,15],"tags":[45],"class_list":["post-18075","post","type-post","status-publish","format-standard","hentry","category-deutsch","category-medien","tag-medien"],"jetpack_publicize_connections":[],"jetpack_featured_media_url":"","jetpack_sharing_enabled":true,"jetpack_shortlink":"https:\/\/wp.me\/p5CDmr-4Hx","jetpack-related-posts":[{"id":21283,"url":"https:\/\/www.achimbrueckner.de\/dxradio\/php\/wordpress\/?p=21283","url_meta":{"origin":18075,"position":0},"title":"Nachgefragt: Hat das lineare Fernsehen noch eine Zukunft?","author":"Administrator","date":"February 2, 2019","format":false,"excerpt":"http:\/\/www.haz.de\/Nachrichten\/Medien\/Fernsehen\/Nachgefragt-Hat-das-lineare-Fernsehen-noch-eine-Zukunft","rel":"","context":"In &quot;Deutsch&quot;","block_context":{"text":"Deutsch","link":"https:\/\/www.achimbrueckner.de\/dxradio\/php\/wordpress\/?cat=1"},"img":{"alt_text":"","src":"","width":0,"height":0},"classes":[]},{"id":18999,"url":"https:\/\/www.achimbrueckner.de\/dxradio\/php\/wordpress\/?p=18999","url_meta":{"origin":18075,"position":1},"title":"\u00abDas lineare Radio hat eine grossartige Zukunft vor sich\u00bb","author":"Administrator","date":"September 1, 2018","format":false,"excerpt":"https:\/\/www.persoenlich.com\/medien\/das-lineare-radio-hat-eine-grossartige-zukunft-vor-sich","rel":"","context":"In &quot;Deutsch&quot;","block_context":{"text":"Deutsch","link":"https:\/\/www.achimbrueckner.de\/dxradio\/php\/wordpress\/?cat=1"},"img":{"alt_text":"","src":"","width":0,"height":0},"classes":[]},{"id":31034,"url":"https:\/\/www.achimbrueckner.de\/dxradio\/php\/wordpress\/?p=31034","url_meta":{"origin":18075,"position":2},"title":"Jugendmedientag: Warum das Radio Zukunft hat","author":"Administrator","date":"December 5, 2020","format":false,"excerpt":"https:\/\/www.ndr.de\/ndr2\/programm\/ARD-Jugendmedientag-2020,jugendmedientag320.html","rel":"","context":"In &quot;Deutsch&quot;","block_context":{"text":"Deutsch","link":"https:\/\/www.achimbrueckner.de\/dxradio\/php\/wordpress\/?cat=1"},"img":{"alt_text":"","src":"","width":0,"height":0},"classes":[]},{"id":19046,"url":"https:\/\/www.achimbrueckner.de\/dxradio\/php\/wordpress\/?p=19046","url_meta":{"origin":18075,"position":3},"title":"\u201eMusik wird f\u00fcr das Radio an Bedeutung verlieren\u201c","author":"Administrator","date":"September 6, 2018","format":false,"excerpt":"http:\/\/www.haz.de\/Nachrichten\/Medien\/Uebersicht\/Musik-wird-fuer-das-Radio-an-Bedeutung-verlieren","rel":"","context":"In &quot;Deutsch&quot;","block_context":{"text":"Deutsch","link":"https:\/\/www.achimbrueckner.de\/dxradio\/php\/wordpress\/?cat=1"},"img":{"alt_text":"","src":"","width":0,"height":0},"classes":[]},{"id":2809,"url":"https:\/\/www.achimbrueckner.de\/dxradio\/php\/wordpress\/?p=2809","url_meta":{"origin":18075,"position":4},"title":"Die Zukunft des Rundfunks Raus aus der Nische","author":"Administrator","date":"December 21, 2013","format":false,"excerpt":"http:\/\/www.haz.de\/Nachrichten\/Medien\/Uebersicht\/Die-Zukunft-des-Radios-im-Internet","rel":"","context":"In &quot;Deutsch&quot;","block_context":{"text":"Deutsch","link":"https:\/\/www.achimbrueckner.de\/dxradio\/php\/wordpress\/?cat=1"},"img":{"alt_text":"","src":"","width":0,"height":0},"classes":[]},{"id":2423,"url":"https:\/\/www.achimbrueckner.de\/dxradio\/php\/wordpress\/?p=2423","url_meta":{"origin":18075,"position":5},"title":"Radio 90elf verliert Radiorechte f\u00fcr Bundesliga","author":"Administrator","date":"March 19, 2013","format":false,"excerpt":"Hallo allerseits, heute hat die Deutsche Fu\u00dfballliga (DFL) die H\u00f6rfunk-\u00dcbertragungs-Rechte f\u00fcr die erste und zweite Bundesliga f\u00fcr die 4 Spielzeiten beginnend mit der Saison 2013\/14 neu vergeben. Den Zuschlag erhielt dabei der Fernsehsender Sport1, was bedeutet, dass Radio 90elf das Nachsehen hat. 90elf ist mit einer Reichweite von einigen Hunderttausend\u2026","rel":"","context":"In &quot;Deutsch&quot;","block_context":{"text":"Deutsch","link":"https:\/\/www.achimbrueckner.de\/dxradio\/php\/wordpress\/?cat=1"},"img":{"alt_text":"","src":"","width":0,"height":0},"classes":[]}],"_links":{"self":[{"href":"https:\/\/www.achimbrueckner.de\/dxradio\/php\/wordpress\/index.php?rest_route=\/wp\/v2\/posts\/18075","targetHints":{"allow":["GET"]}}],"collection":[{"href":"https:\/\/www.achimbrueckner.de\/dxradio\/php\/wordpress\/index.php?rest_route=\/wp\/v2\/posts"}],"about":[{"href":"https:\/\/www.achimbrueckner.de\/dxradio\/php\/wordpress\/index.php?rest_route=\/wp\/v2\/types\/post"}],"author":[{"embeddable":true,"href":"https:\/\/www.achimbrueckner.de\/dxradio\/php\/wordpress\/index.php?rest_route=\/wp\/v2\/users\/1"}],"replies":[{"embeddable":true,"href":"https:\/\/www.achimbrueckner.de\/dxradio\/php\/wordpress\/index.php?rest_route=%2Fwp%2Fv2%2Fcomments&post=18075"}],"version-history":[{"count":0,"href":"https:\/\/www.achimbrueckner.de\/dxradio\/php\/wordpress\/index.php?rest_route=\/wp\/v2\/posts\/18075\/revisions"}],"wp:attachment":[{"href":"https:\/\/www.achimbrueckner.de\/dxradio\/php\/wordpress\/index.php?rest_route=%2Fwp%2Fv2%2Fmedia&parent=18075"}],"wp:term":[{"taxonomy":"category","embeddable":true,"href":"https:\/\/www.achimbrueckner.de\/dxradio\/php\/wordpress\/index.php?rest_route=%2Fwp%2Fv2%2Fcategories&post=18075"},{"taxonomy":"post_tag","embeddable":true,"href":"https:\/\/www.achimbrueckner.de\/dxradio\/php\/wordpress\/index.php?rest_route=%2Fwp%2Fv2%2Ftags&post=18075"}],"curies":[{"name":"wp","href":"https:\/\/api.w.org\/{rel}","templated":true}]}}