{"id":18076,"date":"2018-06-05T18:35:54","date_gmt":"2018-06-05T18:35:54","guid":{"rendered":"https:\/\/www.achimbrueckner.de\/dxradio\/php\/wordpress\/?p=18076"},"modified":"2018-06-05T18:35:54","modified_gmt":"2018-06-05T18:35:54","slug":"95-jahre-sollt-ihr-weitersenden","status":"publish","type":"post","link":"https:\/\/www.achimbrueckner.de\/dxradio\/php\/wordpress\/?p=18076","title":{"rendered":"\u201e95 Jahre sollt Ihr weitersenden\u2026\u201c"},"content":{"rendered":"<p><a href=\"http:\/\/www.radio.cz\/de\/rubrik\/forum\/95-jahre-sollt-ihr-weitersenden\" rel=\"noopener\" target=\"_blank\">http:\/\/www.radio.cz\/de\/rubrik\/forum\/95-jahre-sollt-ihr-weitersenden<\/a><\/p>\n","protected":false},"excerpt":{"rendered":"<p>http:\/\/www.radio.cz\/de\/rubrik\/forum\/95-jahre-sollt-ihr-weitersenden<\/p>\n","protected":false},"author":1,"featured_media":0,"comment_status":"closed","ping_status":"open","sticky":false,"template":"","format":"standard","meta":{"_jetpack_memberships_contains_paid_content":false,"footnotes":"","jetpack_publicize_message":"","jetpack_publicize_feature_enabled":true,"jetpack_social_post_already_shared":true,"jetpack_social_options":{"image_generator_settings":{"template":"highway","default_image_id":0,"font":"","enabled":false},"version":2}},"categories":[1],"tags":[],"class_list":["post-18076","post","type-post","status-publish","format-standard","hentry","category-deutsch"],"jetpack_publicize_connections":[],"jetpack_featured_media_url":"","jetpack_sharing_enabled":true,"jetpack_shortlink":"https:\/\/wp.me\/p5CDmr-4Hy","jetpack-related-posts":[{"id":10168,"url":"https:\/\/www.achimbrueckner.de\/dxradio\/php\/wordpress\/?p=10168","url_meta":{"origin":18076,"position":0},"title":"80 Jahre Radio Prag: Nach Jahrtausendwende wurde es digital und weltweit vernetzt","author":"Administrator","date":"August 31, 2016","format":false,"excerpt":"http:\/\/www.radio.cz\/de\/rubrik\/tagesecho\/80-jahre-radio-prag-nach-jahrtausendwende-wurde-es-digital-und-weltweit-vernetzt","rel":"","context":"In &quot;Deutsch&quot;","block_context":{"text":"Deutsch","link":"https:\/\/www.achimbrueckner.de\/dxradio\/php\/wordpress\/?cat=1"},"img":{"alt_text":"","src":"","width":0,"height":0},"classes":[]},{"id":1548,"url":"https:\/\/www.achimbrueckner.de\/dxradio\/php\/wordpress\/?p=1548","url_meta":{"origin":18076,"position":1},"title":"\u00e2\u20ac\u017eEtwas f\u00fcr die Freiheit unseres Volkes tun\u00e2\u20ac\u0153 \u00e2\u20ac\u201c 60 Jahre Radio Freies Europa","author":"Administrator","date":"May 16, 2011","format":false,"excerpt":"\u00e2\u20ac\u017eEtwas f\u00fcr die Freiheit unseres Volkes tun\u00e2\u20ac\u0153 \u00e2\u20ac\u201c 60 Jahre Radio Freies Europa http:\/\/www.radio.cz\/de\/rubrik\/tagesecho\/etwas-fuer-die-freiheit-unseres-volkes-tun-60-jahre-radio-freies-europa","rel":"","context":"In &quot;Deutsch&quot;","block_context":{"text":"Deutsch","link":"https:\/\/www.achimbrueckner.de\/dxradio\/php\/wordpress\/?cat=1"},"img":{"alt_text":"","src":"","width":0,"height":0},"classes":[]},{"id":21888,"url":"https:\/\/www.achimbrueckner.de\/dxradio\/php\/wordpress\/?p=21888","url_meta":{"origin":18076,"position":2},"title":"\u201eVOICE OF AMERICA\u201c: 62 JAHRE LANG FENSTER IN DIE WELT F\u00dcR VIELE TSCHECHEN","author":"Administrator","date":"February 28, 2019","format":false,"excerpt":"https:\/\/www.radio.cz\/de\/rubrik\/tagesecho\/voice-of-america-62-jahre-lang-fenster-in-die-welt-fuer-viele-tschechen","rel":"","context":"In &quot;Deutsch&quot;","block_context":{"text":"Deutsch","link":"https:\/\/www.achimbrueckner.de\/dxradio\/php\/wordpress\/?cat=1"},"img":{"alt_text":"","src":"","width":0,"height":0},"classes":[]},{"id":17817,"url":"https:\/\/www.achimbrueckner.de\/dxradio\/php\/wordpress\/?p=17817","url_meta":{"origin":18076,"position":3},"title":"WIE ALLES BEGANN \u2013 DER RUNDFUNK WIRD 95","author":"Administrator","date":"May 18, 2018","format":false,"excerpt":"http:\/\/www.radio.cz\/de\/rubrik\/tagesecho\/wie-alles-begann-der-rundfunk-wird-95","rel":"","context":"In &quot;Deutsch&quot;","block_context":{"text":"Deutsch","link":"https:\/\/www.achimbrueckner.de\/dxradio\/php\/wordpress\/?cat=1"},"img":{"alt_text":"","src":"","width":0,"height":0},"classes":[]},{"id":28670,"url":"https:\/\/www.achimbrueckner.de\/dxradio\/php\/wordpress\/?p=28670","url_meta":{"origin":18076,"position":4},"title":"Eilverfahren beim Verwaltungsgericht: ENERGY darf in Hamburg zun\u00e4chst weitersenden","author":"Administrator","date":"May 15, 2020","format":false,"excerpt":"http:\/\/www.radiowoche.de\/gerichtsentscheidung-im-eilverfahren-energy-darf-in-hamburg-zunaechst-weitersenden\/","rel":"","context":"In &quot;Deutsch&quot;","block_context":{"text":"Deutsch","link":"https:\/\/www.achimbrueckner.de\/dxradio\/php\/wordpress\/?cat=1"},"img":{"alt_text":"","src":"","width":0,"height":0},"classes":[]},{"id":13706,"url":"https:\/\/www.achimbrueckner.de\/dxradio\/php\/wordpress\/?p=13706","url_meta":{"origin":18076,"position":5},"title":"\u201eKUCK MAL, PRAG HAT GESCHRIEBEN!\u201c","author":"Administrator","date":"July 13, 2017","format":false,"excerpt":"http:\/\/www.radio.cz\/de\/rubrik\/forum\/kuck-mal-prag-hat-geschrieben","rel":"","context":"In &quot;Deutsch&quot;","block_context":{"text":"Deutsch","link":"https:\/\/www.achimbrueckner.de\/dxradio\/php\/wordpress\/?cat=1"},"img":{"alt_text":"","src":"","width":0,"height":0},"classes":[]}],"_links":{"self":[{"href":"https:\/\/www.achimbrueckner.de\/dxradio\/php\/wordpress\/index.php?rest_route=\/wp\/v2\/posts\/18076","targetHints":{"allow":["GET"]}}],"collection":[{"href":"https:\/\/www.achimbrueckner.de\/dxradio\/php\/wordpress\/index.php?rest_route=\/wp\/v2\/posts"}],"about":[{"href":"https:\/\/www.achimbrueckner.de\/dxradio\/php\/wordpress\/index.php?rest_route=\/wp\/v2\/types\/post"}],"author":[{"embeddable":true,"href":"https:\/\/www.achimbrueckner.de\/dxradio\/php\/wordpress\/index.php?rest_route=\/wp\/v2\/users\/1"}],"replies":[{"embeddable":true,"href":"https:\/\/www.achimbrueckner.de\/dxradio\/php\/wordpress\/index.php?rest_route=%2Fwp%2Fv2%2Fcomments&post=18076"}],"version-history":[{"count":0,"href":"https:\/\/www.achimbrueckner.de\/dxradio\/php\/wordpress\/index.php?rest_route=\/wp\/v2\/posts\/18076\/revisions"}],"wp:attachment":[{"href":"https:\/\/www.achimbrueckner.de\/dxradio\/php\/wordpress\/index.php?rest_route=%2Fwp%2Fv2%2Fmedia&parent=18076"}],"wp:term":[{"taxonomy":"category","embeddable":true,"href":"https:\/\/www.achimbrueckner.de\/dxradio\/php\/wordpress\/index.php?rest_route=%2Fwp%2Fv2%2Fcategories&post=18076"},{"taxonomy":"post_tag","embeddable":true,"href":"https:\/\/www.achimbrueckner.de\/dxradio\/php\/wordpress\/index.php?rest_route=%2Fwp%2Fv2%2Ftags&post=18076"}],"curies":[{"name":"wp","href":"https:\/\/api.w.org\/{rel}","templated":true}]}}