{"id":18104,"date":"2018-06-08T14:20:44","date_gmt":"2018-06-08T14:20:44","guid":{"rendered":"https:\/\/www.achimbrueckner.de\/dxradio\/php\/wordpress\/?p=18104"},"modified":"2018-06-08T14:20:44","modified_gmt":"2018-06-08T14:20:44","slug":"wolfgang-niedecken-radio-war-damals-fur-mich-die-nabelschnur-zur-welt","status":"publish","type":"post","link":"https:\/\/www.achimbrueckner.de\/dxradio\/php\/wordpress\/?p=18104","title":{"rendered":"Wolfgang Niedecken: \u201eRadio war damals f\u00fcr mich die Nabelschnur zur Welt\u201c"},"content":{"rendered":"<p><a href=\"https:\/\/www.radioszene.de\/122843\/wolfgang-niedecken-wdr4-songpoeten.html\" rel=\"noopener\" target=\"_blank\">https:\/\/www.radioszene.de\/122843\/wolfgang-niedecken-wdr4-songpoeten.html<\/a><\/p>\n","protected":false},"excerpt":{"rendered":"<p>https:\/\/www.radioszene.de\/122843\/wolfgang-niedecken-wdr4-songpoeten.html<\/p>\n","protected":false},"author":1,"featured_media":0,"comment_status":"closed","ping_status":"open","sticky":false,"template":"","format":"standard","meta":{"_jetpack_memberships_contains_paid_content":false,"footnotes":"","jetpack_publicize_message":"","jetpack_publicize_feature_enabled":true,"jetpack_social_post_already_shared":true,"jetpack_social_options":{"image_generator_settings":{"template":"highway","default_image_id":0,"font":"","enabled":false},"version":2}},"categories":[1,16],"tags":[24,41],"class_list":["post-18104","post","type-post","status-publish","format-standard","hentry","category-deutsch","category-radioszene","tag-am","tag-radioszene"],"jetpack_publicize_connections":[],"jetpack_featured_media_url":"","jetpack_sharing_enabled":true,"jetpack_shortlink":"https:\/\/wp.me\/p5CDmr-4I0","jetpack-related-posts":[{"id":16746,"url":"https:\/\/www.achimbrueckner.de\/dxradio\/php\/wordpress\/?p=16746","url_meta":{"origin":18104,"position":0},"title":"Interview mit \u201cMr. Music\u201d Wolfgang Kreh","author":"Administrator","date":"March 4, 2018","format":false,"excerpt":"http:\/\/www.radioszene.de\/119203\/wolfgang-kreh.html","rel":"","context":"In &quot;Deutsch&quot;","block_context":{"text":"Deutsch","link":"https:\/\/www.achimbrueckner.de\/dxradio\/php\/wordpress\/?cat=1"},"img":{"alt_text":"","src":"","width":0,"height":0},"classes":[]},{"id":16152,"url":"https:\/\/www.achimbrueckner.de\/dxradio\/php\/wordpress\/?p=16152","url_meta":{"origin":18104,"position":1},"title":"NDR trauert um Wolfgang Knauer","author":"Administrator","date":"January 10, 2018","format":false,"excerpt":"http:\/\/www.radioszene.de\/116845\/wolfgang-knauer-tot.html","rel":"","context":"In &quot;Deutsch&quot;","block_context":{"text":"Deutsch","link":"https:\/\/www.achimbrueckner.de\/dxradio\/php\/wordpress\/?cat=1"},"img":{"alt_text":"","src":"","width":0,"height":0},"classes":[]},{"id":21234,"url":"https:\/\/www.achimbrueckner.de\/dxradio\/php\/wordpress\/?p=21234","url_meta":{"origin":18104,"position":2},"title":"Dr. Wolfgang Gushurst: Die Kulturwellen sind in vielerlei Hinsicht im Wandel","author":"Administrator","date":"January 31, 2019","format":false,"excerpt":"https:\/\/www.radioszene.de\/129887\/wolfgang-gushurst-kulturwellen.html","rel":"","context":"In &quot;Deutsch&quot;","block_context":{"text":"Deutsch","link":"https:\/\/www.achimbrueckner.de\/dxradio\/php\/wordpress\/?cat=1"},"img":{"alt_text":"","src":"","width":0,"height":0},"classes":[]},{"id":30101,"url":"https:\/\/www.achimbrueckner.de\/dxradio\/php\/wordpress\/?p=30101","url_meta":{"origin":18104,"position":3},"title":"\u201eHoch Leiki\u201c: der hei\u00dfe Wolfgang Leikermoser von ANTENNE BAYERN","author":"Administrator","date":"September 17, 2020","format":false,"excerpt":"https:\/\/www.radioszene.de\/147589\/hoch-leiki-wolfgang-leikermoser-antenne-bayern.html","rel":"","context":"In &quot;Deutsch&quot;","block_context":{"text":"Deutsch","link":"https:\/\/www.achimbrueckner.de\/dxradio\/php\/wordpress\/?cat=1"},"img":{"alt_text":"","src":"","width":0,"height":0},"classes":[]},{"id":31089,"url":"https:\/\/www.achimbrueckner.de\/dxradio\/php\/wordpress\/?p=31089","url_meta":{"origin":18104,"position":4},"title":"Kultmoderatoren J\u00fcrgen Karney und Wolfgang Lippert moderieren das R.SA Fr\u00fchst\u00fccksradio","author":"Administrator","date":"December 11, 2020","format":false,"excerpt":"https:\/\/www.radioszene.de\/150404\/juergen-karney-wolfgang-lippert-rsa-fruehstuecksradio.html","rel":"","context":"In &quot;Deutsch&quot;","block_context":{"text":"Deutsch","link":"https:\/\/www.achimbrueckner.de\/dxradio\/php\/wordpress\/?cat=1"},"img":{"alt_text":"","src":"","width":0,"height":0},"classes":[]},{"id":28780,"url":"https:\/\/www.achimbrueckner.de\/dxradio\/php\/wordpress\/?p=28780","url_meta":{"origin":18104,"position":5},"title":"Kultmoderatoren J\u00fcrgen Karney und Wolfgang Lippert nach 30 Jahren zum ersten Mal gemeinsam auf Sendung","author":"Administrator","date":"May 23, 2020","format":false,"excerpt":"https:\/\/www.radioszene.de\/143988\/juergen-karney-wolfgang-lippert.html","rel":"","context":"In &quot;Deutsch&quot;","block_context":{"text":"Deutsch","link":"https:\/\/www.achimbrueckner.de\/dxradio\/php\/wordpress\/?cat=1"},"img":{"alt_text":"","src":"","width":0,"height":0},"classes":[]}],"_links":{"self":[{"href":"https:\/\/www.achimbrueckner.de\/dxradio\/php\/wordpress\/index.php?rest_route=\/wp\/v2\/posts\/18104","targetHints":{"allow":["GET"]}}],"collection":[{"href":"https:\/\/www.achimbrueckner.de\/dxradio\/php\/wordpress\/index.php?rest_route=\/wp\/v2\/posts"}],"about":[{"href":"https:\/\/www.achimbrueckner.de\/dxradio\/php\/wordpress\/index.php?rest_route=\/wp\/v2\/types\/post"}],"author":[{"embeddable":true,"href":"https:\/\/www.achimbrueckner.de\/dxradio\/php\/wordpress\/index.php?rest_route=\/wp\/v2\/users\/1"}],"replies":[{"embeddable":true,"href":"https:\/\/www.achimbrueckner.de\/dxradio\/php\/wordpress\/index.php?rest_route=%2Fwp%2Fv2%2Fcomments&post=18104"}],"version-history":[{"count":0,"href":"https:\/\/www.achimbrueckner.de\/dxradio\/php\/wordpress\/index.php?rest_route=\/wp\/v2\/posts\/18104\/revisions"}],"wp:attachment":[{"href":"https:\/\/www.achimbrueckner.de\/dxradio\/php\/wordpress\/index.php?rest_route=%2Fwp%2Fv2%2Fmedia&parent=18104"}],"wp:term":[{"taxonomy":"category","embeddable":true,"href":"https:\/\/www.achimbrueckner.de\/dxradio\/php\/wordpress\/index.php?rest_route=%2Fwp%2Fv2%2Fcategories&post=18104"},{"taxonomy":"post_tag","embeddable":true,"href":"https:\/\/www.achimbrueckner.de\/dxradio\/php\/wordpress\/index.php?rest_route=%2Fwp%2Fv2%2Ftags&post=18104"}],"curies":[{"name":"wp","href":"https:\/\/api.w.org\/{rel}","templated":true}]}}