{"id":18110,"date":"2018-06-08T21:46:48","date_gmt":"2018-06-08T21:46:48","guid":{"rendered":"https:\/\/www.achimbrueckner.de\/dxradio\/php\/wordpress\/?p=18110"},"modified":"2018-06-08T21:46:48","modified_gmt":"2018-06-08T21:46:48","slug":"tablet-co-als-nanny-eltern-steuern-nutzungsverhalten-ihrer-kinder","status":"publish","type":"post","link":"https:\/\/www.achimbrueckner.de\/dxradio\/php\/wordpress\/?p=18110","title":{"rendered":"Tablet &#038; Co. als Nanny \u2013 Eltern steuern Nutzungsverhalten ihrer Kinder"},"content":{"rendered":"<p><a href=\"http:\/\/www.werbewoche.ch\/medien\/mediennutzung\/2018-06-07\/tablet-co-als-nanny-eltern-steuern-nutzungsverhalten-ihrer-kinder\" rel=\"noopener\" target=\"_blank\">http:\/\/www.werbewoche.ch\/medien\/mediennutzung\/2018-06-07\/tablet-co-als-nanny-eltern-steuern-nutzungsverhalten-ihrer-kinder<\/a><\/p>\n","protected":false},"excerpt":{"rendered":"<p>http:\/\/www.werbewoche.ch\/medien\/mediennutzung\/2018-06-07\/tablet-co-als-nanny-eltern-steuern-nutzungsverhalten-ihrer-kinder<\/p>\n","protected":false},"author":1,"featured_media":0,"comment_status":"closed","ping_status":"open","sticky":false,"template":"","format":"standard","meta":{"_jetpack_memberships_contains_paid_content":false,"footnotes":"","jetpack_publicize_message":"","jetpack_publicize_feature_enabled":true,"jetpack_social_post_already_shared":true,"jetpack_social_options":{"image_generator_settings":{"template":"highway","default_image_id":0,"font":"","enabled":false},"version":2}},"categories":[1,15],"tags":[45],"class_list":["post-18110","post","type-post","status-publish","format-standard","hentry","category-deutsch","category-medien","tag-medien"],"jetpack_publicize_connections":[],"jetpack_featured_media_url":"","jetpack_sharing_enabled":true,"jetpack_shortlink":"https:\/\/wp.me\/p5CDmr-4I6","jetpack-related-posts":[{"id":28896,"url":"https:\/\/www.achimbrueckner.de\/dxradio\/php\/wordpress\/?p=28896","url_meta":{"origin":18110,"position":0},"title":"Kinder-Podcasts, die auch Eltern gefallen","author":"Administrator","date":"May 31, 2020","format":false,"excerpt":"https:\/\/www.sueddeutsche.de\/medien\/podcasts-podcast-tipps-kinder-podcasts-1.4921996","rel":"","context":"In &quot;Deutsch&quot;","block_context":{"text":"Deutsch","link":"https:\/\/www.achimbrueckner.de\/dxradio\/php\/wordpress\/?cat=1"},"img":{"alt_text":"","src":"","width":0,"height":0},"classes":[]},{"id":14900,"url":"https:\/\/www.achimbrueckner.de\/dxradio\/php\/wordpress\/?p=14900","url_meta":{"origin":18110,"position":1},"title":"Kinder am Bildschirm, Eltern am Dr\u00fccker","author":"Administrator","date":"October 9, 2017","format":false,"excerpt":"http:\/\/www.medienkorrespondenz.de\/leitartikel\/artikel\/kinder-am-bildschirm-elternnbspamnbspdruecker.html","rel":"","context":"In &quot;Deutsch&quot;","block_context":{"text":"Deutsch","link":"https:\/\/www.achimbrueckner.de\/dxradio\/php\/wordpress\/?cat=1"},"img":{"alt_text":"","src":"","width":0,"height":0},"classes":[]},{"id":37331,"url":"https:\/\/www.achimbrueckner.de\/dxradio\/php\/wordpress\/?p=37331","url_meta":{"origin":18110,"position":2},"title":"Steuern statt Geb\u00fchren: Unabh\u00e4ngigkeit der \u00f6ffentlichen Medien in Gefahr?","author":"Administrator","date":"August 23, 2022","format":false,"excerpt":"https:\/\/medienwoche.ch\/2022\/08\/23\/steuern-statt-gebuehren-unabhaengigkeit-der-oeffentlichen-medien-in-gefahr\/","rel":"","context":"In &quot;Deutsch&quot;","block_context":{"text":"Deutsch","link":"https:\/\/www.achimbrueckner.de\/dxradio\/php\/wordpress\/?cat=1"},"img":{"alt_text":"","src":"","width":0,"height":0},"classes":[]},{"id":33808,"url":"https:\/\/www.achimbrueckner.de\/dxradio\/php\/wordpress\/?p=33808","url_meta":{"origin":18110,"position":3},"title":"Mediennutzung von Kindern : &#8220;Mein Sohn ist jetzt vier und hat seit einem Jahr ein Tablet&#8221;","author":"Administrator","date":"October 18, 2021","format":false,"excerpt":"https:\/\/www.zeit.de\/digital\/internet\/2021-10\/mediennutzung-kinder-smartphone-tablet-fernseher-bildschirmzeit-eltern","rel":"","context":"In &quot;Deutsch&quot;","block_context":{"text":"Deutsch","link":"https:\/\/www.achimbrueckner.de\/dxradio\/php\/wordpress\/?cat=1"},"img":{"alt_text":"","src":"","width":0,"height":0},"classes":[]},{"id":13147,"url":"https:\/\/www.achimbrueckner.de\/dxradio\/php\/wordpress\/?p=13147","url_meta":{"origin":18110,"position":4},"title":"Eltern m\u00fcssen die Wirkung der Medien stets im Blick behalten","author":"Administrator","date":"May 12, 2017","format":false,"excerpt":"http:\/\/www.morgenweb.de\/fraenkische-nachrichten_artikel,-tauberbischofsheim-eltern-muessen-die-wirkung-der-medien-stets-im-blick-behalten-_arid,1043477.html","rel":"","context":"In &quot;Deutsch&quot;","block_context":{"text":"Deutsch","link":"https:\/\/www.achimbrueckner.de\/dxradio\/php\/wordpress\/?cat=1"},"img":{"alt_text":"","src":"","width":0,"height":0},"classes":[]},{"id":24137,"url":"https:\/\/www.achimbrueckner.de\/dxradio\/php\/wordpress\/?p=24137","url_meta":{"origin":18110,"position":5},"title":"Kinder nutzen mehr Filme und Musik als B\u00fccher","author":"Administrator","date":"August 7, 2019","format":false,"excerpt":"https:\/\/www.deutschlandfunk.de\/medien-studie-kinder-nutzen-mehr-filme-und-musik-als-buecher.2849.de.html?drn:news_id=1035652","rel":"","context":"In &quot;Deutsch&quot;","block_context":{"text":"Deutsch","link":"https:\/\/www.achimbrueckner.de\/dxradio\/php\/wordpress\/?cat=1"},"img":{"alt_text":"","src":"","width":0,"height":0},"classes":[]}],"_links":{"self":[{"href":"https:\/\/www.achimbrueckner.de\/dxradio\/php\/wordpress\/index.php?rest_route=\/wp\/v2\/posts\/18110","targetHints":{"allow":["GET"]}}],"collection":[{"href":"https:\/\/www.achimbrueckner.de\/dxradio\/php\/wordpress\/index.php?rest_route=\/wp\/v2\/posts"}],"about":[{"href":"https:\/\/www.achimbrueckner.de\/dxradio\/php\/wordpress\/index.php?rest_route=\/wp\/v2\/types\/post"}],"author":[{"embeddable":true,"href":"https:\/\/www.achimbrueckner.de\/dxradio\/php\/wordpress\/index.php?rest_route=\/wp\/v2\/users\/1"}],"replies":[{"embeddable":true,"href":"https:\/\/www.achimbrueckner.de\/dxradio\/php\/wordpress\/index.php?rest_route=%2Fwp%2Fv2%2Fcomments&post=18110"}],"version-history":[{"count":0,"href":"https:\/\/www.achimbrueckner.de\/dxradio\/php\/wordpress\/index.php?rest_route=\/wp\/v2\/posts\/18110\/revisions"}],"wp:attachment":[{"href":"https:\/\/www.achimbrueckner.de\/dxradio\/php\/wordpress\/index.php?rest_route=%2Fwp%2Fv2%2Fmedia&parent=18110"}],"wp:term":[{"taxonomy":"category","embeddable":true,"href":"https:\/\/www.achimbrueckner.de\/dxradio\/php\/wordpress\/index.php?rest_route=%2Fwp%2Fv2%2Fcategories&post=18110"},{"taxonomy":"post_tag","embeddable":true,"href":"https:\/\/www.achimbrueckner.de\/dxradio\/php\/wordpress\/index.php?rest_route=%2Fwp%2Fv2%2Ftags&post=18110"}],"curies":[{"name":"wp","href":"https:\/\/api.w.org\/{rel}","templated":true}]}}