{"id":18159,"date":"2018-06-11T14:40:20","date_gmt":"2018-06-11T14:40:20","guid":{"rendered":"https:\/\/www.achimbrueckner.de\/dxradio\/php\/wordpress\/?p=18159"},"modified":"2018-06-11T14:40:20","modified_gmt":"2018-06-11T14:40:20","slug":"spanien-app-der-fusball-liga-sucht-ubers-mikro-unlizenzierte-ubertragungen","status":"publish","type":"post","link":"https:\/\/www.achimbrueckner.de\/dxradio\/php\/wordpress\/?p=18159","title":{"rendered":"Spanien: App der Fu\u00dfball-Liga sucht \u00fcbers Mikro unlizenzierte \u00dcbertragungen"},"content":{"rendered":"<p><a href=\"https:\/\/www.heise.de\/newsticker\/meldung\/Spanien-App-der-Fussball-Liga-sucht-uebers-Mikro-unlizenzierte-Uebertragungen-4075636.html\" rel=\"noopener\" target=\"_blank\">https:\/\/www.heise.de\/newsticker\/meldung\/Spanien-App-der-Fussball-Liga-sucht-uebers-Mikro-unlizenzierte-Uebertragungen-4075636.html<\/a><\/p>\n","protected":false},"excerpt":{"rendered":"<p>https:\/\/www.heise.de\/newsticker\/meldung\/Spanien-App-der-Fussball-Liga-sucht-uebers-Mikro-unlizenzierte-Uebertragungen-4075636.html<\/p>\n","protected":false},"author":1,"featured_media":0,"comment_status":"closed","ping_status":"open","sticky":false,"template":"","format":"standard","meta":{"_jetpack_memberships_contains_paid_content":false,"footnotes":"","jetpack_publicize_message":"","jetpack_publicize_feature_enabled":true,"jetpack_social_post_already_shared":true,"jetpack_social_options":{"image_generator_settings":{"template":"highway","default_image_id":0,"font":"","enabled":false},"version":2}},"categories":[1],"tags":[],"class_list":["post-18159","post","type-post","status-publish","format-standard","hentry","category-deutsch"],"jetpack_publicize_connections":[],"jetpack_featured_media_url":"","jetpack_sharing_enabled":true,"jetpack_shortlink":"https:\/\/wp.me\/p5CDmr-4IT","jetpack-related-posts":[{"id":9022,"url":"https:\/\/www.achimbrueckner.de\/dxradio\/php\/wordpress\/?p=9022","url_meta":{"origin":18159,"position":0},"title":"Live-Fu\u00dfball von Sport1.fm \u00fcber Web und per App","author":"Administrator","date":"August 3, 2016","format":false,"excerpt":"https:\/\/radio-wird-digital.eu\/live-fussball-von-sport1-fm-ueber-web-und-per-app\/","rel":"","context":"In &quot;Deutsch&quot;","block_context":{"text":"Deutsch","link":"https:\/\/www.achimbrueckner.de\/dxradio\/php\/wordpress\/?cat=1"},"img":{"alt_text":"","src":"","width":0,"height":0},"classes":[]},{"id":44051,"url":"https:\/\/www.achimbrueckner.de\/dxradio\/php\/wordpress\/?p=44051","url_meta":{"origin":18159,"position":1},"title":"Spanien: Deutschsprachige Programme auf Gran Canaria im Wandel der Zeit","author":"Administrator","date":"October 19, 2025","format":false,"excerpt":"https:\/\/www.radioblog.eu\/2025\/10\/19\/spanien-deutschsprachige-programme-auf-gran-canaria-im-wandel-der-zeit\/","rel":"","context":"In &quot;Deutsch&quot;","block_context":{"text":"Deutsch","link":"https:\/\/www.achimbrueckner.de\/dxradio\/php\/wordpress\/?cat=1"},"img":{"alt_text":"","src":"","width":0,"height":0},"classes":[]},{"id":3257,"url":"https:\/\/www.achimbrueckner.de\/dxradio\/php\/wordpress\/?p=3257","url_meta":{"origin":18159,"position":2},"title":"Fu\u00dfball-Radio: Alle Spiele der Fu\u00dfball WM 2014 live im Radio","author":"Administrator","date":"June 12, 2014","format":false,"excerpt":"http:\/\/www.radioszene.de\/68578\/fussball-radio.html","rel":"","context":"In &quot;Deutsch&quot;","block_context":{"text":"Deutsch","link":"https:\/\/www.achimbrueckner.de\/dxradio\/php\/wordpress\/?cat=1"},"img":{"alt_text":"","src":"","width":0,"height":0},"classes":[]},{"id":2250,"url":"https:\/\/www.achimbrueckner.de\/dxradio\/php\/wordpress\/?p=2250","url_meta":{"origin":18159,"position":3},"title":"adxb-DL Fu\u00dfball EM 2012 Kontest","author":"Administrator","date":"June 4, 2012","format":false,"excerpt":"In wenigen Tagen ist es soweit. Am 8. Juni beginnt nicht nur die Fu\u00dfball EM in Polen und der Ukraine, sondern auch der adxb-DL Fu\u00dfball EM 2012 Kontest. Er findet zwischen dem 8.6. und 1.7.2012 statt. Zu h\u00f6ren ist mindestens ein Sender aus den teilnehmenden L\u00e4ndern. Mehr Infos unter www.adxb-dl.de.\u2026","rel":"","context":"In &quot;contests&quot;","block_context":{"text":"contests","link":"https:\/\/www.achimbrueckner.de\/dxradio\/php\/wordpress\/?cat=6"},"img":{"alt_text":"","src":"","width":0,"height":0},"classes":[]},{"id":21037,"url":"https:\/\/www.achimbrueckner.de\/dxradio\/php\/wordpress\/?p=21037","url_meta":{"origin":18159,"position":4},"title":"Fu\u00dfball-Bundesliga Der Selbstbetrug bei den Zuschauerzahlen","author":"Administrator","date":"January 21, 2019","format":false,"excerpt":"https:\/\/www.deutschlandfunk.de\/fussball-bundesliga-der-selbstbetrug-bei-den-zuschauerzahlen.1346.de.html?dram:article_id=438805","rel":"","context":"In &quot;Deutsch&quot;","block_context":{"text":"Deutsch","link":"https:\/\/www.achimbrueckner.de\/dxradio\/php\/wordpress\/?cat=1"},"img":{"alt_text":"","src":"","width":0,"height":0},"classes":[]},{"id":15599,"url":"https:\/\/www.achimbrueckner.de\/dxradio\/php\/wordpress\/?p=15599","url_meta":{"origin":18159,"position":5},"title":"ARD-Reporter berichten, wie der Fu\u00dfball ins Radio kommt","author":"Administrator","date":"November 20, 2017","format":false,"excerpt":"https:\/\/www.bo.de\/lokales\/achern-oberkirch\/ard-reporter-berichten-wie-der-fussball-ins-radio-kommt","rel":"","context":"In &quot;Deutsch&quot;","block_context":{"text":"Deutsch","link":"https:\/\/www.achimbrueckner.de\/dxradio\/php\/wordpress\/?cat=1"},"img":{"alt_text":"","src":"","width":0,"height":0},"classes":[]}],"_links":{"self":[{"href":"https:\/\/www.achimbrueckner.de\/dxradio\/php\/wordpress\/index.php?rest_route=\/wp\/v2\/posts\/18159","targetHints":{"allow":["GET"]}}],"collection":[{"href":"https:\/\/www.achimbrueckner.de\/dxradio\/php\/wordpress\/index.php?rest_route=\/wp\/v2\/posts"}],"about":[{"href":"https:\/\/www.achimbrueckner.de\/dxradio\/php\/wordpress\/index.php?rest_route=\/wp\/v2\/types\/post"}],"author":[{"embeddable":true,"href":"https:\/\/www.achimbrueckner.de\/dxradio\/php\/wordpress\/index.php?rest_route=\/wp\/v2\/users\/1"}],"replies":[{"embeddable":true,"href":"https:\/\/www.achimbrueckner.de\/dxradio\/php\/wordpress\/index.php?rest_route=%2Fwp%2Fv2%2Fcomments&post=18159"}],"version-history":[{"count":0,"href":"https:\/\/www.achimbrueckner.de\/dxradio\/php\/wordpress\/index.php?rest_route=\/wp\/v2\/posts\/18159\/revisions"}],"wp:attachment":[{"href":"https:\/\/www.achimbrueckner.de\/dxradio\/php\/wordpress\/index.php?rest_route=%2Fwp%2Fv2%2Fmedia&parent=18159"}],"wp:term":[{"taxonomy":"category","embeddable":true,"href":"https:\/\/www.achimbrueckner.de\/dxradio\/php\/wordpress\/index.php?rest_route=%2Fwp%2Fv2%2Fcategories&post=18159"},{"taxonomy":"post_tag","embeddable":true,"href":"https:\/\/www.achimbrueckner.de\/dxradio\/php\/wordpress\/index.php?rest_route=%2Fwp%2Fv2%2Ftags&post=18159"}],"curies":[{"name":"wp","href":"https:\/\/api.w.org\/{rel}","templated":true}]}}