{"id":18163,"date":"2018-06-12T14:46:12","date_gmt":"2018-06-12T14:46:12","guid":{"rendered":"https:\/\/www.achimbrueckner.de\/dxradio\/php\/wordpress\/?p=18163"},"modified":"2018-06-12T14:46:12","modified_gmt":"2018-06-12T14:46:12","slug":"cb-funk-egoisten-alte-hasen-alleswisser-und-vermeindliche-previlegien","status":"publish","type":"post","link":"https:\/\/www.achimbrueckner.de\/dxradio\/php\/wordpress\/?p=18163","title":{"rendered":"CB Funk : Egoisten, Alte Hasen, Alleswisser und vermeindliche Previlegien"},"content":{"rendered":"<p><a href=\"https:\/\/www.youtube.com\/watch?v=H2iG9u4z5c0\" rel=\"noopener\" target=\"_blank\">https:\/\/www.youtube.com\/watch?v=H2iG9u4z5c0<\/a><\/p>\n","protected":false},"excerpt":{"rendered":"<p>https:\/\/www.youtube.com\/watch?v=H2iG9u4z5c0<\/p>\n","protected":false},"author":1,"featured_media":0,"comment_status":"closed","ping_status":"open","sticky":false,"template":"","format":"standard","meta":{"_jetpack_memberships_contains_paid_content":false,"footnotes":"","jetpack_publicize_message":"","jetpack_publicize_feature_enabled":true,"jetpack_social_post_already_shared":true,"jetpack_social_options":{"image_generator_settings":{"template":"highway","default_image_id":0,"font":"","enabled":false},"version":2}},"categories":[1],"tags":[],"class_list":["post-18163","post","type-post","status-publish","format-standard","hentry","category-deutsch"],"jetpack_publicize_connections":[],"jetpack_featured_media_url":"","jetpack_sharing_enabled":true,"jetpack_shortlink":"https:\/\/wp.me\/p5CDmr-4IX","jetpack-related-posts":[{"id":11122,"url":"https:\/\/www.achimbrueckner.de\/dxradio\/php\/wordpress\/?p=11122","url_meta":{"origin":18163,"position":0},"title":"Was ist CB-Funk?","author":"Administrator","date":"November 22, 2016","format":false,"excerpt":"https:\/\/www.youtube.com\/watch?v=yEc__paMbTA","rel":"","context":"In &quot;Deutsch&quot;","block_context":{"text":"Deutsch","link":"https:\/\/www.achimbrueckner.de\/dxradio\/php\/wordpress\/?cat=1"},"img":{"alt_text":"","src":"","width":0,"height":0},"classes":[]},{"id":16181,"url":"https:\/\/www.achimbrueckner.de\/dxradio\/php\/wordpress\/?p=16181","url_meta":{"origin":18163,"position":1},"title":"Bericht \u00fcber CB-Funk 1978","author":"Administrator","date":"January 16, 2018","format":false,"excerpt":"https:\/\/www.youtube.com\/watch?v=99-FMhp4_Sk","rel":"","context":"In &quot;Deutsch&quot;","block_context":{"text":"Deutsch","link":"https:\/\/www.achimbrueckner.de\/dxradio\/php\/wordpress\/?cat=1"},"img":{"alt_text":"","src":"","width":0,"height":0},"classes":[]},{"id":19882,"url":"https:\/\/www.achimbrueckner.de\/dxradio\/php\/wordpress\/?p=19882","url_meta":{"origin":18163,"position":2},"title":"Bericht \u00fcber CB-Funk 1978","author":"Administrator","date":"November 2, 2018","format":false,"excerpt":"https:\/\/www.youtube.com\/watch?v=99-FMhp4_Sk","rel":"","context":"In &quot;Deutsch&quot;","block_context":{"text":"Deutsch","link":"https:\/\/www.achimbrueckner.de\/dxradio\/php\/wordpress\/?cat=1"},"img":{"alt_text":"","src":"","width":0,"height":0},"classes":[]},{"id":31447,"url":"https:\/\/www.achimbrueckner.de\/dxradio\/php\/wordpress\/?p=31447","url_meta":{"origin":18163,"position":3},"title":"#rC3 Amateurfunk hacken &#8211; die Suche nach zeitgem\u00e4\u00dfem Spa\u00df mit Funk und Radiowellen","author":"Administrator","date":"December 30, 2020","format":false,"excerpt":"https:\/\/www.youtube.com\/watch?v=pj_feLL42Dc","rel":"","context":"In &quot;Deutsch&quot;","block_context":{"text":"Deutsch","link":"https:\/\/www.achimbrueckner.de\/dxradio\/php\/wordpress\/?cat=1"},"img":{"alt_text":"","src":"","width":0,"height":0},"classes":[]},{"id":12313,"url":"https:\/\/www.achimbrueckner.de\/dxradio\/php\/wordpress\/?p=12313","url_meta":{"origin":18163,"position":4},"title":"SCHWEIZ: CB-FUNK UND AMATEURFUNK UNTER EINEM VERBANDS-DACH&#8230;","author":"Administrator","date":"February 27, 2017","format":false,"excerpt":"https:\/\/www.qso4you.com\/content\/funk\/news\/1943-schweiz-cb-funk-und-amateurfunk-unter-einem-verbands-dach","rel":"","context":"In &quot;Deutsch&quot;","block_context":{"text":"Deutsch","link":"https:\/\/www.achimbrueckner.de\/dxradio\/php\/wordpress\/?cat=1"},"img":{"alt_text":"","src":"","width":0,"height":0},"classes":[]},{"id":20531,"url":"https:\/\/www.achimbrueckner.de\/dxradio\/php\/wordpress\/?p=20531","url_meta":{"origin":18163,"position":5},"title":"Mehr Anzeigetafeln und Gefahrenmeldung per CB-Funk in acht Sprachen","author":"Administrator","date":"December 25, 2018","format":false,"excerpt":"https:\/\/www.wochenblatt.de\/politik\/regensburg\/artikel\/268929\/mehr-anzeigetafeln-und-gefahrenmeldung-per-cb-funk-in-acht-sprachen","rel":"","context":"In &quot;Deutsch&quot;","block_context":{"text":"Deutsch","link":"https:\/\/www.achimbrueckner.de\/dxradio\/php\/wordpress\/?cat=1"},"img":{"alt_text":"","src":"","width":0,"height":0},"classes":[]}],"_links":{"self":[{"href":"https:\/\/www.achimbrueckner.de\/dxradio\/php\/wordpress\/index.php?rest_route=\/wp\/v2\/posts\/18163","targetHints":{"allow":["GET"]}}],"collection":[{"href":"https:\/\/www.achimbrueckner.de\/dxradio\/php\/wordpress\/index.php?rest_route=\/wp\/v2\/posts"}],"about":[{"href":"https:\/\/www.achimbrueckner.de\/dxradio\/php\/wordpress\/index.php?rest_route=\/wp\/v2\/types\/post"}],"author":[{"embeddable":true,"href":"https:\/\/www.achimbrueckner.de\/dxradio\/php\/wordpress\/index.php?rest_route=\/wp\/v2\/users\/1"}],"replies":[{"embeddable":true,"href":"https:\/\/www.achimbrueckner.de\/dxradio\/php\/wordpress\/index.php?rest_route=%2Fwp%2Fv2%2Fcomments&post=18163"}],"version-history":[{"count":0,"href":"https:\/\/www.achimbrueckner.de\/dxradio\/php\/wordpress\/index.php?rest_route=\/wp\/v2\/posts\/18163\/revisions"}],"wp:attachment":[{"href":"https:\/\/www.achimbrueckner.de\/dxradio\/php\/wordpress\/index.php?rest_route=%2Fwp%2Fv2%2Fmedia&parent=18163"}],"wp:term":[{"taxonomy":"category","embeddable":true,"href":"https:\/\/www.achimbrueckner.de\/dxradio\/php\/wordpress\/index.php?rest_route=%2Fwp%2Fv2%2Fcategories&post=18163"},{"taxonomy":"post_tag","embeddable":true,"href":"https:\/\/www.achimbrueckner.de\/dxradio\/php\/wordpress\/index.php?rest_route=%2Fwp%2Fv2%2Ftags&post=18163"}],"curies":[{"name":"wp","href":"https:\/\/api.w.org\/{rel}","templated":true}]}}