{"id":18177,"date":"2018-06-12T15:09:12","date_gmt":"2018-06-12T15:09:12","guid":{"rendered":"https:\/\/www.achimbrueckner.de\/dxradio\/php\/wordpress\/?p=18177"},"modified":"2018-06-12T15:09:12","modified_gmt":"2018-06-12T15:09:12","slug":"ard-vorsitzender-pladiert-fur-europaische-digitale-videoplattform","status":"publish","type":"post","link":"https:\/\/www.achimbrueckner.de\/dxradio\/php\/wordpress\/?p=18177","title":{"rendered":"ARD-Vorsitzender pl\u00e4diert f\u00fcr europ\u00e4ische digitale Videoplattform"},"content":{"rendered":"<p><a href=\"https:\/\/www.heise.de\/newsticker\/meldung\/ARD-Vorsitzender-plaediert-fuer-europaeische-digitale-Videoplattform-4076581.html\" rel=\"noopener\" target=\"_blank\">https:\/\/www.heise.de\/newsticker\/meldung\/ARD-Vorsitzender-plaediert-fuer-europaeische-digitale-Videoplattform-4076581.html<\/a><\/p>\n","protected":false},"excerpt":{"rendered":"<p>https:\/\/www.heise.de\/newsticker\/meldung\/ARD-Vorsitzender-plaediert-fuer-europaeische-digitale-Videoplattform-4076581.html<\/p>\n","protected":false},"author":1,"featured_media":0,"comment_status":"closed","ping_status":"open","sticky":false,"template":"","format":"standard","meta":{"_jetpack_memberships_contains_paid_content":false,"footnotes":"","jetpack_publicize_message":"","jetpack_publicize_feature_enabled":true,"jetpack_social_post_already_shared":true,"jetpack_social_options":{"image_generator_settings":{"template":"highway","default_image_id":0,"font":"","enabled":false},"version":2}},"categories":[1],"tags":[],"class_list":["post-18177","post","type-post","status-publish","format-standard","hentry","category-deutsch"],"jetpack_publicize_connections":[],"jetpack_featured_media_url":"","jetpack_sharing_enabled":true,"jetpack_shortlink":"https:\/\/wp.me\/p5CDmr-4Jb","jetpack-related-posts":[{"id":43545,"url":"https:\/\/www.achimbrueckner.de\/dxradio\/php\/wordpress\/?p=43545","url_meta":{"origin":18177,"position":0},"title":"ARD-Vorsitzender Florian Hager \u201eWas wir sehen, ist das Ende der Massenmedien\u201c","author":"Administrator","date":"August 10, 2025","format":false,"excerpt":"https:\/\/www.sueddeutsche.de\/medien\/florian-hager-interview-ard-vorsitzender-fernsehen-digitale-plattformen-li.3290229?reduced=true","rel":"","context":"In &quot;Deutsch&quot;","block_context":{"text":"Deutsch","link":"https:\/\/www.achimbrueckner.de\/dxradio\/php\/wordpress\/?cat=1"},"img":{"alt_text":"","src":"","width":0,"height":0},"classes":[]},{"id":22239,"url":"https:\/\/www.achimbrueckner.de\/dxradio\/php\/wordpress\/?p=22239","url_meta":{"origin":18177,"position":1},"title":"ORF-TVthek: Relaunch der Videoplattform","author":"Administrator","date":"March 19, 2019","format":false,"excerpt":"https:\/\/www.infosat.de\/digital-tv\/orf-tvthek-relaunch-der-videoplattform","rel":"","context":"In &quot;Deutsch&quot;","block_context":{"text":"Deutsch","link":"https:\/\/www.achimbrueckner.de\/dxradio\/php\/wordpress\/?cat=1"},"img":{"alt_text":"","src":"","width":0,"height":0},"classes":[]},{"id":25398,"url":"https:\/\/www.achimbrueckner.de\/dxradio\/php\/wordpress\/?p=25398","url_meta":{"origin":18177,"position":2},"title":"&#8220;YouTube Regrets&#8221;: Mozilla greift Videoplattform an","author":"Administrator","date":"October 19, 2019","format":false,"excerpt":"https:\/\/www.heise.de\/newsticker\/meldung\/YouTube-Regrets-Mozilla-greift-Videoplattform-an-4560457.html","rel":"","context":"In &quot;Deutsch&quot;","block_context":{"text":"Deutsch","link":"https:\/\/www.achimbrueckner.de\/dxradio\/php\/wordpress\/?cat=1"},"img":{"alt_text":"","src":"","width":0,"height":0},"classes":[]},{"id":38427,"url":"https:\/\/www.achimbrueckner.de\/dxradio\/php\/wordpress\/?p=38427","url_meta":{"origin":18177,"position":3},"title":"Rundfunkanstalten: Neuer ARD-Vorsitzender warnt vor Machtkonzentration in Medien","author":"Administrator","date":"January 1, 2023","format":false,"excerpt":"https:\/\/www.heise.de\/news\/Rundfunkanstalten-Neuer-ARD-Vorsitzender-warnt-vor-Machtkonzentration-in-Medien-7445051.html","rel":"","context":"In &quot;Deutsch&quot;","block_context":{"text":"Deutsch","link":"https:\/\/www.achimbrueckner.de\/dxradio\/php\/wordpress\/?cat=1"},"img":{"alt_text":"","src":"","width":0,"height":0},"classes":[]},{"id":37498,"url":"https:\/\/www.achimbrueckner.de\/dxradio\/php\/wordpress\/?p=37498","url_meta":{"origin":18177,"position":4},"title":"SWR-Intendant Kai Gniffke wird 2023 ARD-Vorsitzender","author":"Administrator","date":"September 15, 2022","format":false,"excerpt":"https:\/\/meedia.de\/2022\/09\/14\/swr-intendant-kai-gniffke-wird-2023-ard-vorsitzender\/","rel":"","context":"In &quot;Deutsch&quot;","block_context":{"text":"Deutsch","link":"https:\/\/www.achimbrueckner.de\/dxradio\/php\/wordpress\/?cat=1"},"img":{"alt_text":"","src":"","width":0,"height":0},"classes":[]},{"id":38364,"url":"https:\/\/www.achimbrueckner.de\/dxradio\/php\/wordpress\/?p=38364","url_meta":{"origin":18177,"position":5},"title":"ARD-Vorsitzender Buhrow bekr\u00e4ftigt Forderung nach Reformen","author":"Administrator","date":"December 27, 2022","format":false,"excerpt":"https:\/\/www.rnd.de\/medien\/tom-buhrow-ard-vorsitzender-bekraeftigt-forderung-nach-reformen-im-oeffentlich-rechtlichen-rundfunk-LYJ3T5JVOBZL3VUCIIXNDXKSGA.html","rel":"","context":"In &quot;Deutsch&quot;","block_context":{"text":"Deutsch","link":"https:\/\/www.achimbrueckner.de\/dxradio\/php\/wordpress\/?cat=1"},"img":{"alt_text":"","src":"","width":0,"height":0},"classes":[]}],"_links":{"self":[{"href":"https:\/\/www.achimbrueckner.de\/dxradio\/php\/wordpress\/index.php?rest_route=\/wp\/v2\/posts\/18177","targetHints":{"allow":["GET"]}}],"collection":[{"href":"https:\/\/www.achimbrueckner.de\/dxradio\/php\/wordpress\/index.php?rest_route=\/wp\/v2\/posts"}],"about":[{"href":"https:\/\/www.achimbrueckner.de\/dxradio\/php\/wordpress\/index.php?rest_route=\/wp\/v2\/types\/post"}],"author":[{"embeddable":true,"href":"https:\/\/www.achimbrueckner.de\/dxradio\/php\/wordpress\/index.php?rest_route=\/wp\/v2\/users\/1"}],"replies":[{"embeddable":true,"href":"https:\/\/www.achimbrueckner.de\/dxradio\/php\/wordpress\/index.php?rest_route=%2Fwp%2Fv2%2Fcomments&post=18177"}],"version-history":[{"count":0,"href":"https:\/\/www.achimbrueckner.de\/dxradio\/php\/wordpress\/index.php?rest_route=\/wp\/v2\/posts\/18177\/revisions"}],"wp:attachment":[{"href":"https:\/\/www.achimbrueckner.de\/dxradio\/php\/wordpress\/index.php?rest_route=%2Fwp%2Fv2%2Fmedia&parent=18177"}],"wp:term":[{"taxonomy":"category","embeddable":true,"href":"https:\/\/www.achimbrueckner.de\/dxradio\/php\/wordpress\/index.php?rest_route=%2Fwp%2Fv2%2Fcategories&post=18177"},{"taxonomy":"post_tag","embeddable":true,"href":"https:\/\/www.achimbrueckner.de\/dxradio\/php\/wordpress\/index.php?rest_route=%2Fwp%2Fv2%2Ftags&post=18177"}],"curies":[{"name":"wp","href":"https:\/\/api.w.org\/{rel}","templated":true}]}}