{"id":18178,"date":"2018-06-12T18:41:54","date_gmt":"2018-06-12T18:41:54","guid":{"rendered":"https:\/\/www.achimbrueckner.de\/dxradio\/php\/wordpress\/?p=18178"},"modified":"2018-06-12T18:41:54","modified_gmt":"2018-06-12T18:41:54","slug":"erdung-potentialausgleich-und-blitzschutz-von-antennenanlagen-teil-1-neuerungen-der-vde-0855-1-im-uberblick","status":"publish","type":"post","link":"https:\/\/www.achimbrueckner.de\/dxradio\/php\/wordpress\/?p=18178","title":{"rendered":"Erdung, Potentialausgleich und Blitzschutz von Antennenanlagen: Teil 1: Neuerungen der VDE 0855-1 im \u00dcberblick"},"content":{"rendered":"<p><a href=\"https:\/\/www.finanznachrichten.de\/nachrichten-2018-06\/44022157-erdung-potentialausgleich-und-blitzschutz-von-antennenanlagen-teil-1-neuerungen-der-vde-0855-1-im-ueberblick-613.htm\" rel=\"noopener\" target=\"_blank\">https:\/\/www.finanznachrichten.de\/nachrichten-2018-06\/44022157-erdung-potentialausgleich-und-blitzschutz-von-antennenanlagen-teil-1-neuerungen-der-vde-0855-1-im-ueberblick-613.htm<\/a><\/p>\n","protected":false},"excerpt":{"rendered":"<p>https:\/\/www.finanznachrichten.de\/nachrichten-2018-06\/44022157-erdung-potentialausgleich-und-blitzschutz-von-antennenanlagen-teil-1-neuerungen-der-vde-0855-1-im-ueberblick-613.htm<\/p>\n","protected":false},"author":1,"featured_media":0,"comment_status":"closed","ping_status":"open","sticky":false,"template":"","format":"standard","meta":{"_jetpack_memberships_contains_paid_content":false,"footnotes":"","jetpack_publicize_message":"","jetpack_publicize_feature_enabled":true,"jetpack_social_post_already_shared":true,"jetpack_social_options":{"image_generator_settings":{"template":"highway","default_image_id":0,"font":"","enabled":false},"version":2}},"categories":[1],"tags":[],"class_list":["post-18178","post","type-post","status-publish","format-standard","hentry","category-deutsch"],"jetpack_publicize_connections":[],"jetpack_featured_media_url":"","jetpack_sharing_enabled":true,"jetpack_shortlink":"https:\/\/wp.me\/p5CDmr-4Jc","jetpack-related-posts":[{"id":18502,"url":"https:\/\/www.achimbrueckner.de\/dxradio\/php\/wordpress\/?p=18502","url_meta":{"origin":18178,"position":0},"title":"Wartung und Reparatur der Antennenanlagen","author":"Administrator","date":"July 17, 2018","format":false,"excerpt":"https:\/\/regionalsalzgitter.de\/wartung-und-reparatur-der-antennenanlagen\/","rel":"","context":"In &quot;Deutsch&quot;","block_context":{"text":"Deutsch","link":"https:\/\/www.achimbrueckner.de\/dxradio\/php\/wordpress\/?cat=1"},"img":{"alt_text":"","src":"","width":0,"height":0},"classes":[]},{"id":29,"url":"https:\/\/www.achimbrueckner.de\/dxradio\/php\/wordpress\/?p=29","url_meta":{"origin":18178,"position":1},"title":"Asien im 31m Band","author":"Administrator","date":"December 24, 2005","format":false,"excerpt":"Gute Signale aus Asien gibt es heute morgen im 31m Band. KBS World Radio ist auf 9640 Khz um 0855 Utc mit O=3 in Englisch zu empfangen. Auch aus Japan kommt das BBC-Relay um 0900 Utc auf 9605 Khz mit O=3 in Englisch an. Radio Japan ist auf 9750 Khz\u2026","rel":"","context":"In &quot;Empfang&quot;","block_context":{"text":"Empfang","link":"https:\/\/www.achimbrueckner.de\/dxradio\/php\/wordpress\/?cat=3"},"img":{"alt_text":"","src":"","width":0,"height":0},"classes":[]},{"id":17857,"url":"https:\/\/www.achimbrueckner.de\/dxradio\/php\/wordpress\/?p=17857","url_meta":{"origin":18178,"position":2},"title":"The Kenny Everett Breakfast Show on Capital: 0755-0855: 27\/5\/75","author":"Administrator","date":"May 21, 2018","format":false,"excerpt":"https:\/\/www.mixcloud.com\/simonluckin\/the-kenny-everett-breakfast-show-on-capital-0755-0855-27575\/","rel":"","context":"In &quot;English&quot;","block_context":{"text":"English","link":"https:\/\/www.achimbrueckner.de\/dxradio\/php\/wordpress\/?cat=2"},"img":{"alt_text":"","src":"","width":0,"height":0},"classes":[]},{"id":24318,"url":"https:\/\/www.achimbrueckner.de\/dxradio\/php\/wordpress\/?p=24318","url_meta":{"origin":18178,"position":3},"title":"Spotify Premium: Neuerungen im Familienplan angek\u00fcndigt","author":"Administrator","date":"August 19, 2019","format":false,"excerpt":"https:\/\/stadt-bremerhaven.de\/spotify-premium-neuerungen-im-familienplan-angekuendigt\/","rel":"","context":"In &quot;Deutsch&quot;","block_context":{"text":"Deutsch","link":"https:\/\/www.achimbrueckner.de\/dxradio\/php\/wordpress\/?cat=1"},"img":{"alt_text":"","src":"","width":0,"height":0},"classes":[]},{"id":2491,"url":"https:\/\/www.achimbrueckner.de\/dxradio\/php\/wordpress\/?p=2491","url_meta":{"origin":18178,"position":4},"title":"Ausbreitungssoftware: ASAPS mit neuen Funktionen &#038; kostenlos via Java!","author":"Administrator","date":"May 12, 2013","format":false,"excerpt":"Moin, moin - die etwas eigenwillige Ausbreitungsprognose ASAPS liegt nun in der wesentlich \u00fcberarbeiteten Version 6.2 (zun\u00e4chst als Pre-Release) vor und ist in fast allen Funktionen auch kostenlos via Java im Internet bedienbar: http:\/\/www.ips.gov.au\/Products_and_Services\/1\/5 Wesentliche Neuerungen umfassen die Lieferung aktueller Ionosph\u00e4rendaten im 20-Minuten-Takt f\u00fcr pr\u00e4zisere Ausbreitungsvorhersagen sowie erheblich erweiterte Ausgabem\u00f6glichkeiten\u2026","rel":"","context":"In &quot;Deutsch&quot;","block_context":{"text":"Deutsch","link":"https:\/\/www.achimbrueckner.de\/dxradio\/php\/wordpress\/?cat=1"},"img":{"alt_text":"","src":"","width":0,"height":0},"classes":[]},{"id":42099,"url":"https:\/\/www.achimbrueckner.de\/dxradio\/php\/wordpress\/?p=42099","url_meta":{"origin":18178,"position":5},"title":"Vatican Radio 6 January 2025","author":"Administrator","date":"January 3, 2025","format":false,"excerpt":"From Christian Ghibaudo: \"Vatican Radio will be again on the shortwave, next week. On Monday January 6th, the Holy Mass for the Epiphany will be on the air as usual from 0855-1020 UTC, on 17540 (English), 17525 (French) and 15565 (Port.)\"","rel":"","context":"In &quot;English&quot;","block_context":{"text":"English","link":"https:\/\/www.achimbrueckner.de\/dxradio\/php\/wordpress\/?cat=2"},"img":{"alt_text":"","src":"","width":0,"height":0},"classes":[]}],"_links":{"self":[{"href":"https:\/\/www.achimbrueckner.de\/dxradio\/php\/wordpress\/index.php?rest_route=\/wp\/v2\/posts\/18178","targetHints":{"allow":["GET"]}}],"collection":[{"href":"https:\/\/www.achimbrueckner.de\/dxradio\/php\/wordpress\/index.php?rest_route=\/wp\/v2\/posts"}],"about":[{"href":"https:\/\/www.achimbrueckner.de\/dxradio\/php\/wordpress\/index.php?rest_route=\/wp\/v2\/types\/post"}],"author":[{"embeddable":true,"href":"https:\/\/www.achimbrueckner.de\/dxradio\/php\/wordpress\/index.php?rest_route=\/wp\/v2\/users\/1"}],"replies":[{"embeddable":true,"href":"https:\/\/www.achimbrueckner.de\/dxradio\/php\/wordpress\/index.php?rest_route=%2Fwp%2Fv2%2Fcomments&post=18178"}],"version-history":[{"count":0,"href":"https:\/\/www.achimbrueckner.de\/dxradio\/php\/wordpress\/index.php?rest_route=\/wp\/v2\/posts\/18178\/revisions"}],"wp:attachment":[{"href":"https:\/\/www.achimbrueckner.de\/dxradio\/php\/wordpress\/index.php?rest_route=%2Fwp%2Fv2%2Fmedia&parent=18178"}],"wp:term":[{"taxonomy":"category","embeddable":true,"href":"https:\/\/www.achimbrueckner.de\/dxradio\/php\/wordpress\/index.php?rest_route=%2Fwp%2Fv2%2Fcategories&post=18178"},{"taxonomy":"post_tag","embeddable":true,"href":"https:\/\/www.achimbrueckner.de\/dxradio\/php\/wordpress\/index.php?rest_route=%2Fwp%2Fv2%2Ftags&post=18178"}],"curies":[{"name":"wp","href":"https:\/\/api.w.org\/{rel}","templated":true}]}}