{"id":18185,"date":"2018-06-12T18:53:13","date_gmt":"2018-06-12T18:53:13","guid":{"rendered":"https:\/\/www.achimbrueckner.de\/dxradio\/php\/wordpress\/?p=18185"},"modified":"2018-06-12T18:53:13","modified_gmt":"2018-06-12T18:53:13","slug":"digitalisierung-fluch-oder-segen-fur-medien","status":"publish","type":"post","link":"https:\/\/www.achimbrueckner.de\/dxradio\/php\/wordpress\/?p=18185","title":{"rendered":"Digitalisierung: Fluch oder Segen f\u00fcr Medien?"},"content":{"rendered":"<p><a href=\"https:\/\/diepresse.com\/home\/kultur\/medien\/5444925\/Digitalisierung_Fluch-oder-Segen-fuer-Medien\" rel=\"noopener\" target=\"_blank\">https:\/\/diepresse.com\/home\/kultur\/medien\/5444925\/Digitalisierung_Fluch-oder-Segen-fuer-Medien<\/a><\/p>\n","protected":false},"excerpt":{"rendered":"<p>https:\/\/diepresse.com\/home\/kultur\/medien\/5444925\/Digitalisierung_Fluch-oder-Segen-fuer-Medien<\/p>\n","protected":false},"author":1,"featured_media":0,"comment_status":"closed","ping_status":"open","sticky":false,"template":"","format":"standard","meta":{"_jetpack_memberships_contains_paid_content":false,"footnotes":"","jetpack_publicize_message":"","jetpack_publicize_feature_enabled":true,"jetpack_social_post_already_shared":true,"jetpack_social_options":{"image_generator_settings":{"template":"highway","default_image_id":0,"font":"","enabled":false},"version":2}},"categories":[1,15],"tags":[45],"class_list":["post-18185","post","type-post","status-publish","format-standard","hentry","category-deutsch","category-medien","tag-medien"],"jetpack_publicize_connections":[],"jetpack_featured_media_url":"","jetpack_sharing_enabled":true,"jetpack_shortlink":"https:\/\/wp.me\/p5CDmr-4Jj","jetpack-related-posts":[{"id":25132,"url":"https:\/\/www.achimbrueckner.de\/dxradio\/php\/wordpress\/?p=25132","url_meta":{"origin":18185,"position":0},"title":"Ist die Digitalisierung Fluch oder Segen f\u00fcr die H\u00f6rfunkh\u00e4user?","author":"Administrator","date":"October 4, 2019","format":false,"excerpt":"https:\/\/www.horizont.net\/medien\/nachrichten\/radio-roundtable-ist-die-digitalisierung-fluch-oder-segen-fuer-die-hoerfunkhaeuser-178007","rel":"","context":"In &quot;Deutsch&quot;","block_context":{"text":"Deutsch","link":"https:\/\/www.achimbrueckner.de\/dxradio\/php\/wordpress\/?cat=1"},"img":{"alt_text":"","src":"","width":0,"height":0},"classes":[]},{"id":26723,"url":"https:\/\/www.achimbrueckner.de\/dxradio\/php\/wordpress\/?p=26723","url_meta":{"origin":18185,"position":1},"title":"Nina Bastian im Interview &#8211; &#8220;Medienvielfalt: Fluch und Segen zugleich&#8221;","author":"Administrator","date":"January 19, 2020","format":false,"excerpt":"https:\/\/osthessen-news.de\/n11628843\/nina-bastian-im-interview-medienvielfalt-fluch-und-segen-zugleich.html","rel":"","context":"In &quot;Deutsch&quot;","block_context":{"text":"Deutsch","link":"https:\/\/www.achimbrueckner.de\/dxradio\/php\/wordpress\/?cat=1"},"img":{"alt_text":"","src":"","width":0,"height":0},"classes":[]},{"id":31509,"url":"https:\/\/www.achimbrueckner.de\/dxradio\/php\/wordpress\/?p=31509","url_meta":{"origin":18185,"position":2},"title":"F\u00fcr Liedermacher Zuckowski sind Streamingdienste ein Segen","author":"Administrator","date":"January 5, 2021","format":false,"excerpt":"https:\/\/www.boyens-medien.de\/artikel\/hamburg\/fuer-liedermacher-zuckowski-sind-streamingdienste-ein-segen-364972.html","rel":"","context":"In &quot;Deutsch&quot;","block_context":{"text":"Deutsch","link":"https:\/\/www.achimbrueckner.de\/dxradio\/php\/wordpress\/?cat=1"},"img":{"alt_text":"","src":"","width":0,"height":0},"classes":[]},{"id":12552,"url":"https:\/\/www.achimbrueckner.de\/dxradio\/php\/wordpress\/?p=12552","url_meta":{"origin":18185,"position":3},"title":"Soziale Medien als Informationsquelle","author":"Administrator","date":"March 18, 2017","format":false,"excerpt":"http:\/\/www.deutschlandfunk.de\/segen-und-fluch-soziale-medien-als-informationsquelle.1176.de.html?dram:article_id=381325","rel":"","context":"In &quot;Deutsch&quot;","block_context":{"text":"Deutsch","link":"https:\/\/www.achimbrueckner.de\/dxradio\/php\/wordpress\/?cat=1"},"img":{"alt_text":"","src":"","width":0,"height":0},"classes":[]},{"id":24540,"url":"https:\/\/www.achimbrueckner.de\/dxradio\/php\/wordpress\/?p=24540","url_meta":{"origin":18185,"position":4},"title":"Medien in Brasilien Privat oder Staat","author":"Administrator","date":"August 31, 2019","format":false,"excerpt":"https:\/\/www.deutschlandfunk.de\/medien-in-brasilien-privat-oder-staat.2907.de.html?dram:article_id=457566","rel":"","context":"In &quot;Deutsch&quot;","block_context":{"text":"Deutsch","link":"https:\/\/www.achimbrueckner.de\/dxradio\/php\/wordpress\/?cat=1"},"img":{"alt_text":"","src":"","width":0,"height":0},"classes":[]},{"id":19734,"url":"https:\/\/www.achimbrueckner.de\/dxradio\/php\/wordpress\/?p=19734","url_meta":{"origin":18185,"position":5},"title":"Repr\u00e4sentativ oder nicht? Marktforscher kritisieren den Umgang der Medien mit Studien","author":"Administrator","date":"October 24, 2018","format":false,"excerpt":"https:\/\/meedia.de\/2018\/10\/22\/repraesentativ-oder-nicht-marktforscher-kritisieren-den-umgang-der-medien-mit-studien\/","rel":"","context":"In &quot;Deutsch&quot;","block_context":{"text":"Deutsch","link":"https:\/\/www.achimbrueckner.de\/dxradio\/php\/wordpress\/?cat=1"},"img":{"alt_text":"","src":"","width":0,"height":0},"classes":[]}],"_links":{"self":[{"href":"https:\/\/www.achimbrueckner.de\/dxradio\/php\/wordpress\/index.php?rest_route=\/wp\/v2\/posts\/18185","targetHints":{"allow":["GET"]}}],"collection":[{"href":"https:\/\/www.achimbrueckner.de\/dxradio\/php\/wordpress\/index.php?rest_route=\/wp\/v2\/posts"}],"about":[{"href":"https:\/\/www.achimbrueckner.de\/dxradio\/php\/wordpress\/index.php?rest_route=\/wp\/v2\/types\/post"}],"author":[{"embeddable":true,"href":"https:\/\/www.achimbrueckner.de\/dxradio\/php\/wordpress\/index.php?rest_route=\/wp\/v2\/users\/1"}],"replies":[{"embeddable":true,"href":"https:\/\/www.achimbrueckner.de\/dxradio\/php\/wordpress\/index.php?rest_route=%2Fwp%2Fv2%2Fcomments&post=18185"}],"version-history":[{"count":0,"href":"https:\/\/www.achimbrueckner.de\/dxradio\/php\/wordpress\/index.php?rest_route=\/wp\/v2\/posts\/18185\/revisions"}],"wp:attachment":[{"href":"https:\/\/www.achimbrueckner.de\/dxradio\/php\/wordpress\/index.php?rest_route=%2Fwp%2Fv2%2Fmedia&parent=18185"}],"wp:term":[{"taxonomy":"category","embeddable":true,"href":"https:\/\/www.achimbrueckner.de\/dxradio\/php\/wordpress\/index.php?rest_route=%2Fwp%2Fv2%2Fcategories&post=18185"},{"taxonomy":"post_tag","embeddable":true,"href":"https:\/\/www.achimbrueckner.de\/dxradio\/php\/wordpress\/index.php?rest_route=%2Fwp%2Fv2%2Ftags&post=18185"}],"curies":[{"name":"wp","href":"https:\/\/api.w.org\/{rel}","templated":true}]}}