{"id":18186,"date":"2018-06-12T18:54:02","date_gmt":"2018-06-12T18:54:02","guid":{"rendered":"https:\/\/www.achimbrueckner.de\/dxradio\/php\/wordpress\/?p=18186"},"modified":"2018-06-12T18:54:02","modified_gmt":"2018-06-12T18:54:02","slug":"thema-sport-experten-irritationen-um-interview-des-ard-sportkoordinators","status":"publish","type":"post","link":"https:\/\/www.achimbrueckner.de\/dxradio\/php\/wordpress\/?p=18186","title":{"rendered":"Thema Sport-Experten  Irritationen um Interview des ARD-Sportkoordinators"},"content":{"rendered":"<p><a href=\"https:\/\/www.tagesspiegel.de\/medien\/thema-sport-experten-irritationen-um-interview-des-ard-sportkoordinators\/22670218.html\" rel=\"noopener\" target=\"_blank\">https:\/\/www.tagesspiegel.de\/medien\/thema-sport-experten-irritationen-um-interview-des-ard-sportkoordinators\/22670218.html<\/a><\/p>\n","protected":false},"excerpt":{"rendered":"<p>https:\/\/www.tagesspiegel.de\/medien\/thema-sport-experten-irritationen-um-interview-des-ard-sportkoordinators\/22670218.html<\/p>\n","protected":false},"author":1,"featured_media":0,"comment_status":"closed","ping_status":"open","sticky":false,"template":"","format":"standard","meta":{"_jetpack_memberships_contains_paid_content":false,"footnotes":"","jetpack_publicize_message":"","jetpack_publicize_feature_enabled":true,"jetpack_social_post_already_shared":true,"jetpack_social_options":{"image_generator_settings":{"template":"highway","default_image_id":0,"font":"","enabled":false},"version":2}},"categories":[1,15],"tags":[45],"class_list":["post-18186","post","type-post","status-publish","format-standard","hentry","category-deutsch","category-medien","tag-medien"],"jetpack_publicize_connections":[],"jetpack_featured_media_url":"","jetpack_sharing_enabled":true,"jetpack_shortlink":"https:\/\/wp.me\/p5CDmr-4Jk","jetpack-related-posts":[{"id":6383,"url":"https:\/\/www.achimbrueckner.de\/dxradio\/php\/wordpress\/?p=6383","url_meta":{"origin":18186,"position":0},"title":"Thema Glaubw\u00fcrdigkeit und Medien K\u00f6nnen Sie auf ARD und ZDF verzichten?","author":"Administrator","date":"November 2, 2015","format":false,"excerpt":"http:\/\/www.tagesspiegel.de\/medien\/thema-glaubwuerdigkeit-und-medien-koennen-sie-auf-ard-und-zdf-verzichten\/12527120.html","rel":"","context":"In &quot;Deutsch&quot;","block_context":{"text":"Deutsch","link":"https:\/\/www.achimbrueckner.de\/dxradio\/php\/wordpress\/?cat=1"},"img":{"alt_text":"","src":"","width":0,"height":0},"classes":[]},{"id":28614,"url":"https:\/\/www.achimbrueckner.de\/dxradio\/php\/wordpress\/?p=28614","url_meta":{"origin":18186,"position":1},"title":"Tom Buhrow \u201eWir brauchen die moderate Anpassung des Rundfunkbeitrags\u201c","author":"Administrator","date":"May 12, 2020","format":false,"excerpt":"https:\/\/www.faz.net\/aktuell\/feuilleton\/medien\/tom-buhrow-im-interview-wie-steht-die-ard-in-der-corona-krise-da-16764818.html","rel":"","context":"In &quot;Deutsch&quot;","block_context":{"text":"Deutsch","link":"https:\/\/www.achimbrueckner.de\/dxradio\/php\/wordpress\/?cat=1"},"img":{"alt_text":"","src":"","width":0,"height":0},"classes":[]},{"id":17832,"url":"https:\/\/www.achimbrueckner.de\/dxradio\/php\/wordpress\/?p=17832","url_meta":{"origin":18186,"position":2},"title":"Bundesverfassungsgericht: Hat der Rundfunkbeitrag Bestand? Interview mit dem ARD-Vorsitzenden Ulrich Wilhelm","author":"Administrator","date":"May 20, 2018","format":false,"excerpt":"https:\/\/www.br.de\/radio\/b5-aktuell\/sendungen\/medienmagazin\/medien-interview-ard-vorsitzender-wilhelm-zu-bvg-verhandlung-rundfunkbeitrag-100.html","rel":"","context":"In &quot;Deutsch&quot;","block_context":{"text":"Deutsch","link":"https:\/\/www.achimbrueckner.de\/dxradio\/php\/wordpress\/?cat=1"},"img":{"alt_text":"","src":"","width":0,"height":0},"classes":[]},{"id":14773,"url":"https:\/\/www.achimbrueckner.de\/dxradio\/php\/wordpress\/?p=14773","url_meta":{"origin":18186,"position":3},"title":"Die ARD sprengt das duale Mediensystem","author":"Administrator","date":"September 29, 2017","format":false,"excerpt":"http:\/\/www.faz.net\/aktuell\/feuilleton\/medien\/interview-mit-mathias-doepfner-zu-ard-netzangebot-15219236.html","rel":"","context":"In &quot;Deutsch&quot;","block_context":{"text":"Deutsch","link":"https:\/\/www.achimbrueckner.de\/dxradio\/php\/wordpress\/?cat=1"},"img":{"alt_text":"","src":"","width":0,"height":0},"classes":[]},{"id":7224,"url":"https:\/\/www.achimbrueckner.de\/dxradio\/php\/wordpress\/?p=7224","url_meta":{"origin":18186,"position":4},"title":"Neue ARD-Vorsitzende Karola Wille &#8220;Wir m\u00fcssen um Glaubw\u00fcrdigkeit k\u00e4mpfen&#8221;","author":"Administrator","date":"January 11, 2016","format":false,"excerpt":"http:\/\/www.tagesspiegel.de\/medien\/neue-ard-vorsitzende-karola-wille-wir-muessen-um-glaubwuerdigkeit-kaempfen\/12815656.html","rel":"","context":"In &quot;Deutsch&quot;","block_context":{"text":"Deutsch","link":"https:\/\/www.achimbrueckner.de\/dxradio\/php\/wordpress\/?cat=1"},"img":{"alt_text":"","src":"","width":0,"height":0},"classes":[]},{"id":17915,"url":"https:\/\/www.achimbrueckner.de\/dxradio\/php\/wordpress\/?p=17915","url_meta":{"origin":18186,"position":5},"title":"DFB-Pokal: TV-Rechte f\u00fcr ARD, Sport 1, Sky und Springer","author":"Administrator","date":"May 24, 2018","format":false,"excerpt":"https:\/\/www.medienkorrespondenz.de\/politik\/artikel\/dfb-pokal-tv-rechte-fuer-ard-sportnbsp1-sky-undnbspspringer.html","rel":"","context":"In &quot;Deutsch&quot;","block_context":{"text":"Deutsch","link":"https:\/\/www.achimbrueckner.de\/dxradio\/php\/wordpress\/?cat=1"},"img":{"alt_text":"","src":"","width":0,"height":0},"classes":[]}],"_links":{"self":[{"href":"https:\/\/www.achimbrueckner.de\/dxradio\/php\/wordpress\/index.php?rest_route=\/wp\/v2\/posts\/18186","targetHints":{"allow":["GET"]}}],"collection":[{"href":"https:\/\/www.achimbrueckner.de\/dxradio\/php\/wordpress\/index.php?rest_route=\/wp\/v2\/posts"}],"about":[{"href":"https:\/\/www.achimbrueckner.de\/dxradio\/php\/wordpress\/index.php?rest_route=\/wp\/v2\/types\/post"}],"author":[{"embeddable":true,"href":"https:\/\/www.achimbrueckner.de\/dxradio\/php\/wordpress\/index.php?rest_route=\/wp\/v2\/users\/1"}],"replies":[{"embeddable":true,"href":"https:\/\/www.achimbrueckner.de\/dxradio\/php\/wordpress\/index.php?rest_route=%2Fwp%2Fv2%2Fcomments&post=18186"}],"version-history":[{"count":0,"href":"https:\/\/www.achimbrueckner.de\/dxradio\/php\/wordpress\/index.php?rest_route=\/wp\/v2\/posts\/18186\/revisions"}],"wp:attachment":[{"href":"https:\/\/www.achimbrueckner.de\/dxradio\/php\/wordpress\/index.php?rest_route=%2Fwp%2Fv2%2Fmedia&parent=18186"}],"wp:term":[{"taxonomy":"category","embeddable":true,"href":"https:\/\/www.achimbrueckner.de\/dxradio\/php\/wordpress\/index.php?rest_route=%2Fwp%2Fv2%2Fcategories&post=18186"},{"taxonomy":"post_tag","embeddable":true,"href":"https:\/\/www.achimbrueckner.de\/dxradio\/php\/wordpress\/index.php?rest_route=%2Fwp%2Fv2%2Ftags&post=18186"}],"curies":[{"name":"wp","href":"https:\/\/api.w.org\/{rel}","templated":true}]}}