{"id":18194,"date":"2018-06-13T15:52:35","date_gmt":"2018-06-13T15:52:35","guid":{"rendered":"https:\/\/www.achimbrueckner.de\/dxradio\/php\/wordpress\/?p=18194"},"modified":"2018-06-13T15:52:35","modified_gmt":"2018-06-13T15:52:35","slug":"wdr-produziert-gemeinsame-junge-nacht-der-ard-fur-sieben-ard-jugendwellen","status":"publish","type":"post","link":"https:\/\/www.achimbrueckner.de\/dxradio\/php\/wordpress\/?p=18194","title":{"rendered":"WDR produziert gemeinsame \u201cJunge Nacht der ARD\u201d f\u00fcr sieben ARD-Jugendwellen"},"content":{"rendered":"<p><a href=\"http:\/\/www.radiowoche.de\/wdr-produziert-junge-nacht-der-ard\/\" rel=\"noopener\" target=\"_blank\">http:\/\/www.radiowoche.de\/wdr-produziert-junge-nacht-der-ard\/<\/a><\/p>\n","protected":false},"excerpt":{"rendered":"<p>http:\/\/www.radiowoche.de\/wdr-produziert-junge-nacht-der-ard\/<\/p>\n","protected":false},"author":1,"featured_media":0,"comment_status":"closed","ping_status":"open","sticky":false,"template":"","format":"standard","meta":{"_jetpack_memberships_contains_paid_content":false,"footnotes":"","jetpack_publicize_message":"","jetpack_publicize_feature_enabled":true,"jetpack_social_post_already_shared":true,"jetpack_social_options":{"image_generator_settings":{"template":"highway","default_image_id":0,"font":"","enabled":false},"version":2}},"categories":[1],"tags":[24],"class_list":["post-18194","post","type-post","status-publish","format-standard","hentry","category-deutsch","tag-am"],"jetpack_publicize_connections":[],"jetpack_featured_media_url":"","jetpack_sharing_enabled":true,"jetpack_shortlink":"https:\/\/wp.me\/p5CDmr-4Js","jetpack-related-posts":[{"id":18399,"url":"https:\/\/www.achimbrueckner.de\/dxradio\/php\/wordpress\/?p=18399","url_meta":{"origin":18194,"position":0},"title":"Die-junge-Nacht-der-ARD-neu-im-Radio","author":"Administrator","date":"June 28, 2018","format":false,"excerpt":"http:\/\/www.digitalfernsehen.de\/Die-junge-Nacht-der-ARD-neu-im-Radio.166513.0.html","rel":"","context":"In &quot;Deutsch&quot;","block_context":{"text":"Deutsch","link":"https:\/\/www.achimbrueckner.de\/dxradio\/php\/wordpress\/?cat=1"},"img":{"alt_text":"","src":"","width":0,"height":0},"classes":[]},{"id":22419,"url":"https:\/\/www.achimbrueckner.de\/dxradio\/php\/wordpress\/?p=22419","url_meta":{"origin":18194,"position":1},"title":"WDR Klangkiste: Die erste interaktive Musik-Web-App der ARD","author":"Administrator","date":"March 26, 2019","format":false,"excerpt":"http:\/\/www.radiowoche.de\/wdr-klangkiste-die-erste-interaktive-musik-web-app-der-ard\/","rel":"","context":"In &quot;Deutsch&quot;","block_context":{"text":"Deutsch","link":"https:\/\/www.achimbrueckner.de\/dxradio\/php\/wordpress\/?cat=1"},"img":{"alt_text":"","src":"","width":0,"height":0},"classes":[]},{"id":23127,"url":"https:\/\/www.achimbrueckner.de\/dxradio\/php\/wordpress\/?p=23127","url_meta":{"origin":18194,"position":2},"title":"Fast 60 Jahre und kein bisschen leise: Seit 1963 produziert der WDR die Bundesliga-Konferenz im Radio","author":"Administrator","date":"May 16, 2019","format":false,"excerpt":"http:\/\/www.radiowoche.de\/fast-60-jahre-und-kein-bisschen-leise-seit-1963-produziert-der-wdr-die-bundesliga-konferenz-im-radio\/","rel":"","context":"In &quot;Deutsch&quot;","block_context":{"text":"Deutsch","link":"https:\/\/www.achimbrueckner.de\/dxradio\/php\/wordpress\/?cat=1"},"img":{"alt_text":"","src":"","width":0,"height":0},"classes":[]},{"id":31430,"url":"https:\/\/www.achimbrueckner.de\/dxradio\/php\/wordpress\/?p=31430","url_meta":{"origin":18194,"position":3},"title":"ARD-Infonacht kommt ab heute aus Hamburg \u2013 MDR produziert ARD-Hitnacht","author":"Administrator","date":"December 30, 2020","format":false,"excerpt":"https:\/\/www.radiowoche.de\/ard-infonacht-kommt-ab-heute-aus-hamburg-mdr-produziert-ard-hitnacht\/","rel":"","context":"In &quot;Deutsch&quot;","block_context":{"text":"Deutsch","link":"https:\/\/www.achimbrueckner.de\/dxradio\/php\/wordpress\/?cat=1"},"img":{"alt_text":"","src":"","width":0,"height":0},"classes":[]},{"id":19603,"url":"https:\/\/www.achimbrueckner.de\/dxradio\/php\/wordpress\/?p=19603","url_meta":{"origin":18194,"position":4},"title":"ARD produziert ein H\u00f6rspiel \u00fcber den NSU-Prozess.","author":"Administrator","date":"October 17, 2018","format":false,"excerpt":"http:\/\/www.turi2.de\/aktuell\/ard-produziert-ein-hoerspiel-ueber-den-nsu-prozess\/","rel":"","context":"In &quot;Deutsch&quot;","block_context":{"text":"Deutsch","link":"https:\/\/www.achimbrueckner.de\/dxradio\/php\/wordpress\/?cat=1"},"img":{"alt_text":"","src":"","width":0,"height":0},"classes":[]},{"id":1604,"url":"https:\/\/www.achimbrueckner.de\/dxradio\/php\/wordpress\/?p=1604","url_meta":{"origin":18194,"position":5},"title":"WDR \u00f6ffnet Funkhaus und Studios in der 3. K\u00f6lner Nacht der Technik","author":"Administrator","date":"June 17, 2011","format":false,"excerpt":"WDR \u00f6ffnet Funkhaus und Studios in der 3. K\u00f6lner Nacht der Technik http:\/\/www.radiowoche.de\/meldungen\/1\/10617\/wdr-oeffnet-funkhaus-und-studios-in-der-3koelner-nacht-der-technik\/","rel":"","context":"In &quot;Deutsch&quot;","block_context":{"text":"Deutsch","link":"https:\/\/www.achimbrueckner.de\/dxradio\/php\/wordpress\/?cat=1"},"img":{"alt_text":"","src":"","width":0,"height":0},"classes":[]}],"_links":{"self":[{"href":"https:\/\/www.achimbrueckner.de\/dxradio\/php\/wordpress\/index.php?rest_route=\/wp\/v2\/posts\/18194","targetHints":{"allow":["GET"]}}],"collection":[{"href":"https:\/\/www.achimbrueckner.de\/dxradio\/php\/wordpress\/index.php?rest_route=\/wp\/v2\/posts"}],"about":[{"href":"https:\/\/www.achimbrueckner.de\/dxradio\/php\/wordpress\/index.php?rest_route=\/wp\/v2\/types\/post"}],"author":[{"embeddable":true,"href":"https:\/\/www.achimbrueckner.de\/dxradio\/php\/wordpress\/index.php?rest_route=\/wp\/v2\/users\/1"}],"replies":[{"embeddable":true,"href":"https:\/\/www.achimbrueckner.de\/dxradio\/php\/wordpress\/index.php?rest_route=%2Fwp%2Fv2%2Fcomments&post=18194"}],"version-history":[{"count":0,"href":"https:\/\/www.achimbrueckner.de\/dxradio\/php\/wordpress\/index.php?rest_route=\/wp\/v2\/posts\/18194\/revisions"}],"wp:attachment":[{"href":"https:\/\/www.achimbrueckner.de\/dxradio\/php\/wordpress\/index.php?rest_route=%2Fwp%2Fv2%2Fmedia&parent=18194"}],"wp:term":[{"taxonomy":"category","embeddable":true,"href":"https:\/\/www.achimbrueckner.de\/dxradio\/php\/wordpress\/index.php?rest_route=%2Fwp%2Fv2%2Fcategories&post=18194"},{"taxonomy":"post_tag","embeddable":true,"href":"https:\/\/www.achimbrueckner.de\/dxradio\/php\/wordpress\/index.php?rest_route=%2Fwp%2Fv2%2Ftags&post=18194"}],"curies":[{"name":"wp","href":"https:\/\/api.w.org\/{rel}","templated":true}]}}