{"id":18201,"date":"2018-06-13T16:19:18","date_gmt":"2018-06-13T16:19:18","guid":{"rendered":"https:\/\/www.achimbrueckner.de\/dxradio\/php\/wordpress\/?p=18201"},"modified":"2018-06-13T16:19:18","modified_gmt":"2018-06-13T16:19:18","slug":"rundfunkdebatte-so-viel-geldverschwendung-halt-kein-system-aus","status":"publish","type":"post","link":"https:\/\/www.achimbrueckner.de\/dxradio\/php\/wordpress\/?p=18201","title":{"rendered":"Rundfunkdebatte &#8220;So viel Geldverschwendung h\u00e4lt kein System aus&#8221;"},"content":{"rendered":"<p><a href=\"http:\/\/www.spiegel.de\/kultur\/tv\/rundfunkgebuehren-so-viel-geldverschwendung-haelt-kein-system-aus-a-1212241.html?utm_source=dlvr.it&#038;utm_medium=%5Bfacebook%5D&#038;utm_campaign=%5Bspontop%5D#ref=rss\" rel=\"noopener\" target=\"_blank\">http:\/\/www.spiegel.de\/kultur\/tv\/rundfunkgebuehren-so-viel-geldverschwendung-haelt-kein-system-aus-a-1212241.html<\/a><\/p>\n","protected":false},"excerpt":{"rendered":"<p>http:\/\/www.spiegel.de\/kultur\/tv\/rundfunkgebuehren-so-viel-geldverschwendung-haelt-kein-system-aus-a-1212241.html<\/p>\n","protected":false},"author":1,"featured_media":0,"comment_status":"closed","ping_status":"open","sticky":false,"template":"","format":"standard","meta":{"_jetpack_memberships_contains_paid_content":false,"footnotes":"","jetpack_publicize_message":"","jetpack_publicize_feature_enabled":true,"jetpack_social_post_already_shared":true,"jetpack_social_options":{"image_generator_settings":{"template":"highway","default_image_id":0,"font":"","enabled":false},"version":2}},"categories":[1],"tags":[],"class_list":["post-18201","post","type-post","status-publish","format-standard","hentry","category-deutsch"],"jetpack_publicize_connections":[],"jetpack_featured_media_url":"","jetpack_sharing_enabled":true,"jetpack_shortlink":"https:\/\/wp.me\/p5CDmr-4Jz","jetpack-related-posts":[{"id":28879,"url":"https:\/\/www.achimbrueckner.de\/dxradio\/php\/wordpress\/?p=28879","url_meta":{"origin":18201,"position":0},"title":"\u201eGeldverschwendung\u201c \u2013 Niedersachsen fordert Abschaltung von Digitalradio DAB+","author":"Administrator","date":"May 30, 2020","format":false,"excerpt":"https:\/\/meedia.de\/2019\/06\/20\/geldverschwendung-niedersachsen-fordert-abschaltung-von-digitalradio-dab\/","rel":"","context":"In &quot;Deutsch&quot;","block_context":{"text":"Deutsch","link":"https:\/\/www.achimbrueckner.de\/dxradio\/php\/wordpress\/?cat=1"},"img":{"alt_text":"","src":"","width":0,"height":0},"classes":[]},{"id":20958,"url":"https:\/\/www.achimbrueckner.de\/dxradio\/php\/wordpress\/?p=20958","url_meta":{"origin":18201,"position":1},"title":"Kein Radio mehr: Gaisberg-Sender fiel aus","author":"Administrator","date":"January 17, 2019","format":false,"excerpt":"https:\/\/www.sn.at\/salzburg\/chronik\/kein-radio-mehr-gaisberg-sender-fiel-aus-64195813","rel":"","context":"In &quot;Deutsch&quot;","block_context":{"text":"Deutsch","link":"https:\/\/www.achimbrueckner.de\/dxradio\/php\/wordpress\/?cat=1"},"img":{"alt_text":"","src":"","width":0,"height":0},"classes":[]},{"id":33672,"url":"https:\/\/www.achimbrueckner.de\/dxradio\/php\/wordpress\/?p=33672","url_meta":{"origin":18201,"position":2},"title":"Katja Berg: Grenzenlose Unterhaltung: Radio Luxemburg","author":"Administrator","date":"September 29, 2021","format":false,"excerpt":"Buch-Tipp: Auf und Ab der Radiolegende Radio Luxemburg war der gro\u00dfe kommerzielle \u00fcberregionale Sender der 50er- bis 80er-Jahre. In Deutschland wurde er im Saarland und in Nordrhein-Westfalen wegen der N\u00e4he zum Nachbarland und dem damit einhergehenden guten Empfang besonders viel geh\u00f6rt und wird dort heute noch oft nostalgisch verkl\u00e4rt. Das\u2026","rel":"","context":"In &quot;Deutsch&quot;","block_context":{"text":"Deutsch","link":"https:\/\/www.achimbrueckner.de\/dxradio\/php\/wordpress\/?cat=1"},"img":{"alt_text":"","src":"","width":0,"height":0},"classes":[]},{"id":3117,"url":"https:\/\/www.achimbrueckner.de\/dxradio\/php\/wordpress\/?p=3117","url_meta":{"origin":18201,"position":3},"title":"EMAIL IST F\u00dcR SIE KEIN THEMA &#8211; Funksignale aus dem Schweinestall","author":"Administrator","date":"April 24, 2014","format":false,"excerpt":"http:\/\/www.shz.de\/lokales\/schleswiger-nachrichten\/funksignale-aus-dem-schweinestall-id6360746.html","rel":"","context":"In &quot;Deutsch&quot;","block_context":{"text":"Deutsch","link":"https:\/\/www.achimbrueckner.de\/dxradio\/php\/wordpress\/?cat=1"},"img":{"alt_text":"","src":"","width":0,"height":0},"classes":[]},{"id":33342,"url":"https:\/\/www.achimbrueckner.de\/dxradio\/php\/wordpress\/?p=33342","url_meta":{"origin":18201,"position":4},"title":"FMK S\u00fcdtirol Stream mit hunderten neuer Original Jingles","author":"Administrator","date":"August 15, 2021","format":false,"excerpt":"FMK S\u00fcdtirol Stream mit hunderten neuer Original Jingles Der FMK S\u00fcdtirol Memorialstream wurde nun um hunderte neuer Kenner, Ansagen und Trailer erweitert. Vielen Dank an Robert Galley f\u00fcr diese Arbeit und Unterst\u00fctzung. Die Stationvoice des FMK-Streams ist kein geringerer als Stephan Kaiser! Viel Spa\u00df beim Wiederh\u00f6ren von: Radio Brenner\/S\u00fcdtirol 1,\u2026","rel":"","context":"In &quot;Deutsch&quot;","block_context":{"text":"Deutsch","link":"https:\/\/www.achimbrueckner.de\/dxradio\/php\/wordpress\/?cat=1"},"img":{"alt_text":"","src":"","width":0,"height":0},"classes":[]},{"id":39291,"url":"https:\/\/www.achimbrueckner.de\/dxradio\/php\/wordpress\/?p=39291","url_meta":{"origin":18201,"position":5},"title":"TEURER H\u00d6RGENUSS So viel geben Ministerien f\u00fcr PR-Podcasts aus","author":"Administrator","date":"April 11, 2023","format":false,"excerpt":"https:\/\/www.meedia.de\/medien\/teurer-hoergenuss-so-viel-geben-ministerien-fuer-pr-podcasts-aus-6e9d4f6b3a441c4dd9934778c4dcd552","rel":"","context":"In &quot;Deutsch&quot;","block_context":{"text":"Deutsch","link":"https:\/\/www.achimbrueckner.de\/dxradio\/php\/wordpress\/?cat=1"},"img":{"alt_text":"","src":"","width":0,"height":0},"classes":[]}],"_links":{"self":[{"href":"https:\/\/www.achimbrueckner.de\/dxradio\/php\/wordpress\/index.php?rest_route=\/wp\/v2\/posts\/18201","targetHints":{"allow":["GET"]}}],"collection":[{"href":"https:\/\/www.achimbrueckner.de\/dxradio\/php\/wordpress\/index.php?rest_route=\/wp\/v2\/posts"}],"about":[{"href":"https:\/\/www.achimbrueckner.de\/dxradio\/php\/wordpress\/index.php?rest_route=\/wp\/v2\/types\/post"}],"author":[{"embeddable":true,"href":"https:\/\/www.achimbrueckner.de\/dxradio\/php\/wordpress\/index.php?rest_route=\/wp\/v2\/users\/1"}],"replies":[{"embeddable":true,"href":"https:\/\/www.achimbrueckner.de\/dxradio\/php\/wordpress\/index.php?rest_route=%2Fwp%2Fv2%2Fcomments&post=18201"}],"version-history":[{"count":0,"href":"https:\/\/www.achimbrueckner.de\/dxradio\/php\/wordpress\/index.php?rest_route=\/wp\/v2\/posts\/18201\/revisions"}],"wp:attachment":[{"href":"https:\/\/www.achimbrueckner.de\/dxradio\/php\/wordpress\/index.php?rest_route=%2Fwp%2Fv2%2Fmedia&parent=18201"}],"wp:term":[{"taxonomy":"category","embeddable":true,"href":"https:\/\/www.achimbrueckner.de\/dxradio\/php\/wordpress\/index.php?rest_route=%2Fwp%2Fv2%2Fcategories&post=18201"},{"taxonomy":"post_tag","embeddable":true,"href":"https:\/\/www.achimbrueckner.de\/dxradio\/php\/wordpress\/index.php?rest_route=%2Fwp%2Fv2%2Ftags&post=18201"}],"curies":[{"name":"wp","href":"https:\/\/api.w.org\/{rel}","templated":true}]}}