{"id":18233,"date":"2018-06-15T08:23:58","date_gmt":"2018-06-15T08:23:58","guid":{"rendered":"https:\/\/www.achimbrueckner.de\/dxradio\/php\/wordpress\/?p=18233"},"modified":"2018-06-15T08:23:58","modified_gmt":"2018-06-15T08:23:58","slug":"statt-90elf-comeback-neues-webradio-portal-mit-fusball-und-fetenhits","status":"publish","type":"post","link":"https:\/\/www.achimbrueckner.de\/dxradio\/php\/wordpress\/?p=18233","title":{"rendered":"Statt 90elf-Comeback: Neues Webradio-Portal mit Fu\u00dfball- und Fetenhits"},"content":{"rendered":"<p><a href=\"https:\/\/www.smartphonefan.de\/2018\/06\/14\/statt-90elf-comeback-neues-webradio-portal-mit-fussball-und-fetenhits\/\" rel=\"noopener\" target=\"_blank\">https:\/\/www.smartphonefan.de\/2018\/06\/14\/statt-90elf-comeback-neues-webradio-portal-mit-fussball-und-fetenhits\/<\/a><\/p>\n","protected":false},"excerpt":{"rendered":"<p>https:\/\/www.smartphonefan.de\/2018\/06\/14\/statt-90elf-comeback-neues-webradio-portal-mit-fussball-und-fetenhits\/<\/p>\n","protected":false},"author":1,"featured_media":0,"comment_status":"closed","ping_status":"open","sticky":false,"template":"","format":"standard","meta":{"_jetpack_memberships_contains_paid_content":false,"footnotes":"","jetpack_publicize_message":"","jetpack_publicize_feature_enabled":true,"jetpack_social_post_already_shared":true,"jetpack_social_options":{"image_generator_settings":{"template":"highway","default_image_id":0,"font":"","enabled":false},"version":2}},"categories":[1],"tags":[],"class_list":["post-18233","post","type-post","status-publish","format-standard","hentry","category-deutsch"],"jetpack_publicize_connections":[],"jetpack_featured_media_url":"","jetpack_sharing_enabled":true,"jetpack_shortlink":"https:\/\/wp.me\/p5CDmr-4K5","jetpack-related-posts":[{"id":2423,"url":"https:\/\/www.achimbrueckner.de\/dxradio\/php\/wordpress\/?p=2423","url_meta":{"origin":18233,"position":0},"title":"Radio 90elf verliert Radiorechte f\u00fcr Bundesliga","author":"Administrator","date":"March 19, 2013","format":false,"excerpt":"Hallo allerseits, heute hat die Deutsche Fu\u00dfballliga (DFL) die H\u00f6rfunk-\u00dcbertragungs-Rechte f\u00fcr die erste und zweite Bundesliga f\u00fcr die 4 Spielzeiten beginnend mit der Saison 2013\/14 neu vergeben. Den Zuschlag erhielt dabei der Fernsehsender Sport1, was bedeutet, dass Radio 90elf das Nachsehen hat. 90elf ist mit einer Reichweite von einigen Hunderttausend\u2026","rel":"","context":"In &quot;Deutsch&quot;","block_context":{"text":"Deutsch","link":"https:\/\/www.achimbrueckner.de\/dxradio\/php\/wordpress\/?cat=1"},"img":{"alt_text":"","src":"","width":0,"height":0},"classes":[]},{"id":1642,"url":"https:\/\/www.achimbrueckner.de\/dxradio\/php\/wordpress\/?p=1642","url_meta":{"origin":18233,"position":1},"title":"Philips unterst\u00fctzt die Einf\u00fchrung von Digitalradio in Deutschland und gibt Partnerschaft mit Sender 90elf bekannt","author":"Administrator","date":"July 6, 2011","format":false,"excerpt":"Philips unterst\u00fctzt die Einf\u00fchrung von Digitalradio in Deutschland und gibt Partnerschaft mit Sender 90elf bekannt http:\/\/www.radiowoche.de\/meldungen\/1\/10683\/philips-unterstuetzt-die-einfuehrung-von-digitalradio-in-deutschland-und-gibt-partnerschaft-mit-sender-90elf-bekannt\/","rel":"","context":"In &quot;Deutsch&quot;","block_context":{"text":"Deutsch","link":"https:\/\/www.achimbrueckner.de\/dxradio\/php\/wordpress\/?cat=1"},"img":{"alt_text":"","src":"","width":0,"height":0},"classes":[]},{"id":23241,"url":"https:\/\/www.achimbrueckner.de\/dxradio\/php\/wordpress\/?p=23241","url_meta":{"origin":18233,"position":2},"title":"Best of Rock.FM: Neues Webradio-Portal gestartet","author":"Administrator","date":"May 26, 2019","format":false,"excerpt":"https:\/\/www.smartphonefan.de\/2019\/05\/25\/best-of-rock-fm-neues-webradio-portal-gestartet\/","rel":"","context":"In &quot;Deutsch&quot;","block_context":{"text":"Deutsch","link":"https:\/\/www.achimbrueckner.de\/dxradio\/php\/wordpress\/?cat=1"},"img":{"alt_text":"","src":"","width":0,"height":0},"classes":[]},{"id":2496,"url":"https:\/\/www.achimbrueckner.de\/dxradio\/php\/wordpress\/?p=2496","url_meta":{"origin":18233,"position":3},"title":"Abschaltungen: AFN und 90elf","author":"Administrator","date":"May 21, 2013","format":false,"excerpt":"2x Abschaltungs-News heute: - Fu\u00dfballradio 90elf wird eingestellt, weil die entsprechenden DFL-Rechte jetzt bei SPORT 1 liegen, man denkt \u00fcber neue DAB-Sender nach: http:\/\/www.radioszene.de\/54025\/regiocast-digital-stellt-90elf-ein.html - AFN schaltet 873 kHz ab: http:\/\/www.afneurope.net\/Headline\/tabid\/2098\/Default.aspx?aid=28284 (via Radioforum erfahren) Info via A-DX","rel":"","context":"In &quot;Deutsch&quot;","block_context":{"text":"Deutsch","link":"https:\/\/www.achimbrueckner.de\/dxradio\/php\/wordpress\/?cat=1"},"img":{"alt_text":"","src":"","width":0,"height":0},"classes":[]},{"id":1686,"url":"https:\/\/www.achimbrueckner.de\/dxradio\/php\/wordpress\/?p=1686","url_meta":{"origin":18233,"position":4},"title":"Manni Breuckmann f\u00fcr 90elf am Ball","author":"Administrator","date":"July 28, 2011","format":false,"excerpt":"Manni Breuckmann f\u00fcr 90elf am Ball http:\/\/www.radioszene.de\/27985\/manni-breuckmann-fuer-90elf-am-ball.html","rel":"","context":"In &quot;Deutsch&quot;","block_context":{"text":"Deutsch","link":"https:\/\/www.achimbrueckner.de\/dxradio\/php\/wordpress\/?cat=1"},"img":{"alt_text":"","src":"","width":0,"height":0},"classes":[]},{"id":3284,"url":"https:\/\/www.achimbrueckner.de\/dxradio\/php\/wordpress\/?p=3284","url_meta":{"origin":18233,"position":5},"title":"ARD blockiert Fu\u00dfball-WM-\u00dcbertragungen via Webradio","author":"Administrator","date":"June 23, 2014","format":false,"excerpt":"http:\/\/www.teltarif.de\/internetradio-multimedia-fussball-sport-wm\/news\/56041.html","rel":"","context":"In &quot;Deutsch&quot;","block_context":{"text":"Deutsch","link":"https:\/\/www.achimbrueckner.de\/dxradio\/php\/wordpress\/?cat=1"},"img":{"alt_text":"","src":"","width":0,"height":0},"classes":[]}],"_links":{"self":[{"href":"https:\/\/www.achimbrueckner.de\/dxradio\/php\/wordpress\/index.php?rest_route=\/wp\/v2\/posts\/18233","targetHints":{"allow":["GET"]}}],"collection":[{"href":"https:\/\/www.achimbrueckner.de\/dxradio\/php\/wordpress\/index.php?rest_route=\/wp\/v2\/posts"}],"about":[{"href":"https:\/\/www.achimbrueckner.de\/dxradio\/php\/wordpress\/index.php?rest_route=\/wp\/v2\/types\/post"}],"author":[{"embeddable":true,"href":"https:\/\/www.achimbrueckner.de\/dxradio\/php\/wordpress\/index.php?rest_route=\/wp\/v2\/users\/1"}],"replies":[{"embeddable":true,"href":"https:\/\/www.achimbrueckner.de\/dxradio\/php\/wordpress\/index.php?rest_route=%2Fwp%2Fv2%2Fcomments&post=18233"}],"version-history":[{"count":0,"href":"https:\/\/www.achimbrueckner.de\/dxradio\/php\/wordpress\/index.php?rest_route=\/wp\/v2\/posts\/18233\/revisions"}],"wp:attachment":[{"href":"https:\/\/www.achimbrueckner.de\/dxradio\/php\/wordpress\/index.php?rest_route=%2Fwp%2Fv2%2Fmedia&parent=18233"}],"wp:term":[{"taxonomy":"category","embeddable":true,"href":"https:\/\/www.achimbrueckner.de\/dxradio\/php\/wordpress\/index.php?rest_route=%2Fwp%2Fv2%2Fcategories&post=18233"},{"taxonomy":"post_tag","embeddable":true,"href":"https:\/\/www.achimbrueckner.de\/dxradio\/php\/wordpress\/index.php?rest_route=%2Fwp%2Fv2%2Ftags&post=18233"}],"curies":[{"name":"wp","href":"https:\/\/api.w.org\/{rel}","templated":true}]}}