{"id":18235,"date":"2018-06-15T08:33:53","date_gmt":"2018-06-15T08:33:53","guid":{"rendered":"https:\/\/www.achimbrueckner.de\/dxradio\/php\/wordpress\/?p=18235"},"modified":"2018-06-15T08:33:53","modified_gmt":"2018-06-15T08:33:53","slug":"mediapulse-probleme-mit-den-messuhr-mikrofonen","status":"publish","type":"post","link":"https:\/\/www.achimbrueckner.de\/dxradio\/php\/wordpress\/?p=18235","title":{"rendered":"Mediapulse Probleme mit den Messuhr-Mikrofonen"},"content":{"rendered":"<p><a href=\"http:\/\/www.persoenlich.com\/medien\/probleme-mit-den-messuhr-mikrofonen\" rel=\"noopener\" target=\"_blank\">http:\/\/www.persoenlich.com\/medien\/probleme-mit-den-messuhr-mikrofonen<\/a><\/p>\n","protected":false},"excerpt":{"rendered":"<p>http:\/\/www.persoenlich.com\/medien\/probleme-mit-den-messuhr-mikrofonen<\/p>\n","protected":false},"author":1,"featured_media":0,"comment_status":"closed","ping_status":"open","sticky":false,"template":"","format":"standard","meta":{"_jetpack_memberships_contains_paid_content":false,"footnotes":"","jetpack_publicize_message":"","jetpack_publicize_feature_enabled":true,"jetpack_social_post_already_shared":true,"jetpack_social_options":{"image_generator_settings":{"template":"highway","default_image_id":0,"font":"","enabled":false},"version":2}},"categories":[1,17,15],"tags":[46,45],"class_list":["post-18235","post","type-post","status-publish","format-standard","hentry","category-deutsch","category-media","category-medien","tag-media","tag-medien"],"jetpack_publicize_connections":[],"jetpack_featured_media_url":"","jetpack_sharing_enabled":true,"jetpack_shortlink":"https:\/\/wp.me\/p5CDmr-4K7","jetpack-related-posts":[{"id":42000,"url":"https:\/\/www.achimbrueckner.de\/dxradio\/php\/wordpress\/?p=42000","url_meta":{"origin":18235,"position":0},"title":"**Einladung zum 1. H\u00f6rertreffen der SATzentrale**","author":"Administrator","date":"November 29, 2024","format":false,"excerpt":"**Einladung zum 1. H\u00f6rertreffen der SATzentrale** Liebe H\u00f6rerinnen und H\u00f6rer, wir freuen uns, Euch zu unserem ersten H\u00f6rertreffen der SATzentrale einzuladen! Markiert Euch den 22. M\u00e4rz 2025 rot im Kalender, denn an diesem Tag treffen wir uns in Coswig OT S\u00f6rnewitz \u2013 ein pers\u00f6nliches Treffen, das es in sich hat!\u2026","rel":"","context":"In &quot;Deutsch&quot;","block_context":{"text":"Deutsch","link":"https:\/\/www.achimbrueckner.de\/dxradio\/php\/wordpress\/?cat=1"},"img":{"alt_text":"","src":"","width":0,"height":0},"classes":[]},{"id":17796,"url":"https:\/\/www.achimbrueckner.de\/dxradio\/php\/wordpress\/?p=17796","url_meta":{"origin":18235,"position":1},"title":"Richter sehen Gleichheits-Probleme beim Rundfunkbeitrag","author":"Administrator","date":"May 17, 2018","format":false,"excerpt":"https:\/\/www.tagesspiegel.de\/medien\/bundesverfassungsgericht-richter-sehen-gleichheits-probleme-beim-rundfunkbeitrag\/22508502.html","rel":"","context":"In &quot;Deutsch&quot;","block_context":{"text":"Deutsch","link":"https:\/\/www.achimbrueckner.de\/dxradio\/php\/wordpress\/?cat=1"},"img":{"alt_text":"","src":"","width":0,"height":0},"classes":[]},{"id":25838,"url":"https:\/\/www.achimbrueckner.de\/dxradio\/php\/wordpress\/?p=25838","url_meta":{"origin":18235,"position":2},"title":"SOCIAL MEDIA RANKING Die Tagesschau ist neuer Spitzenreiter in den sozialen Medien","author":"Administrator","date":"November 19, 2019","format":false,"excerpt":"https:\/\/www.horizont.net\/medien\/nachrichten\/social-media-ranking-die-tagesschau-ist-neuer-spitzenreiter-in-den-sozialen-medien-179114","rel":"","context":"In &quot;Deutsch&quot;","block_context":{"text":"Deutsch","link":"https:\/\/www.achimbrueckner.de\/dxradio\/php\/wordpress\/?cat=1"},"img":{"alt_text":"","src":"","width":0,"height":0},"classes":[]},{"id":13863,"url":"https:\/\/www.achimbrueckner.de\/dxradio\/php\/wordpress\/?p=13863","url_meta":{"origin":18235,"position":3},"title":"Macron verscherzt es sich mit den Medien","author":"Administrator","date":"July 24, 2017","format":false,"excerpt":"https:\/\/www.nzz.ch\/feuilleton\/frankreich-macrons-muehe-mit-den-medien-ld.1307302","rel":"","context":"In &quot;Deutsch&quot;","block_context":{"text":"Deutsch","link":"https:\/\/www.achimbrueckner.de\/dxradio\/php\/wordpress\/?cat=1"},"img":{"alt_text":"","src":"","width":0,"height":0},"classes":[]},{"id":14919,"url":"https:\/\/www.achimbrueckner.de\/dxradio\/php\/wordpress\/?p=14919","url_meta":{"origin":18235,"position":4},"title":"Irgendwas mit Medien: Sei kreativ bei den Jugendmedientagen","author":"Administrator","date":"October 10, 2017","format":false,"excerpt":"http:\/\/www.idowa.de\/inhalt.muenchen-irgendwas-mit-medien-sei-kreativ-bei-den-jugendmedientagen.5b7babe5-5f34-4ed8-b193-bfeddb912a20.html","rel":"","context":"In &quot;Deutsch&quot;","block_context":{"text":"Deutsch","link":"https:\/\/www.achimbrueckner.de\/dxradio\/php\/wordpress\/?cat=1"},"img":{"alt_text":"","src":"","width":0,"height":0},"classes":[]},{"id":19734,"url":"https:\/\/www.achimbrueckner.de\/dxradio\/php\/wordpress\/?p=19734","url_meta":{"origin":18235,"position":5},"title":"Repr\u00e4sentativ oder nicht? Marktforscher kritisieren den Umgang der Medien mit Studien","author":"Administrator","date":"October 24, 2018","format":false,"excerpt":"https:\/\/meedia.de\/2018\/10\/22\/repraesentativ-oder-nicht-marktforscher-kritisieren-den-umgang-der-medien-mit-studien\/","rel":"","context":"In &quot;Deutsch&quot;","block_context":{"text":"Deutsch","link":"https:\/\/www.achimbrueckner.de\/dxradio\/php\/wordpress\/?cat=1"},"img":{"alt_text":"","src":"","width":0,"height":0},"classes":[]}],"_links":{"self":[{"href":"https:\/\/www.achimbrueckner.de\/dxradio\/php\/wordpress\/index.php?rest_route=\/wp\/v2\/posts\/18235","targetHints":{"allow":["GET"]}}],"collection":[{"href":"https:\/\/www.achimbrueckner.de\/dxradio\/php\/wordpress\/index.php?rest_route=\/wp\/v2\/posts"}],"about":[{"href":"https:\/\/www.achimbrueckner.de\/dxradio\/php\/wordpress\/index.php?rest_route=\/wp\/v2\/types\/post"}],"author":[{"embeddable":true,"href":"https:\/\/www.achimbrueckner.de\/dxradio\/php\/wordpress\/index.php?rest_route=\/wp\/v2\/users\/1"}],"replies":[{"embeddable":true,"href":"https:\/\/www.achimbrueckner.de\/dxradio\/php\/wordpress\/index.php?rest_route=%2Fwp%2Fv2%2Fcomments&post=18235"}],"version-history":[{"count":0,"href":"https:\/\/www.achimbrueckner.de\/dxradio\/php\/wordpress\/index.php?rest_route=\/wp\/v2\/posts\/18235\/revisions"}],"wp:attachment":[{"href":"https:\/\/www.achimbrueckner.de\/dxradio\/php\/wordpress\/index.php?rest_route=%2Fwp%2Fv2%2Fmedia&parent=18235"}],"wp:term":[{"taxonomy":"category","embeddable":true,"href":"https:\/\/www.achimbrueckner.de\/dxradio\/php\/wordpress\/index.php?rest_route=%2Fwp%2Fv2%2Fcategories&post=18235"},{"taxonomy":"post_tag","embeddable":true,"href":"https:\/\/www.achimbrueckner.de\/dxradio\/php\/wordpress\/index.php?rest_route=%2Fwp%2Fv2%2Ftags&post=18235"}],"curies":[{"name":"wp","href":"https:\/\/api.w.org\/{rel}","templated":true}]}}