{"id":18244,"date":"2018-06-15T19:23:10","date_gmt":"2018-06-15T19:23:10","guid":{"rendered":"https:\/\/www.achimbrueckner.de\/dxradio\/php\/wordpress\/?p=18244"},"modified":"2018-06-15T19:23:10","modified_gmt":"2018-06-15T19:23:10","slug":"was-die-offentlich-rechtlichen-sender-zukunftig-im-internet-durfen","status":"publish","type":"post","link":"https:\/\/www.achimbrueckner.de\/dxradio\/php\/wordpress\/?p=18244","title":{"rendered":"Was die \u00f6ffentlich-rechtlichen Sender zuk\u00fcnftig im Internet d\u00fcrfen"},"content":{"rendered":"<p><a href=\"http:\/\/www.sueddeutsche.de\/medien\/neues-telemediengesetz-was-die-oeffentlich-rechtlichen-sender-zukuenftig-im-internet-duerfen-1.4015924\" rel=\"noopener\" target=\"_blank\">http:\/\/www.sueddeutsche.de\/medien\/neues-telemediengesetz-was-die-oeffentlich-rechtlichen-sender-zukuenftig-im-internet-duerfen-1.4015924<\/a><\/p>\n","protected":false},"excerpt":{"rendered":"<p>http:\/\/www.sueddeutsche.de\/medien\/neues-telemediengesetz-was-die-oeffentlich-rechtlichen-sender-zukuenftig-im-internet-duerfen-1.4015924<\/p>\n","protected":false},"author":1,"featured_media":0,"comment_status":"closed","ping_status":"open","sticky":false,"template":"","format":"standard","meta":{"_jetpack_memberships_contains_paid_content":false,"footnotes":"","jetpack_publicize_message":"","jetpack_publicize_feature_enabled":true,"jetpack_social_post_already_shared":true,"jetpack_social_options":{"image_generator_settings":{"template":"highway","default_image_id":0,"font":"","enabled":false},"version":2}},"categories":[1,15],"tags":[45],"class_list":["post-18244","post","type-post","status-publish","format-standard","hentry","category-deutsch","category-medien","tag-medien"],"jetpack_publicize_connections":[],"jetpack_featured_media_url":"","jetpack_sharing_enabled":true,"jetpack_shortlink":"https:\/\/wp.me\/p5CDmr-4Kg","jetpack-related-posts":[{"id":23439,"url":"https:\/\/www.achimbrueckner.de\/dxradio\/php\/wordpress\/?p=23439","url_meta":{"origin":18244,"position":0},"title":"Medienwandel Was Diversit\u00e4t mit der Zukunft der \u00d6ffentlich-Rechtlichen zu tun hat","author":"Administrator","date":"June 15, 2019","format":false,"excerpt":"https:\/\/www.deutschlandfunknova.de\/beitrag\/zukunft-der-oeffentlich-rechtlichen-sender-was-die-diversitaet-damit-zu-tun-hat","rel":"","context":"In &quot;Deutsch&quot;","block_context":{"text":"Deutsch","link":"https:\/\/www.achimbrueckner.de\/dxradio\/php\/wordpress\/?cat=1"},"img":{"alt_text":"","src":"","width":0,"height":0},"classes":[]},{"id":15402,"url":"https:\/\/www.achimbrueckner.de\/dxradio\/php\/wordpress\/?p=15402","url_meta":{"origin":18244,"position":1},"title":"\u201eFolgen Sie uns auf Facebook und Twitter!\u201c  Die \u00f6ffentlich-rechtlichen Sender und ihr Umgang mit den sozialen Medien","author":"Administrator","date":"November 8, 2017","format":false,"excerpt":"http:\/\/www.medienkorrespondenz.de\/leitartikel\/artikel\/folgen-sie-uns-auf-facebooknbspundnbsptwitter.html","rel":"","context":"In &quot;Deutsch&quot;","block_context":{"text":"Deutsch","link":"https:\/\/www.achimbrueckner.de\/dxradio\/php\/wordpress\/?cat=1"},"img":{"alt_text":"","src":"","width":0,"height":0},"classes":[]},{"id":18098,"url":"https:\/\/www.achimbrueckner.de\/dxradio\/php\/wordpress\/?p=18098","url_meta":{"origin":18244,"position":2},"title":"Indexierter Rundfunkbeitrag Sechs Bundesl\u00e4nder legen einen Reformplan f\u00fcr die \u00f6ffentlich-rechtlichen Sender vor","author":"Administrator","date":"June 7, 2018","format":false,"excerpt":"https:\/\/www.medienkorrespondenz.de\/leitartikel\/artikel\/indexierter-rundfunkbeitrag.html","rel":"","context":"In &quot;Deutsch&quot;","block_context":{"text":"Deutsch","link":"https:\/\/www.achimbrueckner.de\/dxradio\/php\/wordpress\/?cat=1"},"img":{"alt_text":"","src":"","width":0,"height":0},"classes":[]},{"id":10078,"url":"https:\/\/www.achimbrueckner.de\/dxradio\/php\/wordpress\/?p=10078","url_meta":{"origin":18244,"position":3},"title":"Drei-Stufen-Tests haben sich aus Sicht der \u00f6ffentlich-rechtlichen Sender bew\u00e4hrt","author":"Administrator","date":"August 25, 2016","format":false,"excerpt":"http:\/\/www.medienkorrespondenz.de\/politik\/artikel\/drei-stufen-tests-haben-sich-aus-sicht-der-rundfunkanstaltennbspbewaehrt.html","rel":"","context":"In &quot;Deutsch&quot;","block_context":{"text":"Deutsch","link":"https:\/\/www.achimbrueckner.de\/dxradio\/php\/wordpress\/?cat=1"},"img":{"alt_text":"","src":"","width":0,"height":0},"classes":[]},{"id":26461,"url":"https:\/\/www.achimbrueckner.de\/dxradio\/php\/wordpress\/?p=26461","url_meta":{"origin":18244,"position":4},"title":"Medienf\u00f6rderung im rechtlichen Spannungsfeld","author":"Administrator","date":"December 30, 2019","format":false,"excerpt":"https:\/\/www.nzz.ch\/schweiz\/medienfoerderung-im-rechtlichen-spannungsfeld-ld.1531319","rel":"","context":"In &quot;Deutsch&quot;","block_context":{"text":"Deutsch","link":"https:\/\/www.achimbrueckner.de\/dxradio\/php\/wordpress\/?cat=1"},"img":{"alt_text":"","src":"","width":0,"height":0},"classes":[]},{"id":16773,"url":"https:\/\/www.achimbrueckner.de\/dxradio\/php\/wordpress\/?p=16773","url_meta":{"origin":18244,"position":5},"title":"Schweiz beh\u00e4lt die \u00f6ffentlich-rechtlichen Medien","author":"Administrator","date":"March 5, 2018","format":false,"excerpt":"https:\/\/www.heise.de\/tp\/features\/Schweiz-behaelt-die-oeffentlich-rechtlichen-Medien-3986043.html","rel":"","context":"In &quot;Deutsch&quot;","block_context":{"text":"Deutsch","link":"https:\/\/www.achimbrueckner.de\/dxradio\/php\/wordpress\/?cat=1"},"img":{"alt_text":"","src":"","width":0,"height":0},"classes":[]}],"_links":{"self":[{"href":"https:\/\/www.achimbrueckner.de\/dxradio\/php\/wordpress\/index.php?rest_route=\/wp\/v2\/posts\/18244","targetHints":{"allow":["GET"]}}],"collection":[{"href":"https:\/\/www.achimbrueckner.de\/dxradio\/php\/wordpress\/index.php?rest_route=\/wp\/v2\/posts"}],"about":[{"href":"https:\/\/www.achimbrueckner.de\/dxradio\/php\/wordpress\/index.php?rest_route=\/wp\/v2\/types\/post"}],"author":[{"embeddable":true,"href":"https:\/\/www.achimbrueckner.de\/dxradio\/php\/wordpress\/index.php?rest_route=\/wp\/v2\/users\/1"}],"replies":[{"embeddable":true,"href":"https:\/\/www.achimbrueckner.de\/dxradio\/php\/wordpress\/index.php?rest_route=%2Fwp%2Fv2%2Fcomments&post=18244"}],"version-history":[{"count":0,"href":"https:\/\/www.achimbrueckner.de\/dxradio\/php\/wordpress\/index.php?rest_route=\/wp\/v2\/posts\/18244\/revisions"}],"wp:attachment":[{"href":"https:\/\/www.achimbrueckner.de\/dxradio\/php\/wordpress\/index.php?rest_route=%2Fwp%2Fv2%2Fmedia&parent=18244"}],"wp:term":[{"taxonomy":"category","embeddable":true,"href":"https:\/\/www.achimbrueckner.de\/dxradio\/php\/wordpress\/index.php?rest_route=%2Fwp%2Fv2%2Fcategories&post=18244"},{"taxonomy":"post_tag","embeddable":true,"href":"https:\/\/www.achimbrueckner.de\/dxradio\/php\/wordpress\/index.php?rest_route=%2Fwp%2Fv2%2Ftags&post=18244"}],"curies":[{"name":"wp","href":"https:\/\/api.w.org\/{rel}","templated":true}]}}