{"id":18245,"date":"2018-06-15T19:24:31","date_gmt":"2018-06-15T19:24:31","guid":{"rendered":"https:\/\/www.achimbrueckner.de\/dxradio\/php\/wordpress\/?p=18245"},"modified":"2018-06-15T19:24:31","modified_gmt":"2018-06-15T19:24:31","slug":"deutsche-mogen-nachrichten-traditionell","status":"publish","type":"post","link":"https:\/\/www.achimbrueckner.de\/dxradio\/php\/wordpress\/?p=18245","title":{"rendered":"Deutsche m\u00f6gen Nachrichten traditionell"},"content":{"rendered":"<p><a href=\"http:\/\/www.deutschlandfunk.de\/reuters-digital-news-report-deutsche-moegen-nachrichten.2907.de.html?dram:article_id=420378\" rel=\"noopener\" target=\"_blank\">http:\/\/www.deutschlandfunk.de\/reuters-digital-news-report-deutsche-moegen-nachrichten.2907.de.html?dram:article_id=420378<\/a><\/p>\n","protected":false},"excerpt":{"rendered":"<p>http:\/\/www.deutschlandfunk.de\/reuters-digital-news-report-deutsche-moegen-nachrichten.2907.de.html?dram:article_id=420378<\/p>\n","protected":false},"author":1,"featured_media":0,"comment_status":"closed","ping_status":"open","sticky":false,"template":"","format":"standard","meta":{"_jetpack_memberships_contains_paid_content":false,"footnotes":"","jetpack_publicize_message":"","jetpack_publicize_feature_enabled":true,"jetpack_social_post_already_shared":true,"jetpack_social_options":{"image_generator_settings":{"template":"highway","default_image_id":0,"font":"","enabled":false},"version":2}},"categories":[1],"tags":[24],"class_list":["post-18245","post","type-post","status-publish","format-standard","hentry","category-deutsch","tag-am"],"jetpack_publicize_connections":[],"jetpack_featured_media_url":"","jetpack_sharing_enabled":true,"jetpack_shortlink":"https:\/\/wp.me\/p5CDmr-4Kh","jetpack-related-posts":[{"id":3454,"url":"https:\/\/www.achimbrueckner.de\/dxradio\/php\/wordpress\/?p=3454","url_meta":{"origin":18245,"position":0},"title":"Deutsche Welle verbreitet Nachrichten weltweit via \u201eOuternet\u201c","author":"Administrator","date":"August 25, 2014","format":false,"excerpt":"http:\/\/www.radioszene.de\/71904\/deutsche-welle-verbreitet-nachrichten-weltweit-outernet.html","rel":"","context":"In &quot;Deutsch&quot;","block_context":{"text":"Deutsch","link":"https:\/\/www.achimbrueckner.de\/dxradio\/php\/wordpress\/?cat=1"},"img":{"alt_text":"","src":"","width":0,"height":0},"classes":[]},{"id":23622,"url":"https:\/\/www.achimbrueckner.de\/dxradio\/php\/wordpress\/?p=23622","url_meta":{"origin":18245,"position":1},"title":"Deutsche-Welle-Hochh\u00e4user in K\u00f6ln: Abriss St\u00fcck f\u00fcr St\u00fcck","author":"Administrator","date":"July 6, 2019","format":false,"excerpt":"https:\/\/www1.wdr.de\/nachrichten\/rheinland\/arbeiten-an-deutsche-welle-hochhaeusern-100.html","rel":"","context":"In &quot;Deutsch&quot;","block_context":{"text":"Deutsch","link":"https:\/\/www.achimbrueckner.de\/dxradio\/php\/wordpress\/?cat=1"},"img":{"alt_text":"","src":"","width":0,"height":0},"classes":[]},{"id":2121,"url":"https:\/\/www.achimbrueckner.de\/dxradio\/php\/wordpress\/?p=2121","url_meta":{"origin":18245,"position":2},"title":"Deutsche Welle mit neuem Logo, Design, Programm","author":"Administrator","date":"January 31, 2012","format":false,"excerpt":"Deutsche Welle mit neuem Logo, Design, Programm http:\/\/www.dwdl.de\/nachrichten\/34651\/deutsche_welle_berarbeitet_logo_design_programm\/","rel":"","context":"In &quot;Deutsch&quot;","block_context":{"text":"Deutsch","link":"https:\/\/www.achimbrueckner.de\/dxradio\/php\/wordpress\/?cat=1"},"img":{"alt_text":"","src":"","width":0,"height":0},"classes":[]},{"id":22018,"url":"https:\/\/www.achimbrueckner.de\/dxradio\/php\/wordpress\/?p=22018","url_meta":{"origin":18245,"position":3},"title":"NETFLIX &#038; CO Deutsche geizen bei Streamingdiensten","author":"Administrator","date":"March 7, 2019","format":false,"excerpt":"https:\/\/www.horizont.net\/medien\/nachrichten\/netflix--co-deutsche-geizen-bei-streamingdiensten-173409?xing_share=news","rel":"","context":"In &quot;Deutsch&quot;","block_context":{"text":"Deutsch","link":"https:\/\/www.achimbrueckner.de\/dxradio\/php\/wordpress\/?cat=1"},"img":{"alt_text":"","src":"","width":0,"height":0},"classes":[]},{"id":22710,"url":"https:\/\/www.achimbrueckner.de\/dxradio\/php\/wordpress\/?p=22710","url_meta":{"origin":18245,"position":4},"title":"Venezuela nimmt Deutsche Welle aus dem Kabelnetz","author":"Administrator","date":"April 14, 2019","format":false,"excerpt":"https:\/\/www.br.de\/nachrichten\/amp\/deutschland-welt\/venezuela-nimmt-deutsche-welle-aus-dem-kabelnetz,RNcmeQq?__twitter_impression=true","rel":"","context":"In &quot;Deutsch&quot;","block_context":{"text":"Deutsch","link":"https:\/\/www.achimbrueckner.de\/dxradio\/php\/wordpress\/?cat=1"},"img":{"alt_text":"","src":"","width":0,"height":0},"classes":[]},{"id":16209,"url":"https:\/\/www.achimbrueckner.de\/dxradio\/php\/wordpress\/?p=16209","url_meta":{"origin":18245,"position":5},"title":"Das Deutsche Medienschiedsgericht mit Sitz in Leipzig wartet auf seinen ersten Fall","author":"Administrator","date":"January 20, 2018","format":false,"excerpt":"http:\/\/www.lvz.de\/Nachrichten\/Kultur\/Kultur-Regional\/Das-Deutsche-Medienschiedsgericht-mit-Sitz-in-Leipzig-wartet-auf-seinen-ersten-Fall","rel":"","context":"In &quot;Deutsch&quot;","block_context":{"text":"Deutsch","link":"https:\/\/www.achimbrueckner.de\/dxradio\/php\/wordpress\/?cat=1"},"img":{"alt_text":"","src":"","width":0,"height":0},"classes":[]}],"_links":{"self":[{"href":"https:\/\/www.achimbrueckner.de\/dxradio\/php\/wordpress\/index.php?rest_route=\/wp\/v2\/posts\/18245","targetHints":{"allow":["GET"]}}],"collection":[{"href":"https:\/\/www.achimbrueckner.de\/dxradio\/php\/wordpress\/index.php?rest_route=\/wp\/v2\/posts"}],"about":[{"href":"https:\/\/www.achimbrueckner.de\/dxradio\/php\/wordpress\/index.php?rest_route=\/wp\/v2\/types\/post"}],"author":[{"embeddable":true,"href":"https:\/\/www.achimbrueckner.de\/dxradio\/php\/wordpress\/index.php?rest_route=\/wp\/v2\/users\/1"}],"replies":[{"embeddable":true,"href":"https:\/\/www.achimbrueckner.de\/dxradio\/php\/wordpress\/index.php?rest_route=%2Fwp%2Fv2%2Fcomments&post=18245"}],"version-history":[{"count":0,"href":"https:\/\/www.achimbrueckner.de\/dxradio\/php\/wordpress\/index.php?rest_route=\/wp\/v2\/posts\/18245\/revisions"}],"wp:attachment":[{"href":"https:\/\/www.achimbrueckner.de\/dxradio\/php\/wordpress\/index.php?rest_route=%2Fwp%2Fv2%2Fmedia&parent=18245"}],"wp:term":[{"taxonomy":"category","embeddable":true,"href":"https:\/\/www.achimbrueckner.de\/dxradio\/php\/wordpress\/index.php?rest_route=%2Fwp%2Fv2%2Fcategories&post=18245"},{"taxonomy":"post_tag","embeddable":true,"href":"https:\/\/www.achimbrueckner.de\/dxradio\/php\/wordpress\/index.php?rest_route=%2Fwp%2Fv2%2Ftags&post=18245"}],"curies":[{"name":"wp","href":"https:\/\/api.w.org\/{rel}","templated":true}]}}