{"id":1825,"date":"2011-10-14T19:44:56","date_gmt":"2011-10-14T19:44:56","guid":{"rendered":"https:\/\/www.achimbrueckner.de\/dxradio\/php\/wordpress\/?p=1825"},"modified":"2011-10-14T19:44:56","modified_gmt":"2011-10-14T19:44:56","slug":"radio-nord-16-oktober-2011","status":"publish","type":"post","link":"https:\/\/www.achimbrueckner.de\/dxradio\/php\/wordpress\/?p=1825","title":{"rendered":"Radio Nord 16 Oktober 2011"},"content":{"rendered":"<p>Hallo lieber Freund, F\u00f6rderer oder Radiokollege,<\/p>\n<p>an dieser Stelle nochmals ein herzliches Dankesch\u00f6n f\u00fcr deine Reaktion zu unserer Sendung vom 21. August 2011. NordAM geht am kommenden Wochenende in die dritte Runde &#8211; und vielleicht bist du ja wieder auf Kurzwelle 6005 kHz dabei? Wir w\u00fcrden uns freuen, dich und vielleicht auch deine Bekannten wieder unter unseren gesch\u00e4tzten H\u00f6rern begr\u00fc\u00dfen zu d\u00fcrfen:<\/p>\n<p>Sonntag, 16.10.2011: 1500-1600 UTC sowie die Wiederholung f\u00fcr alle Nachtschw\u00e4rmer um 2100-2200 UTC auf Kurzwelle 6005 kHz \u00fcber den Sender von Radio 700 in Kall-Krekel. Diese Angaben sind in UTC-Weltzeit, nach deutscher \/ mitteleurop\u00e4ischer Sommerzeit gilt also 17.00 bzw. 23.00 Uhr.<\/p>\n<p>Auch in dieser Ausgabe haben wir wieder einige interessante Songs von Vinyl &#038; CD herausgesucht und sind gespannt, wie sie dir gefallen werden. Darunter sowohl neue und unbekannte St\u00fccke als auch ein paar g\u00fcldene Klassiker vom Plattenteller oder aus dem CD-Regal und Gr\u00fc\u00dfe an unsere H\u00f6rer vom letzten Mal. Abgerundet wird alles durch den gewohnten skurril-erfrischen Talk uns zweier Jungspunde, die dem Kurzwellenrundfunk ein St\u00fcckchen mehr Glitz, Glanz und Glamour verleihen wollen.<\/p>\n<p>Alternativ zur Kurzwellenausstrahlung auf 6005 kHz sind wir nat\u00fcrlich parallel auch im Livestream unter <a href=\"http:\/\/radio700.de\/player\/player_kw.php?p=1\" target=\"_blank\">http:\/\/radio700.de\/player\/player_kw.php?p=1<\/a> (Direktlink <a href=\"http:\/\/91.143.94.10:80\/kurzwelle-6005.m3u\" target=\"_blank\">http:\/\/91.143.94.10:80\/kurzwelle-6005.m3u<\/a>) zu h\u00f6ren. Er kann auch unter <a href=\"http:\/\/shortwaveservice.com\" target=\"_blank\">http:\/\/shortwaveservice.com<\/a> und den PLAY-Knopf rechts aufgerufen werden. Nat\u00fcrlich freuen wir uns wieder sehr \u00fcber technisches und inhaltliches Feedback. Detaillierte Empfangsberichte belohnen wir selbstverst\u00e4ndlich mit einer QSL-Karte in gedruckter oder digitaler Form. Wir freuen uns \u00fcber deine Post unter radio6005@web.de.<\/p>\n<p>Wir freuen uns \u00fcber Feedback, Kommentare und Empfangsberichte.<\/p>\n<p>Bis Sonntagnachmittag oder Sonntagnacht, je nach Belieben!<\/p>\n<p>Torben &#038; Daniel<\/p>\n<p>P.S: \u00dcbrigens, ohne Radio 700 bzw. <a href=\"http:\/\/www.shortwaveservice.com\" target=\"_blank\">http:\/\/www.shortwaveservice.com<\/a> g\u00e4b&#8217;s uns gar nicht. Wer weitere technische Details zum Sender in Kall-Krekel erfahren m\u00f6chte, sollte unbedingt diese Seite besuchen. \ud83d\ude09 Und zum \u00dcberfluss hier unsere Pr\u00e4senz auf Facebook, wo wir auch \u00fcber unsere Sendungstermine informieren: <a href=\"http:\/\/www.facebook.com\/pages\/NordAM\/231948116860158\" target=\"_blank\">http:\/\/www.facebook.com\/pages\/NordAM\/231948116860158<\/a><\/p>\n<p>Info via <a href=\"http:\/\/www.ratzer.at\" target=\"_blank\">A-DX<\/a><\/p>\n","protected":false},"excerpt":{"rendered":"<p>Hallo lieber Freund, F\u00f6rderer oder Radiokollege, an dieser Stelle nochmals ein herzliches Dankesch\u00f6n f\u00fcr deine Reaktion zu unserer Sendung vom 21. August 2011. NordAM geht am kommenden Wochenende in die dritte Runde &#8211; und vielleicht bist du ja wieder auf Kurzwelle 6005 kHz dabei? Wir w\u00fcrden uns freuen, dich und vielleicht auch deine Bekannten wieder &hellip; <a href=\"https:\/\/www.achimbrueckner.de\/dxradio\/php\/wordpress\/?p=1825\" class=\"more-link\">Continue reading <span class=\"screen-reader-text\">Radio Nord 16 Oktober 2011<\/span><\/a><\/p>\n","protected":false},"author":1,"featured_media":0,"comment_status":"open","ping_status":"open","sticky":false,"template":"","format":"standard","meta":{"_jetpack_memberships_contains_paid_content":false,"footnotes":"","jetpack_publicize_message":"","jetpack_publicize_feature_enabled":true,"jetpack_social_post_already_shared":false,"jetpack_social_options":{"image_generator_settings":{"template":"highway","default_image_id":0,"font":"","enabled":false},"version":2}},"categories":[1,3],"tags":[24,31,40,42,30,43],"class_list":["post-1825","post","type-post","status-publish","format-standard","hentry","category-deutsch","category-empfang","tag-am","tag-dab","tag-dx","tag-empfang","tag-qsl","tag-shortwave"],"jetpack_publicize_connections":[],"jetpack_featured_media_url":"","jetpack_sharing_enabled":true,"jetpack_shortlink":"https:\/\/wp.me\/p5CDmr-tr","jetpack-related-posts":[{"id":2070,"url":"https:\/\/www.achimbrueckner.de\/dxradio\/php\/wordpress\/?p=2070","url_meta":{"origin":1825,"position":0},"title":"Nord AM 1 Januar 2012","author":"Administrator","date":"December 29, 2011","format":false,"excerpt":"Liebe H\u00f6rer, liebe Freunde, Zun\u00e4chst m\u00f6chten wir uns f\u00fcr die R\u00fcckmeldungen, Empfangsberichte und Anregungen zu unserer letzten Sendung vom Oktober dieses Jahres bedanken. Alle eingegangenen Berichte haben wir bereits vor einigen Wochen mit einer QSL-Karte best\u00e4tigt. Das Jahr 2011 neigt dich dem Ende zu - und uns war klar, dass\u2026","rel":"","context":"In &quot;Deutsch&quot;","block_context":{"text":"Deutsch","link":"https:\/\/www.achimbrueckner.de\/dxradio\/php\/wordpress\/?cat=1"},"img":{"alt_text":"","src":"","width":0,"height":0},"classes":[]},{"id":3547,"url":"https:\/\/www.achimbrueckner.de\/dxradio\/php\/wordpress\/?p=3547","url_meta":{"origin":1825,"position":1},"title":"Nord AM 21 September 2014","author":"Administrator","date":"September 18, 2014","format":false,"excerpt":"Liebe Freundinnen und Freunde, die Sommerpause ist vorbei und wir haben uns gut erholt \u2013 was auch f\u00fcr die Frequenzen gilt, auf denen wir unseren L\u00e4rm verbreitet haben. Das geht jetzt wieder los. NordAM ist wieder da! Hei\u00dfa! Betreutes Senden par excellence. Am kommenden Sonntag den 21.09.2014 hier: 15:00-16:30 auf\u2026","rel":"","context":"In &quot;Deutsch&quot;","block_context":{"text":"Deutsch","link":"https:\/\/www.achimbrueckner.de\/dxradio\/php\/wordpress\/?cat=1"},"img":{"alt_text":"","src":"","width":0,"height":0},"classes":[]},{"id":8122,"url":"https:\/\/www.achimbrueckner.de\/dxradio\/php\/wordpress\/?p=8122","url_meta":{"origin":1825,"position":2},"title":"Programmtipp: Radio &#8211; Menschen &#038; Geschichten am 24.04.2016","author":"Administrator","date":"April 23, 2016","format":false,"excerpt":"Ladies and Gentlemen, freaks and monsters, schon wieder ein Monat rum; auch am kommenden Sonntag hei\u00dft es wieder \"Radio - Menschen & Geschichten\". Die inhaltliche Klammer der Sendung macht Wei\u00dfrussland. Wir schauen uns vor Ort bei Radio Belarus um und sprechen in den Radiogeschichten mit einem der Gr\u00fcndungsmitarbeiter der deutschen\u2026","rel":"","context":"In &quot;Deutsch&quot;","block_context":{"text":"Deutsch","link":"https:\/\/www.achimbrueckner.de\/dxradio\/php\/wordpress\/?cat=1"},"img":{"alt_text":"","src":"","width":0,"height":0},"classes":[]},{"id":4344,"url":"https:\/\/www.achimbrueckner.de\/dxradio\/php\/wordpress\/?p=4344","url_meta":{"origin":1825,"position":3},"title":"Sendung der Deutschen Redaktion des Polnischen Rundfunks","author":"Administrator","date":"April 2, 2015","format":false,"excerpt":"Liebe Fans und Freunde des ehem. deutschsprachigen Auslandsdienstes der Polnischen Rundfunks, am 1. Juli 2014 haben wir die letzte Sendung der Deutschen Redaktion des Polnischen Rundfunks ausgestrahlt. Die deutschsprachige Auslandsdienst wurde leider geschlossen. Seit dem sind einige Monate vergangen, und wir haben unser in der letzten Sendung gemachtes Versprechen gehalten.\u2026","rel":"","context":"In &quot;Deutsch&quot;","block_context":{"text":"Deutsch","link":"https:\/\/www.achimbrueckner.de\/dxradio\/php\/wordpress\/?cat=1"},"img":{"alt_text":"","src":"","width":0,"height":0},"classes":[]},{"id":15163,"url":"https:\/\/www.achimbrueckner.de\/dxradio\/php\/wordpress\/?p=15163","url_meta":{"origin":1825,"position":4},"title":"Radio. Menschen &#038; Geschichten 29. Oktober 2017","author":"Administrator","date":"October 26, 2017","format":false,"excerpt":"Seit fast einem halben Jahrhundert ist Werner Reinke \"On Air\". Zun\u00e4chst bei Radio Bremen, sp\u00e4ter als Gr\u00fcndungsmitarbeiter bei HR3 und nach 13 Jahren Radioabstinenz jetzt wieder beim Hessischen Rundfunk.... Vielen Dank f\u00fcr's verlinken, Christoph. Weiters berichten wir \u00fcber die neuen Mittelwellenaktivit\u00e4ten in D\u00e4nemark. 2 weitere Themen werden morgen fertig gestellt,\u2026","rel":"","context":"In &quot;Deutsch&quot;","block_context":{"text":"Deutsch","link":"https:\/\/www.achimbrueckner.de\/dxradio\/php\/wordpress\/?cat=1"},"img":{"alt_text":"","src":"","width":0,"height":0},"classes":[]},{"id":12838,"url":"https:\/\/www.achimbrueckner.de\/dxradio\/php\/wordpress\/?p=12838","url_meta":{"origin":1825,"position":5},"title":"Kurzwellen-Sondersendungen von der 24. IARU-Region 1-Konferenz","author":"Administrator","date":"April 13, 2017","format":false,"excerpt":"RADIO DARC berichtet in Kurzwellen-Sondersendungen von der 24. IARU-Region 1-Konferenz aus Landshut Vom 16. bis 22. September 2017 findet in Landshut bei M\u00fcnchen die IARU-Region-1-Konferenz statt. Deutschland war 1958 das letzte Mal Gastgeber dieser Veranstaltung der Internationalen Amateur-Radio-Union. 130 Delegierte von vielen der 96 Mitgliedsverb\u00e4nden werden dort Fragen rund um\u2026","rel":"","context":"In &quot;Deutsch&quot;","block_context":{"text":"Deutsch","link":"https:\/\/www.achimbrueckner.de\/dxradio\/php\/wordpress\/?cat=1"},"img":{"alt_text":"","src":"","width":0,"height":0},"classes":[]}],"_links":{"self":[{"href":"https:\/\/www.achimbrueckner.de\/dxradio\/php\/wordpress\/index.php?rest_route=\/wp\/v2\/posts\/1825","targetHints":{"allow":["GET"]}}],"collection":[{"href":"https:\/\/www.achimbrueckner.de\/dxradio\/php\/wordpress\/index.php?rest_route=\/wp\/v2\/posts"}],"about":[{"href":"https:\/\/www.achimbrueckner.de\/dxradio\/php\/wordpress\/index.php?rest_route=\/wp\/v2\/types\/post"}],"author":[{"embeddable":true,"href":"https:\/\/www.achimbrueckner.de\/dxradio\/php\/wordpress\/index.php?rest_route=\/wp\/v2\/users\/1"}],"replies":[{"embeddable":true,"href":"https:\/\/www.achimbrueckner.de\/dxradio\/php\/wordpress\/index.php?rest_route=%2Fwp%2Fv2%2Fcomments&post=1825"}],"version-history":[{"count":0,"href":"https:\/\/www.achimbrueckner.de\/dxradio\/php\/wordpress\/index.php?rest_route=\/wp\/v2\/posts\/1825\/revisions"}],"wp:attachment":[{"href":"https:\/\/www.achimbrueckner.de\/dxradio\/php\/wordpress\/index.php?rest_route=%2Fwp%2Fv2%2Fmedia&parent=1825"}],"wp:term":[{"taxonomy":"category","embeddable":true,"href":"https:\/\/www.achimbrueckner.de\/dxradio\/php\/wordpress\/index.php?rest_route=%2Fwp%2Fv2%2Fcategories&post=1825"},{"taxonomy":"post_tag","embeddable":true,"href":"https:\/\/www.achimbrueckner.de\/dxradio\/php\/wordpress\/index.php?rest_route=%2Fwp%2Fv2%2Ftags&post=1825"}],"curies":[{"name":"wp","href":"https:\/\/api.w.org\/{rel}","templated":true}]}}