{"id":18272,"date":"2018-06-17T13:22:55","date_gmt":"2018-06-17T13:22:55","guid":{"rendered":"https:\/\/www.achimbrueckner.de\/dxradio\/php\/wordpress\/?p=18272"},"modified":"2018-06-17T13:22:55","modified_gmt":"2018-06-17T13:22:55","slug":"bilder-sendeanlagen","status":"publish","type":"post","link":"https:\/\/www.achimbrueckner.de\/dxradio\/php\/wordpress\/?p=18272","title":{"rendered":"Bilder Sendeanlagen"},"content":{"rendered":"<p><a href=\"https:\/\/www.radioempfang.ch\/sendeanlagen\/\" rel=\"noopener\" target=\"_blank\">https:\/\/www.radioempfang.ch\/sendeanlagen\/<\/a><\/p>\n","protected":false},"excerpt":{"rendered":"<p>https:\/\/www.radioempfang.ch\/sendeanlagen\/<\/p>\n","protected":false},"author":1,"featured_media":0,"comment_status":"closed","ping_status":"open","sticky":false,"template":"","format":"standard","meta":{"_jetpack_memberships_contains_paid_content":false,"footnotes":"","jetpack_publicize_message":"","jetpack_publicize_feature_enabled":true,"jetpack_social_post_already_shared":true,"jetpack_social_options":{"image_generator_settings":{"template":"highway","default_image_id":0,"font":"","enabled":false},"version":2}},"categories":[1,3],"tags":[42],"class_list":["post-18272","post","type-post","status-publish","format-standard","hentry","category-deutsch","category-empfang","tag-empfang"],"jetpack_publicize_connections":[],"jetpack_featured_media_url":"","jetpack_sharing_enabled":true,"jetpack_shortlink":"https:\/\/wp.me\/p5CDmr-4KI","jetpack-related-posts":[{"id":15221,"url":"https:\/\/www.achimbrueckner.de\/dxradio\/php\/wordpress\/?p=15221","url_meta":{"origin":18272,"position":0},"title":"Antennenanlage Prangins","author":"Administrator","date":"October 28, 2017","format":false,"excerpt":"Hallo aus der Schweiz Man(n) soll ja fotografieren bevor gesprengt wird. 1.) Bern Radio in Prangins https:\/\/www.radioempfang.ch\/sendeanlagen\/schweiz\/bern-radio-prangins\/ Auf der Nordseite waren zum Zeitpunkt meines Besuches bereits Bagger vorhanden. Ob sie nur geschaut haben ob die Sockel noch stabil sind und einige darum freigeschaufelt haben weiss ich nicht. Eine offizielle Information\u2026","rel":"","context":"In &quot;Deutsch&quot;","block_context":{"text":"Deutsch","link":"https:\/\/www.achimbrueckner.de\/dxradio\/php\/wordpress\/?cat=1"},"img":{"alt_text":"","src":"","width":0,"height":0},"classes":[]},{"id":3483,"url":"https:\/\/www.achimbrueckner.de\/dxradio\/php\/wordpress\/?p=3483","url_meta":{"origin":18272,"position":1},"title":"Historische Bilder &#8211; Sender Schwarzenburg","author":"Administrator","date":"September 2, 2014","format":false,"excerpt":"Hallo Nach einer sehr langen Suche ist es mir gelungen Bilder von der 1998 abgebrochenen Sendeanlage Schwarzenburg zu bekommen. Bilder von diesem Standort sind sehr rar. http:\/\/www.radioempfang.ch\/sendeanlagen\/schweiz\/schwarzenburg\/ Info via A-DX","rel":"","context":"In &quot;Deutsch&quot;","block_context":{"text":"Deutsch","link":"https:\/\/www.achimbrueckner.de\/dxradio\/php\/wordpress\/?cat=1"},"img":{"alt_text":"","src":"","width":0,"height":0},"classes":[]},{"id":16453,"url":"https:\/\/www.achimbrueckner.de\/dxradio\/php\/wordpress\/?p=16453","url_meta":{"origin":18272,"position":2},"title":"Trans World Radio Bonaire","author":"Administrator","date":"February 10, 2018","format":false,"excerpt":"https:\/\/www.radioempfang.ch\/sendeanlagen\/bonaire\/trans-world-radio\/","rel":"","context":"In &quot;Deutsch&quot;","block_context":{"text":"Deutsch","link":"https:\/\/www.achimbrueckner.de\/dxradio\/php\/wordpress\/?cat=1"},"img":{"alt_text":"","src":"","width":0,"height":0},"classes":[]},{"id":3695,"url":"https:\/\/www.achimbrueckner.de\/dxradio\/php\/wordpress\/?p=3695","url_meta":{"origin":18272,"position":3},"title":"KW &#8211; Antenne Lenk","author":"Administrator","date":"October 22, 2014","format":false,"excerpt":"http:\/\/www.radioempfang.ch\/sendeanlagen\/schweiz\/lenk\/","rel":"","context":"In &quot;Deutsch&quot;","block_context":{"text":"Deutsch","link":"https:\/\/www.achimbrueckner.de\/dxradio\/php\/wordpress\/?cat=1"},"img":{"alt_text":"","src":"","width":0,"height":0},"classes":[]},{"id":9959,"url":"https:\/\/www.achimbrueckner.de\/dxradio\/php\/wordpress\/?p=9959","url_meta":{"origin":18272,"position":4},"title":"RAI &#8211; Milano Fotos Sendeanlage","author":"Administrator","date":"August 17, 2016","format":false,"excerpt":"http:\/\/www.radioempfang.ch\/sendeanlagen\/italien\/rai-milano\/","rel":"","context":"In &quot;Deutsch&quot;","block_context":{"text":"Deutsch","link":"https:\/\/www.achimbrueckner.de\/dxradio\/php\/wordpress\/?cat=1"},"img":{"alt_text":"","src":"","width":0,"height":0},"classes":[]},{"id":1162,"url":"https:\/\/www.achimbrueckner.de\/dxradio\/php\/wordpress\/?p=1162","url_meta":{"origin":18272,"position":5},"title":"RTI Sondersendungen im Oktober via Tainan","author":"Administrator","date":"September 25, 2010","format":false,"excerpt":"im Oktober gibt es wieder Direktsendungen von Radio Taiwan International \u00fcber die Sendeanlagen in Tainan in S\u00fcdtaiwan. Vom 1. bis 3. Oktober 2010 und vom 8. bis 11. Oktober 2010 jeweils von 1700-1800 UTC wird das regul\u00e4re deutsche Programm zus\u00e4tzlich auch auf 9955 kHz ausgestrahlt. Bis 1700 UTC sendet dort\u2026","rel":"","context":"In &quot;Deutsch&quot;","block_context":{"text":"Deutsch","link":"https:\/\/www.achimbrueckner.de\/dxradio\/php\/wordpress\/?cat=1"},"img":{"alt_text":"","src":"","width":0,"height":0},"classes":[]}],"_links":{"self":[{"href":"https:\/\/www.achimbrueckner.de\/dxradio\/php\/wordpress\/index.php?rest_route=\/wp\/v2\/posts\/18272","targetHints":{"allow":["GET"]}}],"collection":[{"href":"https:\/\/www.achimbrueckner.de\/dxradio\/php\/wordpress\/index.php?rest_route=\/wp\/v2\/posts"}],"about":[{"href":"https:\/\/www.achimbrueckner.de\/dxradio\/php\/wordpress\/index.php?rest_route=\/wp\/v2\/types\/post"}],"author":[{"embeddable":true,"href":"https:\/\/www.achimbrueckner.de\/dxradio\/php\/wordpress\/index.php?rest_route=\/wp\/v2\/users\/1"}],"replies":[{"embeddable":true,"href":"https:\/\/www.achimbrueckner.de\/dxradio\/php\/wordpress\/index.php?rest_route=%2Fwp%2Fv2%2Fcomments&post=18272"}],"version-history":[{"count":0,"href":"https:\/\/www.achimbrueckner.de\/dxradio\/php\/wordpress\/index.php?rest_route=\/wp\/v2\/posts\/18272\/revisions"}],"wp:attachment":[{"href":"https:\/\/www.achimbrueckner.de\/dxradio\/php\/wordpress\/index.php?rest_route=%2Fwp%2Fv2%2Fmedia&parent=18272"}],"wp:term":[{"taxonomy":"category","embeddable":true,"href":"https:\/\/www.achimbrueckner.de\/dxradio\/php\/wordpress\/index.php?rest_route=%2Fwp%2Fv2%2Fcategories&post=18272"},{"taxonomy":"post_tag","embeddable":true,"href":"https:\/\/www.achimbrueckner.de\/dxradio\/php\/wordpress\/index.php?rest_route=%2Fwp%2Fv2%2Ftags&post=18272"}],"curies":[{"name":"wp","href":"https:\/\/api.w.org\/{rel}","templated":true}]}}