{"id":1828,"date":"2011-10-16T07:34:15","date_gmt":"2011-10-16T07:34:15","guid":{"rendered":"https:\/\/www.achimbrueckner.de\/dxradio\/php\/wordpress\/?p=1828"},"modified":"2011-10-16T07:34:15","modified_gmt":"2011-10-16T07:34:15","slug":"radio-auf-smartphones-und-tablets-%e2%80%9eda-schlummert-ein-riesen-marktpotenzial%e2%80%9c","status":"publish","type":"post","link":"https:\/\/www.achimbrueckner.de\/dxradio\/php\/wordpress\/?p=1828","title":{"rendered":"Radio auf Smartphones und Tablets: \u00e2\u20ac\u017eDa schlummert ein Riesen-Marktpotenzial\u00e2\u20ac\u0153"},"content":{"rendered":"<p>Radio auf Smartphones und Tablets: \u00e2\u20ac\u017eDa schlummert ein Riesen-Marktpotenzial\u00e2\u20ac\u0153<\/p>\n<p><a href=\"http:\/\/www.infosat.de\/Meldungen\/?msgID=65182\" target=\"_blank\">http:\/\/www.infosat.de\/Meldungen\/?msgID=65182<\/a><\/p>\n","protected":false},"excerpt":{"rendered":"<p>Radio auf Smartphones und Tablets: \u00e2\u20ac\u017eDa schlummert ein Riesen-Marktpotenzial\u00e2\u20ac\u0153 http:\/\/www.infosat.de\/Meldungen\/?msgID=65182<\/p>\n","protected":false},"author":1,"featured_media":0,"comment_status":"open","ping_status":"open","sticky":false,"template":"","format":"standard","meta":{"_jetpack_memberships_contains_paid_content":false,"footnotes":"","jetpack_publicize_message":"","jetpack_publicize_feature_enabled":true,"jetpack_social_post_already_shared":false,"jetpack_social_options":{"image_generator_settings":{"template":"highway","default_image_id":0,"font":"","enabled":false},"version":2}},"categories":[1],"tags":[],"class_list":["post-1828","post","type-post","status-publish","format-standard","hentry","category-deutsch"],"jetpack_publicize_connections":[],"jetpack_featured_media_url":"","jetpack_sharing_enabled":true,"jetpack_shortlink":"https:\/\/wp.me\/p5CDmr-tu","jetpack-related-posts":[{"id":1057,"url":"https:\/\/www.achimbrueckner.de\/dxradio\/php\/wordpress\/?p=1057","url_meta":{"origin":1828,"position":0},"title":"H\u00f6rertreffen Friedrichshafen","author":"Administrator","date":"June 21, 2010","format":false,"excerpt":"H\u00f6rertreffen am Rande der HAM RADIO in Friedrichshafen am 26.06.2010 Die auf der HAM RADIO anwesenden H\u00f6rer von KBS, Seoul und Radio HCJB, Quito, treffen sich am Abend des \u00e2\u20ac\u017eMesse-Samstags\u00e2\u20ac\u0153 (26.06.2010) ab 20.00 Uhr Ortszeit im Hotel Koenigsaecker Zeppelinstrasse 299 88048 Friedrichshafen-Fischbach gleich bei der Bushaltestelle \u00e2\u20ac\u017eHotel Mayer\u00e2\u20ac\u0153 in Friedrichshafen-Fischbach\u2026","rel":"","context":"In &quot;camps&quot;","block_context":{"text":"camps","link":"https:\/\/www.achimbrueckner.de\/dxradio\/php\/wordpress\/?cat=5"},"img":{"alt_text":"","src":"","width":0,"height":0},"classes":[]},{"id":1049,"url":"https:\/\/www.achimbrueckner.de\/dxradio\/php\/wordpress\/?p=1049","url_meta":{"origin":1828,"position":1},"title":"CRI H\u00f6rertreffen Berlin","author":"Administrator","date":"June 11, 2010","format":false,"excerpt":"Die Berliner Empfangsamateure und RHCI-Online laden zu einem CRI-H\u00f6rertreffen in Berlin ein Am 24. Juli 2010 findet in Berlin um 16.00 Uhr ein H\u00f6rertreffen von Radio ChinaInternational statt. Treffpunkt ist das China-Restaurant \u00e2\u20ac\u017eKing Do\u00e2\u20ac\u0153 in Berlin-Lankwitz. Hintergrund dieses Treffens ist das Jubil\u00e4um \u00e2\u20ac\u017e50 Jahre in Deutsch von Radio China International\u00e2\u20ac\u0153\u2026","rel":"","context":"In &quot;camps&quot;","block_context":{"text":"camps","link":"https:\/\/www.achimbrueckner.de\/dxradio\/php\/wordpress\/?cat=5"},"img":{"alt_text":"","src":"","width":0,"height":0},"classes":[]},{"id":3552,"url":"https:\/\/www.achimbrueckner.de\/dxradio\/php\/wordpress\/?p=3552","url_meta":{"origin":1828,"position":2},"title":"ALTERDINGS F\u00c4HRT AUF EINEM RIESEN-KARUSSELL MIT: ORF-Kurzwellensender Moosbrunn","author":"Administrator","date":"September 20, 2014","format":false,"excerpt":"http:\/\/neuerdings.com\/2014\/09\/19\/alterdings-fahrt-auf-einem-riesen-karusell-mit-orf-kurzwellensender-moosbrunn\/","rel":"","context":"In &quot;Deutsch&quot;","block_context":{"text":"Deutsch","link":"https:\/\/www.achimbrueckner.de\/dxradio\/php\/wordpress\/?cat=1"},"img":{"alt_text":"","src":"","width":0,"height":0},"classes":[]},{"id":1863,"url":"https:\/\/www.achimbrueckner.de\/dxradio\/php\/wordpress\/?p=1863","url_meta":{"origin":1828,"position":3},"title":"\u00e2\u20ac\u017eRadiofreunde NRW\u00e2\u20ac\u0153 &#8211; eine neue Interessengemeinschaft im Westen.","author":"Administrator","date":"October 28, 2011","format":false,"excerpt":"\u00e2\u20ac\u017eRadiofreunde NRW\u00e2\u20ac\u0153 - eine neue Interessengemeinschaft im Westen. Wer sind wir? Die RADIOFREUNDE NRW sind eine lose Gruppe von Kurzwellenh\u00f6rern, DXern und Rundfunkinteressierten. Unser Fokus liegt auf dem Empfang auf Lang-, Mittel- und Kurzwelle. Auch f\u00fcr andere Empfangsbereiche und Kommunikationswege sind wir offen und laden Interessierte ein, sich mit uns\u2026","rel":"","context":"In &quot;Deutsch&quot;","block_context":{"text":"Deutsch","link":"https:\/\/www.achimbrueckner.de\/dxradio\/php\/wordpress\/?cat=1"},"img":{"alt_text":"","src":"","width":0,"height":0},"classes":[]},{"id":18127,"url":"https:\/\/www.achimbrueckner.de\/dxradio\/php\/wordpress\/?p=18127","url_meta":{"origin":1828,"position":4},"title":"Morse-Know-How aus OE auf der Ham Radio 2018","author":"Administrator","date":"June 9, 2018","format":false,"excerpt":"https:\/\/www.hamspirit.de\/9461\/morse-know-how-aus-oe-auf-der-ham-radio-2018\/","rel":"","context":"In &quot;Deutsch&quot;","block_context":{"text":"Deutsch","link":"https:\/\/www.achimbrueckner.de\/dxradio\/php\/wordpress\/?cat=1"},"img":{"alt_text":"","src":"","width":0,"height":0},"classes":[]},{"id":1592,"url":"https:\/\/www.achimbrueckner.de\/dxradio\/php\/wordpress\/?p=1592","url_meta":{"origin":1828,"position":5},"title":"VPRT Radio-Workshop \u00e2\u20ac\u017eDer Webeffekt- Radio auf der \u00dcberholspur\u00e2\u20ac\u0153 am 8. Juni 2011 in Berlin","author":"Administrator","date":"June 9, 2011","format":false,"excerpt":"VPRT Radio-Workshop \u00e2\u20ac\u017eDer Webeffekt- Radio auf der \u00dcberholspur\u00e2\u20ac\u0153 am 8. Juni 2011 in Berlin http:\/\/live.vprt.aperto.de\/verband\/workshop-%E2%80%9Eder-webeffekt-radio-auf-der-%C3%9Cberholspur%E2%80%9C\/content\/vprt-radio-workshop-%E2%80%9Eder-webeffek?c=4","rel":"","context":"In &quot;Deutsch&quot;","block_context":{"text":"Deutsch","link":"https:\/\/www.achimbrueckner.de\/dxradio\/php\/wordpress\/?cat=1"},"img":{"alt_text":"","src":"","width":0,"height":0},"classes":[]}],"_links":{"self":[{"href":"https:\/\/www.achimbrueckner.de\/dxradio\/php\/wordpress\/index.php?rest_route=\/wp\/v2\/posts\/1828","targetHints":{"allow":["GET"]}}],"collection":[{"href":"https:\/\/www.achimbrueckner.de\/dxradio\/php\/wordpress\/index.php?rest_route=\/wp\/v2\/posts"}],"about":[{"href":"https:\/\/www.achimbrueckner.de\/dxradio\/php\/wordpress\/index.php?rest_route=\/wp\/v2\/types\/post"}],"author":[{"embeddable":true,"href":"https:\/\/www.achimbrueckner.de\/dxradio\/php\/wordpress\/index.php?rest_route=\/wp\/v2\/users\/1"}],"replies":[{"embeddable":true,"href":"https:\/\/www.achimbrueckner.de\/dxradio\/php\/wordpress\/index.php?rest_route=%2Fwp%2Fv2%2Fcomments&post=1828"}],"version-history":[{"count":0,"href":"https:\/\/www.achimbrueckner.de\/dxradio\/php\/wordpress\/index.php?rest_route=\/wp\/v2\/posts\/1828\/revisions"}],"wp:attachment":[{"href":"https:\/\/www.achimbrueckner.de\/dxradio\/php\/wordpress\/index.php?rest_route=%2Fwp%2Fv2%2Fmedia&parent=1828"}],"wp:term":[{"taxonomy":"category","embeddable":true,"href":"https:\/\/www.achimbrueckner.de\/dxradio\/php\/wordpress\/index.php?rest_route=%2Fwp%2Fv2%2Fcategories&post=1828"},{"taxonomy":"post_tag","embeddable":true,"href":"https:\/\/www.achimbrueckner.de\/dxradio\/php\/wordpress\/index.php?rest_route=%2Fwp%2Fv2%2Ftags&post=1828"}],"curies":[{"name":"wp","href":"https:\/\/api.w.org\/{rel}","templated":true}]}}